{"id":1450,"date":"2019-04-11T15:56:24","date_gmt":"2019-04-11T18:56:24","guid":{"rendered":"http:\/\/oasisfm935.com\/site\/?p=1450"},"modified":"2019-04-11T15:56:24","modified_gmt":"2019-04-11T18:56:24","slug":"mariano-fernandez-marcos-pena-no-se-acuerda-ni-donde-queda-la-pampa","status":"publish","type":"post","link":"https:\/\/oasisfm935.com.ar\/site\/mariano-fernandez-marcos-pena-no-se-acuerda-ni-donde-queda-la-pampa\/","title":{"rendered":"Mariano Fern\u00e1ndez: \u201cMarcos Pe\u00f1a no se acuerda ni d\u00f3nde queda La Pampa\u201d"},"content":{"rendered":"<p><strong>Mariano Fern\u00e1ndez<\/strong>, vicegobernador de La Pampa, sali\u00f3 al cruce de<strong>\u00a0Marcos Pe\u00f1a<\/strong>, jefe de Gabinete de la Naci\u00f3n, quien ayer dijo que Casa Rosada est\u00e1 realizando en nuestra provincia 55 obras por 5 mil millones de pesos.<\/p>\n<p>\u201cOtra vez el Gobierno Nacional se encarg\u00f3 de menospreciar a todos los pampeanos\u201d, lanz\u00f3 Fern\u00e1ndez. \u201cParece que es condici\u00f3n, para ser funcionario del PRO, la improvisaci\u00f3n. El jefe de Gabinete, Marcos Pe\u00f1a, demostr\u00f3 lo que le interesamos como provincia, no solo por las imprecisiones que desnuda su lectura titubeante en la C\u00e1mara de Diputados de la Naci\u00f3n, sino adem\u00e1s, por dejar confirmada una mirada centralista a partir de su gesto despectivo hacia el interior. La informaci\u00f3n es tan imprecisa que hasta se hace dif\u00edcil corregirla. Est\u00e1 todo mal. Y como nuestro Gobierno Provincial s\u00ed se ocupa, lo que pasa en La Pampa lo sabemos perfectamente los pampeanos\u201d, dijo.\u00a0\u201c<strong>Marcos Pe\u00f1a no se acuerda ni d\u00f3nde queda La Pampa<\/strong>\u201d, agreg\u00f3.<\/p>\n<p>\u201cA modo de ejemplo, podemos decir que la Provincia tuvo que hacerse cargo de un alteo -con fondos propios- sobre una ruta nacional que todav\u00eda podr\u00eda seguir inundada -Bajo Giuliani-. Tambi\u00e9n estamos esperando la construcci\u00f3n de los jardines que prometi\u00f3 Macri en su visita a La Pampa de hace m\u00e1s de dos a\u00f1os; y aqu\u00ed es bueno recordar que nuestra provincia quintuplica en porcentaje los recursos nacionales para ofrecer la mejor calidad educativa. Esto es solo por enumerar algunas cosas vinculadas a los temas que el jefe de Gabinete expuso. Pe\u00f1a no se acuerda ni d\u00f3nde queda La Pampa. Y nosotros avanzamos, a\u00fan con la piedra en el zapato que representa el desprecio nacional y con la reducci\u00f3n sistem\u00e1tica de recursos, a nivel porcentual, que sufrimos a\u00f1o a a\u00f1o. Adem\u00e1s, claramente el Pacto Fiscal no se firm\u00f3 porque hubiera representado hacernos funcionales a la miseria que el Gobierno Nacional impone a todos lo argentinos. Si hubi\u00e9semos cedido a las presiones para tener la relaci\u00f3n que a Pe\u00f1a le gustar\u00eda, los pampeanos estar\u00edamos pagando las consecuencias de la inoperancia de Macri\u201d, finaliz\u00f3.<\/p>\n<div class=\"oasis-despues-del-contenido\" id=\"oasis-2781541968\"><img loading=\"lazy\" decoding=\"async\" src=\"https:\/\/oasisfm935.com.ar\/site\/wp-content\/uploads\/2020\/08\/47806202-8741-49f2-a5c9-d2f930e5baa1.jpg\" alt=\"\"  srcset=\"https:\/\/oasisfm935.com.ar\/site\/wp-content\/uploads\/2020\/08\/47806202-8741-49f2-a5c9-d2f930e5baa1.jpg 1080w, https:\/\/oasisfm935.com.ar\/site\/wp-content\/uploads\/2020\/08\/47806202-8741-49f2-a5c9-d2f930e5baa1-300x300.jpg 300w, https:\/\/oasisfm935.com.ar\/site\/wp-content\/uploads\/2020\/08\/47806202-8741-49f2-a5c9-d2f930e5baa1-1024x1024.jpg 1024w, https:\/\/oasisfm935.com.ar\/site\/wp-content\/uploads\/2020\/08\/47806202-8741-49f2-a5c9-d2f930e5baa1-150x150.jpg 150w, https:\/\/oasisfm935.com.ar\/site\/wp-content\/uploads\/2020\/08\/47806202-8741-49f2-a5c9-d2f930e5baa1-768x768.jpg 768w\" sizes=\"(max-width: 1080px) 100vw, 1080px\" class=\"no-lazyload\" width=\"1080\" height=\"1080\"  style=\"display: inline-block;\" \/><\/div>","protected":false},"excerpt":{"rendered":"<p>Mariano Fern\u00e1ndez, vicegobernador de La Pampa, sali\u00f3 al cruce de\u00a0Marcos Pe\u00f1a, jefe de Gabinete de la Naci\u00f3n, quien ayer dijo que Casa<\/p>\n","protected":false},"author":4,"featured_media":1451,"comment_status":"closed","ping_status":"open","sticky":false,"template":"","format":"standard","meta":{"colormag_page_layout":"default_layout","footnotes":""},"categories":[2],"tags":[],"class_list":["post-1450","post","type-post","status-publish","format-standard","has-post-thumbnail","hentry","category-noticias"],"_links":{"self":[{"href":"https:\/\/oasisfm935.com.ar\/site\/wp-json\/wp\/v2\/posts\/1450","targetHints":{"allow":["GET"]}}],"collection":[{"href":"https:\/\/oasisfm935.com.ar\/site\/wp-json\/wp\/v2\/posts"}],"about":[{"href":"https:\/\/oasisfm935.com.ar\/site\/wp-json\/wp\/v2\/types\/post"}],"author":[{"embeddable":true,"href":"https:\/\/oasisfm935.com.ar\/site\/wp-json\/wp\/v2\/users\/4"}],"replies":[{"embeddable":true,"href":"https:\/\/oasisfm935.com.ar\/site\/wp-json\/wp\/v2\/comments?post=1450"}],"version-history":[{"count":1,"href":"https:\/\/oasisfm935.com.ar\/site\/wp-json\/wp\/v2\/posts\/1450\/revisions"}],"predecessor-version":[{"id":1452,"href":"https:\/\/oasisfm935.com.ar\/site\/wp-json\/wp\/v2\/posts\/1450\/revisions\/1452"}],"wp:featuredmedia":[{"embeddable":true,"href":"https:\/\/oasisfm935.com.ar\/site\/wp-json\/wp\/v2\/media\/1451"}],"wp:attachment":[{"href":"https:\/\/oasisfm935.com.ar\/site\/wp-json\/wp\/v2\/media?parent=1450"}],"wp:term":[{"taxonomy":"category","embeddable":true,"href":"https:\/\/oasisfm935.com.ar\/site\/wp-json\/wp\/v2\/categories?post=1450"},{"taxonomy":"post_tag","embeddable":true,"href":"https:\/\/oasisfm935.com.ar\/site\/wp-json\/wp\/v2\/tags?post=1450"}],"curies":[{"name":"wp","href":"https:\/\/api.w.org\/{rel}","templated":true}]}}