{"id":1462,"date":"2019-04-12T08:55:28","date_gmt":"2019-04-12T11:55:28","guid":{"rendered":"http:\/\/oasisfm935.com\/site\/?p=1462"},"modified":"2019-04-12T08:55:28","modified_gmt":"2019-04-12T11:55:28","slug":"el-frente-justicialista-pampeano-presento-su-plataforma-electoral-en-caleufu","status":"publish","type":"post","link":"https:\/\/oasisfm935.com.ar\/site\/el-frente-justicialista-pampeano-presento-su-plataforma-electoral-en-caleufu\/","title":{"rendered":"El Frente Justicialista Pampeano present\u00f3 su plataforma electoral en Caleuf\u00fa"},"content":{"rendered":"<p>Junto al candidato a intendente Oscar Baras, el Frente Justicialista Pampeano present\u00f3 su plataforma electoral en las instalaciones de la Casa de la Cultura de Caleuf\u00fa. Entre las m\u00e1ximas autoridades provinciales, se destac\u00f3 al presencia del vicegobernador y postulante, Mariano Fern\u00e1ndez.<\/p>\n<p>Dicho acto formal tuvo lugar este \u00faltimo mi\u00e9rcoles, con la presencia adem\u00e1s de los candidatos a concejales que conforman la lista de Baras. Tambi\u00e9n acompa\u00f1aron en este acto, el diputado Facundo Sola, la directora de Asuntos Municipales y candidata a diputada provincial, Silvia Larreta, el intendente de Toay y candidato a diputado, Ariel Rojas y el diputado Jos\u00e9 Gonzales.<\/p>\n<p>All\u00ed, en primer lugar, el vicegobernador de la provincia de La Pampa, Mariano Fern\u00e1ndez, destac\u00f3 que los ejes fundamentales para avanzar en el desarrollo integral, arm\u00f3nico y sustentable de la provincia, son trabajo, educaci\u00f3n y vivienda.<\/p>\n<p>Posteriormente, Oscar Baras destac\u00f3 que \u2018estamos contentos por sentirnos tan acompa\u00f1ados en estos momentos cruciales para una campa\u00f1a electoral, en la cual yo he decidido presentarme en una nueva contienda electoral con el objetivo de continuar el proyecto que comenzamos all\u00e1 por el a\u00f1o 2011, y que creo que todo este tiempo me ha dado la experiencia y la capacidad para poder seguirlo\u2018.<a href=\"http:\/\/oasisfm935.com\/site\/wp-content\/uploads\/2019\/04\/57409206_2281812375478459_3168409533311614976_o.jpg\"><img loading=\"lazy\" decoding=\"async\" class=\"alignnone size-full wp-image-1465\" src=\"http:\/\/oasisfm935.com\/site\/wp-content\/uploads\/2019\/04\/57409206_2281812375478459_3168409533311614976_o.jpg\" alt=\"\" width=\"1887\" height=\"1335\" srcset=\"https:\/\/oasisfm935.com.ar\/site\/wp-content\/uploads\/2019\/04\/57409206_2281812375478459_3168409533311614976_o.jpg 1887w, https:\/\/oasisfm935.com.ar\/site\/wp-content\/uploads\/2019\/04\/57409206_2281812375478459_3168409533311614976_o-300x212.jpg 300w, https:\/\/oasisfm935.com.ar\/site\/wp-content\/uploads\/2019\/04\/57409206_2281812375478459_3168409533311614976_o-768x543.jpg 768w, https:\/\/oasisfm935.com.ar\/site\/wp-content\/uploads\/2019\/04\/57409206_2281812375478459_3168409533311614976_o-1024x724.jpg 1024w\" sizes=\"auto, (max-width: 1887px) 100vw, 1887px\" \/><\/a><\/p>\n<p>&nbsp;<\/p>\n<p>Al mismo tiempo, el candidato a\u00f1adi\u00f3 que \u201chemos recorrido un largo camino de trabajo constante, en la b\u00fasqueda de un sue\u00f1o que poco a poco fue haci\u00e9ndose realidad. Podemos decir con humildad que refundamos Caleuf\u00fa, con obras de gran magnitud y con acciones concretas en las diferentes \u00e1reas\u201d, sostuvo.<\/p>\n<p>\u201cSiempre buscamos conformar un espacio en el que podamos convivir todos aquellos que tenemos una clara l\u00ednea de pensamiento a favor de los laburantes, de los necesitados, a favor de todos aquellos sectores que est\u00e1n postergados. \u00c9sta b\u00fasqueda de la reelecci\u00f3n significa mayor compromiso y responsabilidad\u201d, deslind\u00f3 Baras.<\/p>\n<p>El postulante se\u00f1al\u00f3 en su discurso que \u201csi hacemos un balance social y medimos el impacto total de una obra p\u00fablica, incluyendo el evaluar c\u00f3mo cambia la vida de los vecinos de la zona, nos dar\u00edamos cuenta cu\u00e1nto hemos crecido, cu\u00e1ntos logros pudimos concretar entre cuadras de asfalto y cordones cuneta, pavimentaci\u00f3n del acceso Oscar Mario Jorge, construcci\u00f3n del SUM, remodelaci\u00f3n del Caleuf\u00fa F\u00fatbol Club, la Casa del Bicentenario, entre otras\u201d, afirm\u00f3.<\/p>\n<p>\u201cPrefiero pensar que he acumulado experiencia y que todav\u00eda me quedan a\u00f1os para continuar aportando lo mejor de m\u00ed al partido y al pueblo. As\u00ed como en 2011, una idea y un proyecto fueron los que triunfaron, as\u00ed estoy convencido de que el 19 de mayo ratificar\u00e1n con el voto este proyecto pol\u00edtico serio que permiti\u00f3 el crecimiento de Caleuf\u00fa\u201d, reafirm\u00f3.<\/p>\n<p><strong>Trabajo y militancia<\/strong><\/p>\n<p>En este contexto que mencion\u00f3 Baras de trabajo continuo desde a\u00f1os anteriores, solicit\u00f3 de cara a las nuevas elecciones que \u201cvoy a pedir a mi equipo de trabajo y concejales convicci\u00f3n, trabajo y militancia para aportar nuestro granito de arena, para salir todos juntos de esta situaci\u00f3n lamentable que el gobierno nacional nos impone, donde solo nos habla de ajuste y m\u00e1s ajuste\u201d.<\/p>\n<p>A\u00f1adi\u00f3 \u201cayudemos al se\u00f1or gobernador Carlos Verna y al vicegobernador Mariano Fern\u00e1ndez, al candidato a gobernador Sergio Ziliotto y a los compa\u00f1eros diputados para darles a los pampeanos la conducci\u00f3n del gobierno que se merecen: un gobierno que trabaje para mejorar la calidad de vida de todos los pampeanos\u201d, consider\u00f3.<\/p>\n<p>\u201cEstoy muy contento por haber recibido a los candidatos a vicegobernador y tambi\u00e9n a diputados, porque pudimos conversar con toda nuestra gente sobre las propuestas a nivel local y tambi\u00e9n a nivel provincial seg\u00fan lo expresaron\u201d, dijo.<a href=\"http:\/\/oasisfm935.com\/site\/wp-content\/uploads\/2019\/04\/56963273_2281812315478465_2064900124206694400_o.jpg\"><img loading=\"lazy\" decoding=\"async\" class=\"alignnone size-full wp-image-1464\" src=\"http:\/\/oasisfm935.com\/site\/wp-content\/uploads\/2019\/04\/56963273_2281812315478465_2064900124206694400_o.jpg\" alt=\"\" width=\"2048\" height=\"1447\" srcset=\"https:\/\/oasisfm935.com.ar\/site\/wp-content\/uploads\/2019\/04\/56963273_2281812315478465_2064900124206694400_o.jpg 2048w, https:\/\/oasisfm935.com.ar\/site\/wp-content\/uploads\/2019\/04\/56963273_2281812315478465_2064900124206694400_o-300x212.jpg 300w, https:\/\/oasisfm935.com.ar\/site\/wp-content\/uploads\/2019\/04\/56963273_2281812315478465_2064900124206694400_o-768x543.jpg 768w, https:\/\/oasisfm935.com.ar\/site\/wp-content\/uploads\/2019\/04\/56963273_2281812315478465_2064900124206694400_o-1024x724.jpg 1024w\" sizes=\"auto, (max-width: 2048px) 100vw, 2048px\" \/><\/a><\/p>\n<p>Por \u00faltimo, habl\u00f3 del pilar fundamental de la plataforma local. \u201cest\u00e1 basado en un fuerte equipo de trabajo, en gente comprometida con la gesti\u00f3n, en gente que se pone la camiseta. Es por eso que hemos logrado lo que se logr\u00f3 y los resultados est\u00e1n a la vista; obras de gran envergadura que han cambiado la fisionom\u00eda de nuestro pueblo\u201d, ejemplific\u00f3. Y sigui\u00f3 \u201cestamos convencidos de que una persona sola no logra estas cosas, si no es con un fuerte equipo de trabajo. As\u00ed que por eso quiero agradecer a todos los empleados municipales, al equipo de trabajo, a toda la gente, que interpreta cu\u00e1l es nuestro objetivo y quiere mejorar cada d\u00eda, el bienestar de cada uno de los habitantes de nuestro pueblo. Seguiremos trabajando como lo hemos hecho y lo venimos haciendo desde hace casi 8 a\u00f1os de gesti\u00f3n\u2018, puntualiz\u00f3.<\/p>\n<div class=\"oasis-despues-del-contenido\" id=\"oasis-678703247\"><img loading=\"lazy\" decoding=\"async\" src=\"https:\/\/oasisfm935.com.ar\/site\/wp-content\/uploads\/2020\/08\/47806202-8741-49f2-a5c9-d2f930e5baa1.jpg\" alt=\"\"  srcset=\"https:\/\/oasisfm935.com.ar\/site\/wp-content\/uploads\/2020\/08\/47806202-8741-49f2-a5c9-d2f930e5baa1.jpg 1080w, https:\/\/oasisfm935.com.ar\/site\/wp-content\/uploads\/2020\/08\/47806202-8741-49f2-a5c9-d2f930e5baa1-300x300.jpg 300w, https:\/\/oasisfm935.com.ar\/site\/wp-content\/uploads\/2020\/08\/47806202-8741-49f2-a5c9-d2f930e5baa1-1024x1024.jpg 1024w, https:\/\/oasisfm935.com.ar\/site\/wp-content\/uploads\/2020\/08\/47806202-8741-49f2-a5c9-d2f930e5baa1-150x150.jpg 150w, https:\/\/oasisfm935.com.ar\/site\/wp-content\/uploads\/2020\/08\/47806202-8741-49f2-a5c9-d2f930e5baa1-768x768.jpg 768w\" sizes=\"(max-width: 1080px) 100vw, 1080px\" class=\"no-lazyload\" width=\"1080\" height=\"1080\"  style=\"display: inline-block;\" \/><\/div>","protected":false},"excerpt":{"rendered":"<p>Junto al candidato a intendente Oscar Baras, el Frente Justicialista Pampeano present\u00f3 su plataforma electoral en las instalaciones de la Casa de<\/p>\n","protected":false},"author":4,"featured_media":1463,"comment_status":"closed","ping_status":"open","sticky":false,"template":"","format":"standard","meta":{"colormag_page_layout":"default_layout","footnotes":""},"categories":[2],"tags":[],"class_list":["post-1462","post","type-post","status-publish","format-standard","has-post-thumbnail","hentry","category-noticias"],"_links":{"self":[{"href":"https:\/\/oasisfm935.com.ar\/site\/wp-json\/wp\/v2\/posts\/1462","targetHints":{"allow":["GET"]}}],"collection":[{"href":"https:\/\/oasisfm935.com.ar\/site\/wp-json\/wp\/v2\/posts"}],"about":[{"href":"https:\/\/oasisfm935.com.ar\/site\/wp-json\/wp\/v2\/types\/post"}],"author":[{"embeddable":true,"href":"https:\/\/oasisfm935.com.ar\/site\/wp-json\/wp\/v2\/users\/4"}],"replies":[{"embeddable":true,"href":"https:\/\/oasisfm935.com.ar\/site\/wp-json\/wp\/v2\/comments?post=1462"}],"version-history":[{"count":1,"href":"https:\/\/oasisfm935.com.ar\/site\/wp-json\/wp\/v2\/posts\/1462\/revisions"}],"predecessor-version":[{"id":1466,"href":"https:\/\/oasisfm935.com.ar\/site\/wp-json\/wp\/v2\/posts\/1462\/revisions\/1466"}],"wp:featuredmedia":[{"embeddable":true,"href":"https:\/\/oasisfm935.com.ar\/site\/wp-json\/wp\/v2\/media\/1463"}],"wp:attachment":[{"href":"https:\/\/oasisfm935.com.ar\/site\/wp-json\/wp\/v2\/media?parent=1462"}],"wp:term":[{"taxonomy":"category","embeddable":true,"href":"https:\/\/oasisfm935.com.ar\/site\/wp-json\/wp\/v2\/categories?post=1462"},{"taxonomy":"post_tag","embeddable":true,"href":"https:\/\/oasisfm935.com.ar\/site\/wp-json\/wp\/v2\/tags?post=1462"}],"curies":[{"name":"wp","href":"https:\/\/api.w.org\/{rel}","templated":true}]}}