{"id":1467,"date":"2019-04-12T10:25:16","date_gmt":"2019-04-12T13:25:16","guid":{"rendered":"http:\/\/oasisfm935.com\/site\/?p=1467"},"modified":"2019-04-12T10:25:33","modified_gmt":"2019-04-12T13:25:33","slug":"realico-una-alumna-fue-agredida-por-companeras-y-el-video-se-viralizo","status":"publish","type":"post","link":"https:\/\/oasisfm935.com.ar\/site\/realico-una-alumna-fue-agredida-por-companeras-y-el-video-se-viralizo\/","title":{"rendered":"Realic\u00f3: una alumna fue agredida por compa\u00f1eras y el video se viraliz\u00f3"},"content":{"rendered":"<p>Una alumna de un colegio secundario de Realic\u00f3 fue\u00a0<strong>acosada y agredida por sus propias compa\u00f1eras<\/strong>, que incluso\u00a0<strong>filmaron el ataque con un tel\u00e9fono celular<\/strong>. Las im\u00e1genes se viralizaron y hoy recorren todas las redes sociales en La Pampa.<\/p>\n<p>El caso de\u00a0<strong>bullying<\/strong>, que incluso alarm\u00f3 a las autoridades del Ministerio de Educaci\u00f3n, ocurri\u00f3 en la esquina de avenida Mullally y Primera Junta, en pleno centro de Realic\u00f3.<\/p>\n<p>En el video se puede observar que un grupo de media docena de chicas agrede a otra compa\u00f1era.<strong>\u00a0Se burlan de su aspecto f\u00edsico y le manifiestan que el acoso es porque se hace \u201cla viva con otro novio\u201d<\/strong>.<\/p>\n<p>Posteriormente<strong>\u00a0una de las estudiantes propone cortarle el pelo y pide una tijera<\/strong>. La v\u00edctima se niega, pero una de sus compa\u00f1eras<strong>\u00a0le termina cortando el pelo<\/strong>. Las otras alumnas r\u00eden. La v\u00edctima, en tanto, se queda inm\u00f3vil soportando el acoso de sus compa\u00f1eras.<\/p>\n<p>La situaci\u00f3n gener\u00f3 un amplio repudio y\u00a0<strong>el pedido para que las autoridades educativas y las familias implementen medidas para prevenir el acoso escolar.<\/strong><\/p>\n<p>&nbsp;<\/p>\n<p>Diario Textual<\/p>\n<div class=\"oasis-despues-del-contenido\" id=\"oasis-1341767792\"><img loading=\"lazy\" decoding=\"async\" src=\"https:\/\/oasisfm935.com.ar\/site\/wp-content\/uploads\/2020\/08\/47806202-8741-49f2-a5c9-d2f930e5baa1.jpg\" alt=\"\"  srcset=\"https:\/\/oasisfm935.com.ar\/site\/wp-content\/uploads\/2020\/08\/47806202-8741-49f2-a5c9-d2f930e5baa1.jpg 1080w, https:\/\/oasisfm935.com.ar\/site\/wp-content\/uploads\/2020\/08\/47806202-8741-49f2-a5c9-d2f930e5baa1-300x300.jpg 300w, https:\/\/oasisfm935.com.ar\/site\/wp-content\/uploads\/2020\/08\/47806202-8741-49f2-a5c9-d2f930e5baa1-1024x1024.jpg 1024w, https:\/\/oasisfm935.com.ar\/site\/wp-content\/uploads\/2020\/08\/47806202-8741-49f2-a5c9-d2f930e5baa1-150x150.jpg 150w, https:\/\/oasisfm935.com.ar\/site\/wp-content\/uploads\/2020\/08\/47806202-8741-49f2-a5c9-d2f930e5baa1-768x768.jpg 768w\" sizes=\"(max-width: 1080px) 100vw, 1080px\" class=\"no-lazyload\" width=\"1080\" height=\"1080\"  style=\"display: inline-block;\" \/><\/div>","protected":false},"excerpt":{"rendered":"<p>Una alumna de un colegio secundario de Realic\u00f3 fue\u00a0acosada y agredida por sus propias compa\u00f1eras, que incluso\u00a0filmaron el ataque con un tel\u00e9fono<\/p>\n","protected":false},"author":4,"featured_media":1468,"comment_status":"closed","ping_status":"open","sticky":false,"template":"","format":"standard","meta":{"colormag_page_layout":"default_layout","footnotes":""},"categories":[2],"tags":[],"class_list":["post-1467","post","type-post","status-publish","format-standard","has-post-thumbnail","hentry","category-noticias"],"_links":{"self":[{"href":"https:\/\/oasisfm935.com.ar\/site\/wp-json\/wp\/v2\/posts\/1467","targetHints":{"allow":["GET"]}}],"collection":[{"href":"https:\/\/oasisfm935.com.ar\/site\/wp-json\/wp\/v2\/posts"}],"about":[{"href":"https:\/\/oasisfm935.com.ar\/site\/wp-json\/wp\/v2\/types\/post"}],"author":[{"embeddable":true,"href":"https:\/\/oasisfm935.com.ar\/site\/wp-json\/wp\/v2\/users\/4"}],"replies":[{"embeddable":true,"href":"https:\/\/oasisfm935.com.ar\/site\/wp-json\/wp\/v2\/comments?post=1467"}],"version-history":[{"count":2,"href":"https:\/\/oasisfm935.com.ar\/site\/wp-json\/wp\/v2\/posts\/1467\/revisions"}],"predecessor-version":[{"id":1470,"href":"https:\/\/oasisfm935.com.ar\/site\/wp-json\/wp\/v2\/posts\/1467\/revisions\/1470"}],"wp:featuredmedia":[{"embeddable":true,"href":"https:\/\/oasisfm935.com.ar\/site\/wp-json\/wp\/v2\/media\/1468"}],"wp:attachment":[{"href":"https:\/\/oasisfm935.com.ar\/site\/wp-json\/wp\/v2\/media?parent=1467"}],"wp:term":[{"taxonomy":"category","embeddable":true,"href":"https:\/\/oasisfm935.com.ar\/site\/wp-json\/wp\/v2\/categories?post=1467"},{"taxonomy":"post_tag","embeddable":true,"href":"https:\/\/oasisfm935.com.ar\/site\/wp-json\/wp\/v2\/tags?post=1467"}],"curies":[{"name":"wp","href":"https:\/\/api.w.org\/{rel}","templated":true}]}}