{"id":1483,"date":"2019-04-13T19:11:59","date_gmt":"2019-04-13T22:11:59","guid":{"rendered":"http:\/\/oasisfm935.com\/site\/?p=1483"},"modified":"2019-04-13T19:11:59","modified_gmt":"2019-04-13T22:11:59","slug":"el-sincericidio-de-kroneberger-sobre-su-campana-en-la-pampa-macri-podria-restar-votos","status":"publish","type":"post","link":"https:\/\/oasisfm935.com.ar\/site\/el-sincericidio-de-kroneberger-sobre-su-campana-en-la-pampa-macri-podria-restar-votos\/","title":{"rendered":"El sincericidio de Kroneberger sobre su campa\u00f1a en La Pampa: \u00abMacri podr\u00eda restar votos\u00bb"},"content":{"rendered":"<h2 class=\"preview\">El candidato admiti\u00f3 que la mala imagen del presidente puede resultar un problema para su campa\u00f1a.<\/h2>\n<p>&nbsp;<\/p>\n<p>El candidato a gobernador de Cambiemos en\u00a0<a class=\"agrupador\" href=\"http:\/\/www.eldestapeweb.com\/la-pampa-a1962\" rel=\"1962\">La Pampa<\/a>,<strong>\u00a0Daniel Kroneberger<\/strong>, admiti\u00f3 que la ca\u00edda de la imagen del presidente,<strong>\u00a0Mauricio Macri,<\/strong>\u00a0puede afectar su campa\u00f1a y la posible elecci\u00f3n en la provincia ya que le puede<strong>\u00a0\u201crestar votos\u201d.<\/strong><\/p>\n<p>En una entrevista con el portal\u00a0<strong>La Arena<\/strong>, el dirigente de Cambiemos justific\u00f3 el desdoblamiento de las elecciones al explicar que<strong>\u00a0\u201cfue para debatir un proyecto de provincia y que no se vea desdibujado con una discusi\u00f3n nacional, porque el 19 de mayo no se eligen cargos nacionales\u201d<\/strong>.<\/p>\n<p>En tanto, admiti\u00f3 que la mala imagen de Macri es un problema para su campa\u00f1a y a la hora de ganar votos:\u00a0<strong>\u201cPuede llegar a afectar y restar votos\u201d.<\/strong><\/p>\n<p>No obstante, advirti\u00f3 que \u201c<strong>al ser una elecci\u00f3n desdoblada el pampeano privilegiar\u00e1 la elecci\u00f3n de los candidatos locales y provinciales.<\/strong>\u00a0Si nos ponemos a analizar los datos de la realidad, las consecuencias no son producto de un modelo de los \u00faltimos tres a\u00f1os, es consecuencia de un modelo de hace muchos a\u00f1os\u201d.<\/p>\n<p>\u201cEn los \u00faltimos 10 a\u00f1os hubo otros presidentes de otros colores pol\u00edticos. Lo que nos pasa a nosotros no es consecuencias de los \u00faltimos problemas del gobierno nacional\u201d, argument\u00f3.<\/p>\n<div class=\"oasis-despues-del-contenido\" id=\"oasis-1666551889\"><img loading=\"lazy\" decoding=\"async\" src=\"https:\/\/oasisfm935.com.ar\/site\/wp-content\/uploads\/2020\/08\/47806202-8741-49f2-a5c9-d2f930e5baa1.jpg\" alt=\"\"  srcset=\"https:\/\/oasisfm935.com.ar\/site\/wp-content\/uploads\/2020\/08\/47806202-8741-49f2-a5c9-d2f930e5baa1.jpg 1080w, https:\/\/oasisfm935.com.ar\/site\/wp-content\/uploads\/2020\/08\/47806202-8741-49f2-a5c9-d2f930e5baa1-300x300.jpg 300w, https:\/\/oasisfm935.com.ar\/site\/wp-content\/uploads\/2020\/08\/47806202-8741-49f2-a5c9-d2f930e5baa1-1024x1024.jpg 1024w, https:\/\/oasisfm935.com.ar\/site\/wp-content\/uploads\/2020\/08\/47806202-8741-49f2-a5c9-d2f930e5baa1-150x150.jpg 150w, https:\/\/oasisfm935.com.ar\/site\/wp-content\/uploads\/2020\/08\/47806202-8741-49f2-a5c9-d2f930e5baa1-768x768.jpg 768w\" sizes=\"(max-width: 1080px) 100vw, 1080px\" class=\"no-lazyload\" width=\"1080\" height=\"1080\"  style=\"display: inline-block;\" \/><\/div>","protected":false},"excerpt":{"rendered":"<p>El candidato admiti\u00f3 que la mala imagen del presidente puede resultar un problema para su campa\u00f1a. &nbsp; El candidato a gobernador de<\/p>\n","protected":false},"author":4,"featured_media":1484,"comment_status":"closed","ping_status":"open","sticky":false,"template":"","format":"standard","meta":{"colormag_page_layout":"default_layout","footnotes":""},"categories":[2],"tags":[],"class_list":["post-1483","post","type-post","status-publish","format-standard","has-post-thumbnail","hentry","category-noticias"],"_links":{"self":[{"href":"https:\/\/oasisfm935.com.ar\/site\/wp-json\/wp\/v2\/posts\/1483","targetHints":{"allow":["GET"]}}],"collection":[{"href":"https:\/\/oasisfm935.com.ar\/site\/wp-json\/wp\/v2\/posts"}],"about":[{"href":"https:\/\/oasisfm935.com.ar\/site\/wp-json\/wp\/v2\/types\/post"}],"author":[{"embeddable":true,"href":"https:\/\/oasisfm935.com.ar\/site\/wp-json\/wp\/v2\/users\/4"}],"replies":[{"embeddable":true,"href":"https:\/\/oasisfm935.com.ar\/site\/wp-json\/wp\/v2\/comments?post=1483"}],"version-history":[{"count":1,"href":"https:\/\/oasisfm935.com.ar\/site\/wp-json\/wp\/v2\/posts\/1483\/revisions"}],"predecessor-version":[{"id":1485,"href":"https:\/\/oasisfm935.com.ar\/site\/wp-json\/wp\/v2\/posts\/1483\/revisions\/1485"}],"wp:featuredmedia":[{"embeddable":true,"href":"https:\/\/oasisfm935.com.ar\/site\/wp-json\/wp\/v2\/media\/1484"}],"wp:attachment":[{"href":"https:\/\/oasisfm935.com.ar\/site\/wp-json\/wp\/v2\/media?parent=1483"}],"wp:term":[{"taxonomy":"category","embeddable":true,"href":"https:\/\/oasisfm935.com.ar\/site\/wp-json\/wp\/v2\/categories?post=1483"},{"taxonomy":"post_tag","embeddable":true,"href":"https:\/\/oasisfm935.com.ar\/site\/wp-json\/wp\/v2\/tags?post=1483"}],"curies":[{"name":"wp","href":"https:\/\/api.w.org\/{rel}","templated":true}]}}