{"id":1496,"date":"2019-04-15T13:15:19","date_gmt":"2019-04-15T16:15:19","guid":{"rendered":"http:\/\/oasisfm935.com\/site\/?p=1496"},"modified":"2019-04-15T13:15:19","modified_gmt":"2019-04-15T16:15:19","slug":"macri-admitio-que-la-inflacion-de-marzo-tendra-un-pico","status":"publish","type":"post","link":"https:\/\/oasisfm935.com.ar\/site\/macri-admitio-que-la-inflacion-de-marzo-tendra-un-pico\/","title":{"rendered":"Macri admiti\u00f3 que la inflaci\u00f3n de marzo \u201ctendr\u00e1 un pico\u201d"},"content":{"rendered":"<p>El presidente Mauricio Macri\u00a0adelant\u00f3 hoy que la inflaci\u00f3n de marzo mostrar\u00e1 un \u201cpico\u201d que podr\u00eda estar por encima del cuatro por ciento.\u00a0<strong>\u201cA partir de este pico que tendremos en marzo, esperamos avanzar paso a paso para erradicarla y llegar a una inflaci\u00f3n de un d\u00edgito\u201d<\/strong>, se esperanz\u00f3.<\/p>\n<p>El presidente pronunci\u00f3 un discurso en la inauguraci\u00f3n del nuevo edificio de la empresa Accenture, en el barrio de Parque Patricios junto al jefe de Gobierno porte\u00f1o, Horacio Rodr\u00edguez Larreta.<\/p>\n<p>Dijo que \u201ccuesta m\u00e1s salir de una inflaci\u00f3n de 80 a\u00f1os\u201d y asumi\u00f3 que no era \u201ctan f\u00e1cil\u201d como pensaban.<\/p>\n<p>\u201cNo es tan f\u00e1cil como preve\u00edamos, hay comportamientos culturales que cuestan erradicar, pero hemos empezado a vivir lo que corresponde: no vivir de prestado, no gastar m\u00e1s de lo que se tiene\u201d, agreg\u00f3.<\/p>\n<div class=\"oasis-despues-del-contenido\" id=\"oasis-563967119\"><img loading=\"lazy\" decoding=\"async\" src=\"https:\/\/oasisfm935.com.ar\/site\/wp-content\/uploads\/2020\/08\/47806202-8741-49f2-a5c9-d2f930e5baa1.jpg\" alt=\"\"  srcset=\"https:\/\/oasisfm935.com.ar\/site\/wp-content\/uploads\/2020\/08\/47806202-8741-49f2-a5c9-d2f930e5baa1.jpg 1080w, https:\/\/oasisfm935.com.ar\/site\/wp-content\/uploads\/2020\/08\/47806202-8741-49f2-a5c9-d2f930e5baa1-300x300.jpg 300w, https:\/\/oasisfm935.com.ar\/site\/wp-content\/uploads\/2020\/08\/47806202-8741-49f2-a5c9-d2f930e5baa1-1024x1024.jpg 1024w, https:\/\/oasisfm935.com.ar\/site\/wp-content\/uploads\/2020\/08\/47806202-8741-49f2-a5c9-d2f930e5baa1-150x150.jpg 150w, https:\/\/oasisfm935.com.ar\/site\/wp-content\/uploads\/2020\/08\/47806202-8741-49f2-a5c9-d2f930e5baa1-768x768.jpg 768w\" sizes=\"(max-width: 1080px) 100vw, 1080px\" class=\"no-lazyload\" width=\"1080\" height=\"1080\"  style=\"display: inline-block;\" \/><\/div>","protected":false},"excerpt":{"rendered":"<p>El presidente Mauricio Macri\u00a0adelant\u00f3 hoy que la inflaci\u00f3n de marzo mostrar\u00e1 un \u201cpico\u201d que podr\u00eda estar por encima del cuatro por ciento.\u00a0\u201cA<\/p>\n","protected":false},"author":4,"featured_media":858,"comment_status":"closed","ping_status":"open","sticky":false,"template":"","format":"standard","meta":{"colormag_page_layout":"default_layout","footnotes":""},"categories":[2],"tags":[],"class_list":["post-1496","post","type-post","status-publish","format-standard","has-post-thumbnail","hentry","category-noticias"],"_links":{"self":[{"href":"https:\/\/oasisfm935.com.ar\/site\/wp-json\/wp\/v2\/posts\/1496","targetHints":{"allow":["GET"]}}],"collection":[{"href":"https:\/\/oasisfm935.com.ar\/site\/wp-json\/wp\/v2\/posts"}],"about":[{"href":"https:\/\/oasisfm935.com.ar\/site\/wp-json\/wp\/v2\/types\/post"}],"author":[{"embeddable":true,"href":"https:\/\/oasisfm935.com.ar\/site\/wp-json\/wp\/v2\/users\/4"}],"replies":[{"embeddable":true,"href":"https:\/\/oasisfm935.com.ar\/site\/wp-json\/wp\/v2\/comments?post=1496"}],"version-history":[{"count":1,"href":"https:\/\/oasisfm935.com.ar\/site\/wp-json\/wp\/v2\/posts\/1496\/revisions"}],"predecessor-version":[{"id":1497,"href":"https:\/\/oasisfm935.com.ar\/site\/wp-json\/wp\/v2\/posts\/1496\/revisions\/1497"}],"wp:featuredmedia":[{"embeddable":true,"href":"https:\/\/oasisfm935.com.ar\/site\/wp-json\/wp\/v2\/media\/858"}],"wp:attachment":[{"href":"https:\/\/oasisfm935.com.ar\/site\/wp-json\/wp\/v2\/media?parent=1496"}],"wp:term":[{"taxonomy":"category","embeddable":true,"href":"https:\/\/oasisfm935.com.ar\/site\/wp-json\/wp\/v2\/categories?post=1496"},{"taxonomy":"post_tag","embeddable":true,"href":"https:\/\/oasisfm935.com.ar\/site\/wp-json\/wp\/v2\/tags?post=1496"}],"curies":[{"name":"wp","href":"https:\/\/api.w.org\/{rel}","templated":true}]}}