{"id":1506,"date":"2019-04-16T22:09:57","date_gmt":"2019-04-17T01:09:57","guid":{"rendered":"http:\/\/oasisfm935.com\/site\/?p=1506"},"modified":"2019-04-16T22:09:57","modified_gmt":"2019-04-17T01:09:57","slug":"el-gobierno-de-verna-activo-la-clausula-gatillo-y-dio-otro-aumento-a-estatales","status":"publish","type":"post","link":"https:\/\/oasisfm935.com.ar\/site\/el-gobierno-de-verna-activo-la-clausula-gatillo-y-dio-otro-aumento-a-estatales\/","title":{"rendered":"El Gobierno de Verna activ\u00f3 la \u201ccl\u00e1usula gatillo\u201d y dio otro aumento a estatales"},"content":{"rendered":"<p>El Gobierno de\u00a0<strong>Carlos Verna<\/strong>\u00a0comunic\u00f3 que, en cumplimiento de los acuerdos paritarios con los gremios, activar\u00e1 la denominada\u00a0<strong>\u201ccl\u00e1usula gatillo\u201d<\/strong>, luego de que hoy se conociera el \u00cdndice de Precios al Consumidor (IPC) referido al mes de marzo.<\/p>\n<p>\u201cEn consecuencia, con la liquidaci\u00f3n general de haberes del mes de abril, se dar\u00e1\u00a0un incremento salarial\u201d, inform\u00f3.\u00a0<strong>Con esta medida, se acumula un aumento en el a\u00f1o del 11.4 %. As\u00ed se iguala el \u00cdndice de Variaci\u00f3n de Precios para la regi\u00f3n pampeana.<\/strong><\/p>\n<p>&nbsp;<\/p>\n<p>El Gobierno comunic\u00f3 que se \u201cdictar\u00e1 el decreto correspondiente haciendo efectiva la medida\u201d, que alcanza a los empleados provinciales y se traslada a los haberes previsionales de los jubilados provinciales, a los pensionados provinciales, a los alumnos que realizan pasant\u00edas en el Estado Provincial y a los convocados retirados de la Polic\u00eda provincial.<\/p>\n<p>\u201cLa medida\u00a0<strong>constituye un importante esfuerzo financiero para el tesoro provincial y tiene como objetivo acompa\u00f1ar, siempre que las posibilidades financieras y presupuestarias as\u00ed lo permitan, el incremento del costo de vida de forma de que los salarios de los empleados p\u00fablicos no pierdan poder adquisitivo frente a la inflaci\u00f3n<\/strong>\u201c, se inform\u00f3. \u201cEsta pol\u00edtica se espera redunde no s\u00f3lo en el mantenimiento del poder adquisitivo del salario de parte de los trabajadores y jubilados pampeanos, sino tambi\u00e9n en la preservaci\u00f3n de las fuentes de trabajo vinculadas al consumo en el \u00e1mbito provincial, amortiguando el impacto de la crisis econ\u00f3mica que atraviesa el pa\u00eds como consecuencia de las pol\u00edticas macroecon\u00f3micas llevadas a cabo por el Gobierno Nacional\u201d.<\/p>\n<div class=\"oasis-despues-del-contenido\" id=\"oasis-520033300\"><img loading=\"lazy\" decoding=\"async\" src=\"https:\/\/oasisfm935.com.ar\/site\/wp-content\/uploads\/2020\/08\/47806202-8741-49f2-a5c9-d2f930e5baa1.jpg\" alt=\"\"  srcset=\"https:\/\/oasisfm935.com.ar\/site\/wp-content\/uploads\/2020\/08\/47806202-8741-49f2-a5c9-d2f930e5baa1.jpg 1080w, https:\/\/oasisfm935.com.ar\/site\/wp-content\/uploads\/2020\/08\/47806202-8741-49f2-a5c9-d2f930e5baa1-300x300.jpg 300w, https:\/\/oasisfm935.com.ar\/site\/wp-content\/uploads\/2020\/08\/47806202-8741-49f2-a5c9-d2f930e5baa1-1024x1024.jpg 1024w, https:\/\/oasisfm935.com.ar\/site\/wp-content\/uploads\/2020\/08\/47806202-8741-49f2-a5c9-d2f930e5baa1-150x150.jpg 150w, https:\/\/oasisfm935.com.ar\/site\/wp-content\/uploads\/2020\/08\/47806202-8741-49f2-a5c9-d2f930e5baa1-768x768.jpg 768w\" sizes=\"(max-width: 1080px) 100vw, 1080px\" class=\"no-lazyload\" width=\"1080\" height=\"1080\"  style=\"display: inline-block;\" \/><\/div>","protected":false},"excerpt":{"rendered":"<p>El Gobierno de\u00a0Carlos Verna\u00a0comunic\u00f3 que, en cumplimiento de los acuerdos paritarios con los gremios, activar\u00e1 la denominada\u00a0\u201ccl\u00e1usula gatillo\u201d, luego de que hoy<\/p>\n","protected":false},"author":4,"featured_media":944,"comment_status":"closed","ping_status":"open","sticky":false,"template":"","format":"standard","meta":{"colormag_page_layout":"default_layout","footnotes":""},"categories":[2],"tags":[],"class_list":["post-1506","post","type-post","status-publish","format-standard","has-post-thumbnail","hentry","category-noticias"],"_links":{"self":[{"href":"https:\/\/oasisfm935.com.ar\/site\/wp-json\/wp\/v2\/posts\/1506","targetHints":{"allow":["GET"]}}],"collection":[{"href":"https:\/\/oasisfm935.com.ar\/site\/wp-json\/wp\/v2\/posts"}],"about":[{"href":"https:\/\/oasisfm935.com.ar\/site\/wp-json\/wp\/v2\/types\/post"}],"author":[{"embeddable":true,"href":"https:\/\/oasisfm935.com.ar\/site\/wp-json\/wp\/v2\/users\/4"}],"replies":[{"embeddable":true,"href":"https:\/\/oasisfm935.com.ar\/site\/wp-json\/wp\/v2\/comments?post=1506"}],"version-history":[{"count":1,"href":"https:\/\/oasisfm935.com.ar\/site\/wp-json\/wp\/v2\/posts\/1506\/revisions"}],"predecessor-version":[{"id":1507,"href":"https:\/\/oasisfm935.com.ar\/site\/wp-json\/wp\/v2\/posts\/1506\/revisions\/1507"}],"wp:featuredmedia":[{"embeddable":true,"href":"https:\/\/oasisfm935.com.ar\/site\/wp-json\/wp\/v2\/media\/944"}],"wp:attachment":[{"href":"https:\/\/oasisfm935.com.ar\/site\/wp-json\/wp\/v2\/media?parent=1506"}],"wp:term":[{"taxonomy":"category","embeddable":true,"href":"https:\/\/oasisfm935.com.ar\/site\/wp-json\/wp\/v2\/categories?post=1506"},{"taxonomy":"post_tag","embeddable":true,"href":"https:\/\/oasisfm935.com.ar\/site\/wp-json\/wp\/v2\/tags?post=1506"}],"curies":[{"name":"wp","href":"https:\/\/api.w.org\/{rel}","templated":true}]}}