{"id":1514,"date":"2019-04-17T10:07:51","date_gmt":"2019-04-17T13:07:51","guid":{"rendered":"http:\/\/oasisfm935.com\/site\/?p=1514"},"modified":"2019-04-17T10:10:08","modified_gmt":"2019-04-17T13:10:08","slug":"plan-octubre-macri-lanza-paquete-de-medidas-con-fines-electoralistas","status":"publish","type":"post","link":"https:\/\/oasisfm935.com.ar\/site\/plan-octubre-macri-lanza-paquete-de-medidas-con-fines-electoralistas\/","title":{"rendered":"\u00abPlan octubre\u00bb: Macri lanza paquete de medidas con fines electoralistas"},"content":{"rendered":"<p>El Presidente presentar\u00e1 el plan, que ser\u00e1 explicado por los ministros Dujovne, Sica y Stanley.\u00a0<strong>Habr\u00e1 varias medidas antes cuestionadas por quienes hoy son Gobierno, como controles de precios y cr\u00e9ditos subsidiados<\/strong>.<\/p>\n<p>En busca de una alternativa que morigere el incremento de la inflaci\u00f3n, y ya pensando en el creciente malhumor social de cara a las elecciones, el Gobierno anunciar\u00e1 el \u00abPlan octubre\u00bb, una bater\u00eda de medidas para amortiguar los efectos de la crisis econ\u00f3mica marcada por la suba de precios y la ca\u00edda del consumo.<\/p>\n<p>En minutos, desde la quinta de Olivos, el presidente Mauricio Macri emitir\u00e1 un mensaje \u2013a\u00fan no est\u00e1 confirmado si en vivo o grabado- anticipando las medidas econ\u00f3micas. M\u00e1s tarde ser\u00e1n explicadas por el ministro de Hacienda, Nicol\u00e1s Dujovne, la titular de la cartera de Desarrollo Social, Carolina Stanley, y el ministro de Producci\u00f3n y Trabajo, Dante Sica.<\/p>\n<p>El contenido de las medidas que explicar\u00e1n con m\u00e1s profundidad los ministros en Olivos previamente estar\u00e1 a disposici\u00f3n de los periodistas \u00aba las 10 para facilitar su tarea en la conferencia de prensa\u00bb, adelant\u00f3 Presidencia en un comunicado.<\/p>\n<p>Seg\u00fan trascendidos, los anuncios incluir\u00edan tres l\u00edneas de cr\u00e9dito -los pr\u00e9stamos Anses, Procrear y Mejor Hogar-; el relanzamiento de programa Ahora 12 para compra de electrodom\u00e9sticos e indumentaria, adem\u00e1s de la extensi\u00f3n de Precios Cuidados, con nuevos productos.<\/p>\n<p>Cabe remarcar que muchas de estas medidas, especialmente los controles de precios, los planes de cuotas para estimular el consumo, y los cr\u00e9ditos a tasas subsidiadas, fueron siempre cr\u00edticados por los actuales funcionarios antes de estar en el Gobierno, al igual que rechazados durante toda la gesti\u00f3n hasta ahora.<\/p>\n<p>Sin embargo, el creciente descontento social con las elecciones presidenciales ya en el horizonte, en las que Macri y todo Cambiemos se jugar\u00e1n su continuidad en el poder, oblig\u00f3 al Gobierno a pegar un volantazo.<\/p>\n<p>Por otro lado, el director de la Administraci\u00f3n Federal de Ingresos P\u00fablicos (AFIP), Leandro Cuccioli, anticip\u00f3 este martes que entre los anuncios figura un plan de facilidades para quienes tengan deudas tributarias.<\/p>\n<p>En concreto, las nuevas medidas econ\u00f3micas llegar\u00e1n en medio de tensiones entre dirigentes de las fuerzas que integran Cambiemos por las diferencias que surgieron sobre c\u00f3mo afrontar la recesi\u00f3n econ\u00f3mica, que comenz\u00f3 a complicar el plan reeleccionista de Macri y de los gobernadores de su frente pol\u00edtico.<\/p>\n<div class=\"oasis-despues-del-contenido\" id=\"oasis-564272810\"><img loading=\"lazy\" decoding=\"async\" src=\"https:\/\/oasisfm935.com.ar\/site\/wp-content\/uploads\/2020\/08\/47806202-8741-49f2-a5c9-d2f930e5baa1.jpg\" alt=\"\"  srcset=\"https:\/\/oasisfm935.com.ar\/site\/wp-content\/uploads\/2020\/08\/47806202-8741-49f2-a5c9-d2f930e5baa1.jpg 1080w, https:\/\/oasisfm935.com.ar\/site\/wp-content\/uploads\/2020\/08\/47806202-8741-49f2-a5c9-d2f930e5baa1-300x300.jpg 300w, https:\/\/oasisfm935.com.ar\/site\/wp-content\/uploads\/2020\/08\/47806202-8741-49f2-a5c9-d2f930e5baa1-1024x1024.jpg 1024w, https:\/\/oasisfm935.com.ar\/site\/wp-content\/uploads\/2020\/08\/47806202-8741-49f2-a5c9-d2f930e5baa1-150x150.jpg 150w, https:\/\/oasisfm935.com.ar\/site\/wp-content\/uploads\/2020\/08\/47806202-8741-49f2-a5c9-d2f930e5baa1-768x768.jpg 768w\" sizes=\"(max-width: 1080px) 100vw, 1080px\" class=\"no-lazyload\" width=\"1080\" height=\"1080\"  style=\"display: inline-block;\" \/><\/div>","protected":false},"excerpt":{"rendered":"<p>El Presidente presentar\u00e1 el plan, que ser\u00e1 explicado por los ministros Dujovne, Sica y Stanley.\u00a0Habr\u00e1 varias medidas antes cuestionadas por quienes hoy<\/p>\n","protected":false},"author":4,"featured_media":722,"comment_status":"closed","ping_status":"open","sticky":false,"template":"","format":"standard","meta":{"colormag_page_layout":"default_layout","footnotes":""},"categories":[2],"tags":[],"class_list":["post-1514","post","type-post","status-publish","format-standard","has-post-thumbnail","hentry","category-noticias"],"_links":{"self":[{"href":"https:\/\/oasisfm935.com.ar\/site\/wp-json\/wp\/v2\/posts\/1514","targetHints":{"allow":["GET"]}}],"collection":[{"href":"https:\/\/oasisfm935.com.ar\/site\/wp-json\/wp\/v2\/posts"}],"about":[{"href":"https:\/\/oasisfm935.com.ar\/site\/wp-json\/wp\/v2\/types\/post"}],"author":[{"embeddable":true,"href":"https:\/\/oasisfm935.com.ar\/site\/wp-json\/wp\/v2\/users\/4"}],"replies":[{"embeddable":true,"href":"https:\/\/oasisfm935.com.ar\/site\/wp-json\/wp\/v2\/comments?post=1514"}],"version-history":[{"count":3,"href":"https:\/\/oasisfm935.com.ar\/site\/wp-json\/wp\/v2\/posts\/1514\/revisions"}],"predecessor-version":[{"id":1517,"href":"https:\/\/oasisfm935.com.ar\/site\/wp-json\/wp\/v2\/posts\/1514\/revisions\/1517"}],"wp:featuredmedia":[{"embeddable":true,"href":"https:\/\/oasisfm935.com.ar\/site\/wp-json\/wp\/v2\/media\/722"}],"wp:attachment":[{"href":"https:\/\/oasisfm935.com.ar\/site\/wp-json\/wp\/v2\/media?parent=1514"}],"wp:term":[{"taxonomy":"category","embeddable":true,"href":"https:\/\/oasisfm935.com.ar\/site\/wp-json\/wp\/v2\/categories?post=1514"},{"taxonomy":"post_tag","embeddable":true,"href":"https:\/\/oasisfm935.com.ar\/site\/wp-json\/wp\/v2\/tags?post=1514"}],"curies":[{"name":"wp","href":"https:\/\/api.w.org\/{rel}","templated":true}]}}