{"id":1528,"date":"2019-04-18T10:41:25","date_gmt":"2019-04-18T13:41:25","guid":{"rendered":"http:\/\/oasisfm935.com\/site\/?p=1528"},"modified":"2019-04-18T10:41:25","modified_gmt":"2019-04-18T13:41:25","slug":"concientizacion-ambiental-en-luiggi-un-pueblo-limpio-lo-hacemos-entre-todos","status":"publish","type":"post","link":"https:\/\/oasisfm935.com.ar\/site\/concientizacion-ambiental-en-luiggi-un-pueblo-limpio-lo-hacemos-entre-todos\/","title":{"rendered":"Concientizaci\u00f3n ambiental en Luiggi: \u201cUn pueblo limpio lo hacemos entre todos\u201d"},"content":{"rendered":"<p>&nbsp;<\/p>\n<div class=\"itemIntroText\">\n<p><strong>Los representantes de la Cooperativa de Trabajo \u00abEl Progreso\u00bb Gisella Romero y Marcela Palavecino, de la Biblioteca Municipal, Rosana Piasco y del Gobierno Local, Bernardo Bilbao visitaron la Escuela N\u00b0 250 para trabajar con los alumnos en la concientizaci\u00f3n ambiental.<\/strong><\/p>\n<\/div>\n<div class=\"itemFullText\">\n<p>Los referentes fueron recibidos en el Sal\u00f3n de Usos M\u00faltiples del establecimiento escolar \u00a0por los alumnos del Primer Ciclo, docentes y la directora de la Escuela 250 Silvia Guerra.<\/p>\n<p><a href=\"http:\/\/oasisfm935.com\/site\/wp-content\/uploads\/2019\/04\/descarga-4.jpg\"><img loading=\"lazy\" decoding=\"async\" class=\"alignnone size-full wp-image-1530\" src=\"http:\/\/oasisfm935.com\/site\/wp-content\/uploads\/2019\/04\/descarga-4.jpg\" alt=\"\" width=\"960\" height=\"720\" srcset=\"https:\/\/oasisfm935.com.ar\/site\/wp-content\/uploads\/2019\/04\/descarga-4.jpg 960w, https:\/\/oasisfm935.com.ar\/site\/wp-content\/uploads\/2019\/04\/descarga-4-300x225.jpg 300w, https:\/\/oasisfm935.com.ar\/site\/wp-content\/uploads\/2019\/04\/descarga-4-768x576.jpg 768w, https:\/\/oasisfm935.com.ar\/site\/wp-content\/uploads\/2019\/04\/descarga-4-678x509.jpg 678w, https:\/\/oasisfm935.com.ar\/site\/wp-content\/uploads\/2019\/04\/descarga-4-326x245.jpg 326w, https:\/\/oasisfm935.com.ar\/site\/wp-content\/uploads\/2019\/04\/descarga-4-80x60.jpg 80w\" sizes=\"auto, (max-width: 960px) 100vw, 960px\" \/><\/a><\/p>\n<\/div>\n<blockquote><p>A trav\u00e9s de un intercambio interactivo explicaron de qu\u00e9 manera se trabaja en la Planta de Separaci\u00f3n de Residuos, y luego los ni\u00f1os junto a sus docentes, por medio de juegos, separaron diferentes tipos de residuos en secos y h\u00famedos.<\/p><\/blockquote>\n<p>Posteriormente se dio a conocer\u00a0<strong>el Proyecto de la Biblioteca Ingeniero Luis Luiggi, referido a la recepci\u00f3n de botellas pl\u00e1sticas,<\/strong>incentivando a los ni\u00f1os a participar activamente de ambas actividades.<\/p>\n<p><a href=\"http:\/\/oasisfm935.com\/site\/wp-content\/uploads\/2019\/04\/descarga-5.jpg\"><img loading=\"lazy\" decoding=\"async\" class=\"alignnone size-full wp-image-1531\" src=\"http:\/\/oasisfm935.com\/site\/wp-content\/uploads\/2019\/04\/descarga-5.jpg\" alt=\"\" width=\"960\" height=\"720\" srcset=\"https:\/\/oasisfm935.com.ar\/site\/wp-content\/uploads\/2019\/04\/descarga-5.jpg 960w, https:\/\/oasisfm935.com.ar\/site\/wp-content\/uploads\/2019\/04\/descarga-5-300x225.jpg 300w, https:\/\/oasisfm935.com.ar\/site\/wp-content\/uploads\/2019\/04\/descarga-5-768x576.jpg 768w, https:\/\/oasisfm935.com.ar\/site\/wp-content\/uploads\/2019\/04\/descarga-5-678x509.jpg 678w, https:\/\/oasisfm935.com.ar\/site\/wp-content\/uploads\/2019\/04\/descarga-5-326x245.jpg 326w, https:\/\/oasisfm935.com.ar\/site\/wp-content\/uploads\/2019\/04\/descarga-5-80x60.jpg 80w\" sizes=\"auto, (max-width: 960px) 100vw, 960px\" \/><\/a><\/p>\n<p>Los referentes de la cooperativa El Progreso,\u00a0 la Biblioteca y el municipio \u00a0agradecieron la predisposici\u00f3n, el inter\u00e9s\u00a0 y la calidez de los\u00a0 alumnos, docente y directivos, y se comprometieron a \u00a0visitar los grados superiores para socializar los proyectos.<\/p>\n<blockquote><p>La actividad se enmarc\u00f3 bajo la consigna \u201c<strong>\u00a0Un pueblo limpio, lo hacemos entre todos\u201d.\u00a0<\/strong>\u00a0Adem\u00e1s est\u00e1 previsto socializar la propuesta en los distintos establecimientos educativos de la localidad.<\/p><\/blockquote>\n<div class=\"oasis-despues-del-contenido\" id=\"oasis-2969329661\"><img loading=\"lazy\" decoding=\"async\" src=\"https:\/\/oasisfm935.com.ar\/site\/wp-content\/uploads\/2020\/08\/47806202-8741-49f2-a5c9-d2f930e5baa1.jpg\" alt=\"\"  srcset=\"https:\/\/oasisfm935.com.ar\/site\/wp-content\/uploads\/2020\/08\/47806202-8741-49f2-a5c9-d2f930e5baa1.jpg 1080w, https:\/\/oasisfm935.com.ar\/site\/wp-content\/uploads\/2020\/08\/47806202-8741-49f2-a5c9-d2f930e5baa1-300x300.jpg 300w, https:\/\/oasisfm935.com.ar\/site\/wp-content\/uploads\/2020\/08\/47806202-8741-49f2-a5c9-d2f930e5baa1-1024x1024.jpg 1024w, https:\/\/oasisfm935.com.ar\/site\/wp-content\/uploads\/2020\/08\/47806202-8741-49f2-a5c9-d2f930e5baa1-150x150.jpg 150w, https:\/\/oasisfm935.com.ar\/site\/wp-content\/uploads\/2020\/08\/47806202-8741-49f2-a5c9-d2f930e5baa1-768x768.jpg 768w\" sizes=\"(max-width: 1080px) 100vw, 1080px\" class=\"no-lazyload\" width=\"1080\" height=\"1080\"  style=\"display: inline-block;\" \/><\/div>","protected":false},"excerpt":{"rendered":"<p>&nbsp; Los representantes de la Cooperativa de Trabajo \u00abEl Progreso\u00bb Gisella Romero y Marcela Palavecino, de la Biblioteca Municipal, Rosana Piasco y<\/p>\n","protected":false},"author":4,"featured_media":1529,"comment_status":"closed","ping_status":"open","sticky":false,"template":"","format":"standard","meta":{"colormag_page_layout":"default_layout","footnotes":""},"categories":[2],"tags":[],"class_list":["post-1528","post","type-post","status-publish","format-standard","has-post-thumbnail","hentry","category-noticias"],"_links":{"self":[{"href":"https:\/\/oasisfm935.com.ar\/site\/wp-json\/wp\/v2\/posts\/1528","targetHints":{"allow":["GET"]}}],"collection":[{"href":"https:\/\/oasisfm935.com.ar\/site\/wp-json\/wp\/v2\/posts"}],"about":[{"href":"https:\/\/oasisfm935.com.ar\/site\/wp-json\/wp\/v2\/types\/post"}],"author":[{"embeddable":true,"href":"https:\/\/oasisfm935.com.ar\/site\/wp-json\/wp\/v2\/users\/4"}],"replies":[{"embeddable":true,"href":"https:\/\/oasisfm935.com.ar\/site\/wp-json\/wp\/v2\/comments?post=1528"}],"version-history":[{"count":1,"href":"https:\/\/oasisfm935.com.ar\/site\/wp-json\/wp\/v2\/posts\/1528\/revisions"}],"predecessor-version":[{"id":1532,"href":"https:\/\/oasisfm935.com.ar\/site\/wp-json\/wp\/v2\/posts\/1528\/revisions\/1532"}],"wp:featuredmedia":[{"embeddable":true,"href":"https:\/\/oasisfm935.com.ar\/site\/wp-json\/wp\/v2\/media\/1529"}],"wp:attachment":[{"href":"https:\/\/oasisfm935.com.ar\/site\/wp-json\/wp\/v2\/media?parent=1528"}],"wp:term":[{"taxonomy":"category","embeddable":true,"href":"https:\/\/oasisfm935.com.ar\/site\/wp-json\/wp\/v2\/categories?post=1528"},{"taxonomy":"post_tag","embeddable":true,"href":"https:\/\/oasisfm935.com.ar\/site\/wp-json\/wp\/v2\/tags?post=1528"}],"curies":[{"name":"wp","href":"https:\/\/api.w.org\/{rel}","templated":true}]}}