{"id":1542,"date":"2019-04-19T19:47:28","date_gmt":"2019-04-19T22:47:28","guid":{"rendered":"http:\/\/oasisfm935.com\/site\/?p=1542"},"modified":"2019-04-19T19:47:28","modified_gmt":"2019-04-19T22:47:28","slug":"murio-ofelia-wilhelm-mama-de-cristina-fernandez-de-kirchner","status":"publish","type":"post","link":"https:\/\/oasisfm935.com.ar\/site\/murio-ofelia-wilhelm-mama-de-cristina-fernandez-de-kirchner\/","title":{"rendered":"Muri\u00f3 Ofelia Wilhelm, mam\u00e1 de Cristina Fern\u00e1ndez de Kirchner"},"content":{"rendered":"<p>Ten\u00eda 89 a\u00f1os. Estuvo internada desde diciembre en el Hospital Italiano, en la ciudad de La Plata. Sufr\u00eda un c\u00e1ncer ginecol\u00f3gico y una fractura de cadera.<\/p>\n<p>La madre de la senadora y ex presidenta de la Naci\u00f3n Cristina Fern\u00e1ndez de Kirchner, Ofelia Wilhelm, de 89 a\u00f1os, muri\u00f3 hoy luego de permanecer internada desde diciembre en el Hospital Italiano de La Plata, informaron fuentes cercanas a Wilhelm.<\/p>\n<div class=\"oasis-despues-del-contenido\" id=\"oasis-1923654727\"><img loading=\"lazy\" decoding=\"async\" src=\"https:\/\/oasisfm935.com.ar\/site\/wp-content\/uploads\/2020\/08\/47806202-8741-49f2-a5c9-d2f930e5baa1.jpg\" alt=\"\"  srcset=\"https:\/\/oasisfm935.com.ar\/site\/wp-content\/uploads\/2020\/08\/47806202-8741-49f2-a5c9-d2f930e5baa1.jpg 1080w, https:\/\/oasisfm935.com.ar\/site\/wp-content\/uploads\/2020\/08\/47806202-8741-49f2-a5c9-d2f930e5baa1-300x300.jpg 300w, https:\/\/oasisfm935.com.ar\/site\/wp-content\/uploads\/2020\/08\/47806202-8741-49f2-a5c9-d2f930e5baa1-1024x1024.jpg 1024w, https:\/\/oasisfm935.com.ar\/site\/wp-content\/uploads\/2020\/08\/47806202-8741-49f2-a5c9-d2f930e5baa1-150x150.jpg 150w, https:\/\/oasisfm935.com.ar\/site\/wp-content\/uploads\/2020\/08\/47806202-8741-49f2-a5c9-d2f930e5baa1-768x768.jpg 768w\" sizes=\"(max-width: 1080px) 100vw, 1080px\" class=\"no-lazyload\" width=\"1080\" height=\"1080\"  style=\"display: inline-block;\" \/><\/div>","protected":false},"excerpt":{"rendered":"<p>Ten\u00eda 89 a\u00f1os. Estuvo internada desde diciembre en el Hospital Italiano, en la ciudad de La Plata. Sufr\u00eda un c\u00e1ncer ginecol\u00f3gico y<\/p>\n","protected":false},"author":4,"featured_media":1543,"comment_status":"closed","ping_status":"open","sticky":false,"template":"","format":"standard","meta":{"colormag_page_layout":"default_layout","footnotes":""},"categories":[2],"tags":[],"class_list":["post-1542","post","type-post","status-publish","format-standard","has-post-thumbnail","hentry","category-noticias"],"_links":{"self":[{"href":"https:\/\/oasisfm935.com.ar\/site\/wp-json\/wp\/v2\/posts\/1542","targetHints":{"allow":["GET"]}}],"collection":[{"href":"https:\/\/oasisfm935.com.ar\/site\/wp-json\/wp\/v2\/posts"}],"about":[{"href":"https:\/\/oasisfm935.com.ar\/site\/wp-json\/wp\/v2\/types\/post"}],"author":[{"embeddable":true,"href":"https:\/\/oasisfm935.com.ar\/site\/wp-json\/wp\/v2\/users\/4"}],"replies":[{"embeddable":true,"href":"https:\/\/oasisfm935.com.ar\/site\/wp-json\/wp\/v2\/comments?post=1542"}],"version-history":[{"count":1,"href":"https:\/\/oasisfm935.com.ar\/site\/wp-json\/wp\/v2\/posts\/1542\/revisions"}],"predecessor-version":[{"id":1544,"href":"https:\/\/oasisfm935.com.ar\/site\/wp-json\/wp\/v2\/posts\/1542\/revisions\/1544"}],"wp:featuredmedia":[{"embeddable":true,"href":"https:\/\/oasisfm935.com.ar\/site\/wp-json\/wp\/v2\/media\/1543"}],"wp:attachment":[{"href":"https:\/\/oasisfm935.com.ar\/site\/wp-json\/wp\/v2\/media?parent=1542"}],"wp:term":[{"taxonomy":"category","embeddable":true,"href":"https:\/\/oasisfm935.com.ar\/site\/wp-json\/wp\/v2\/categories?post=1542"},{"taxonomy":"post_tag","embeddable":true,"href":"https:\/\/oasisfm935.com.ar\/site\/wp-json\/wp\/v2\/tags?post=1542"}],"curies":[{"name":"wp","href":"https:\/\/api.w.org\/{rel}","templated":true}]}}