{"id":1559,"date":"2019-04-24T10:13:57","date_gmt":"2019-04-24T13:13:57","guid":{"rendered":"http:\/\/oasisfm935.com\/site\/?p=1559"},"modified":"2019-04-24T10:13:57","modified_gmt":"2019-04-24T13:13:57","slug":"verna-luego-de-cinco-meses-reaparece-el-2-de-mayo-en-diputados","status":"publish","type":"post","link":"https:\/\/oasisfm935.com.ar\/site\/verna-luego-de-cinco-meses-reaparece-el-2-de-mayo-en-diputados\/","title":{"rendered":"Verna, luego de cinco meses, reaparece el 2 de mayo en Diputados"},"content":{"rendered":"<p>El gobernador\u00a0<strong>Carlos Verna reaparecer\u00e1 p\u00fablicamente el 2 de mayo<\/strong>. Ese d\u00eda, a las 11 horas, dar\u00e1<strong>\u00a0el discurso<\/strong>\u00a0donde repasar\u00e1 su gesti\u00f3n y dar\u00e1 los lineamientos de su Gobierno hasta fin de a\u00f1o, seg\u00fan dijeron fuentes parlamentarias a\u00a0<strong>Diario Textual<\/strong>.<\/p>\n<p><strong>El acto ser\u00e1 restringido.\u00a0<\/strong>Seg\u00fan ha trascendido,\u00a0<strong>no dejar\u00edan pasar al periodismo por temor a \u201ccontagios\u201d que pueda sufrir el gobernador.<\/strong><\/p>\n<p>El mandatario deb\u00eda ofrecer este discurso el 1\u00b0 de marzo, en el acto de inicio de sesiones ordinarias de la Legislatura. Pero en ese momento pidi\u00f3 postergarlo porque se encontraba afrontando el<strong>\u00a0tratamiento contra el c\u00e1ncer<\/strong>\u00a0que le detectaron el a\u00f1o pasado.<\/p>\n<p><strong>El mandatario no se ha mostrado p\u00fablicamente desde diciembre del a\u00f1o, cuando inici\u00f3 el tratamiento en Buenos Aires.<\/strong>\u00a0Solo public\u00f3 declaraciones a trav\u00e9s de las redes sociales.<\/p>\n<p>Se recluy\u00f3 en la Residencia del Gobernador, sobre la ruta 35, junto a su familia. En estos cinco meses solo espor\u00e1dicamente concurri\u00f3 a la Casa de Gobierno.<\/p>\n<p>\u00bfC\u00f3mo se encuentra, luego de las sesiones de quimioterapia? \u201cHa respondido bien\u201d, ha dicho hace unos d\u00edas el ministro de Salud, Mario Kohan.<\/p>\n<p>Su reaparici\u00f3n alimenta otro tipo de especulaciones:\u00a0<strong>la posibilidad de que participe de alguno de los actos de campa\u00f1a, junto al candidato a sucederlo, Sergio Ziliotto<\/strong>. Hoy por hoy, sin embargo,\u00a0<strong>no estar\u00eda dentro de sus planes<\/strong>.<\/p>\n<p>&nbsp;<\/p>\n<div class=\"oasis-despues-del-contenido\" id=\"oasis-722848256\"><img loading=\"lazy\" decoding=\"async\" src=\"https:\/\/oasisfm935.com.ar\/site\/wp-content\/uploads\/2020\/08\/47806202-8741-49f2-a5c9-d2f930e5baa1.jpg\" alt=\"\"  srcset=\"https:\/\/oasisfm935.com.ar\/site\/wp-content\/uploads\/2020\/08\/47806202-8741-49f2-a5c9-d2f930e5baa1.jpg 1080w, https:\/\/oasisfm935.com.ar\/site\/wp-content\/uploads\/2020\/08\/47806202-8741-49f2-a5c9-d2f930e5baa1-300x300.jpg 300w, https:\/\/oasisfm935.com.ar\/site\/wp-content\/uploads\/2020\/08\/47806202-8741-49f2-a5c9-d2f930e5baa1-1024x1024.jpg 1024w, https:\/\/oasisfm935.com.ar\/site\/wp-content\/uploads\/2020\/08\/47806202-8741-49f2-a5c9-d2f930e5baa1-150x150.jpg 150w, https:\/\/oasisfm935.com.ar\/site\/wp-content\/uploads\/2020\/08\/47806202-8741-49f2-a5c9-d2f930e5baa1-768x768.jpg 768w\" sizes=\"(max-width: 1080px) 100vw, 1080px\" class=\"no-lazyload\" width=\"1080\" height=\"1080\"  style=\"display: inline-block;\" \/><\/div>","protected":false},"excerpt":{"rendered":"<p>El gobernador\u00a0Carlos Verna reaparecer\u00e1 p\u00fablicamente el 2 de mayo. Ese d\u00eda, a las 11 horas, dar\u00e1\u00a0el discurso\u00a0donde repasar\u00e1 su gesti\u00f3n y dar\u00e1<\/p>\n","protected":false},"author":4,"featured_media":1560,"comment_status":"closed","ping_status":"open","sticky":false,"template":"","format":"standard","meta":{"colormag_page_layout":"default_layout","footnotes":""},"categories":[2],"tags":[],"class_list":["post-1559","post","type-post","status-publish","format-standard","has-post-thumbnail","hentry","category-noticias"],"_links":{"self":[{"href":"https:\/\/oasisfm935.com.ar\/site\/wp-json\/wp\/v2\/posts\/1559","targetHints":{"allow":["GET"]}}],"collection":[{"href":"https:\/\/oasisfm935.com.ar\/site\/wp-json\/wp\/v2\/posts"}],"about":[{"href":"https:\/\/oasisfm935.com.ar\/site\/wp-json\/wp\/v2\/types\/post"}],"author":[{"embeddable":true,"href":"https:\/\/oasisfm935.com.ar\/site\/wp-json\/wp\/v2\/users\/4"}],"replies":[{"embeddable":true,"href":"https:\/\/oasisfm935.com.ar\/site\/wp-json\/wp\/v2\/comments?post=1559"}],"version-history":[{"count":1,"href":"https:\/\/oasisfm935.com.ar\/site\/wp-json\/wp\/v2\/posts\/1559\/revisions"}],"predecessor-version":[{"id":1561,"href":"https:\/\/oasisfm935.com.ar\/site\/wp-json\/wp\/v2\/posts\/1559\/revisions\/1561"}],"wp:featuredmedia":[{"embeddable":true,"href":"https:\/\/oasisfm935.com.ar\/site\/wp-json\/wp\/v2\/media\/1560"}],"wp:attachment":[{"href":"https:\/\/oasisfm935.com.ar\/site\/wp-json\/wp\/v2\/media?parent=1559"}],"wp:term":[{"taxonomy":"category","embeddable":true,"href":"https:\/\/oasisfm935.com.ar\/site\/wp-json\/wp\/v2\/categories?post=1559"},{"taxonomy":"post_tag","embeddable":true,"href":"https:\/\/oasisfm935.com.ar\/site\/wp-json\/wp\/v2\/tags?post=1559"}],"curies":[{"name":"wp","href":"https:\/\/api.w.org\/{rel}","templated":true}]}}