{"id":1570,"date":"2019-04-25T07:42:38","date_gmt":"2019-04-25T10:42:38","guid":{"rendered":"http:\/\/oasisfm935.com\/site\/?p=1570"},"modified":"2019-04-25T07:42:38","modified_gmt":"2019-04-25T10:42:38","slug":"sergio-denis-esta-fragil-y-vulnerable","status":"publish","type":"post","link":"https:\/\/oasisfm935.com.ar\/site\/sergio-denis-esta-fragil-y-vulnerable\/","title":{"rendered":"Sergio Denis est\u00e1 fr\u00e1gil y vulnerable"},"content":{"rendered":"<p><strong>El parte m\u00e9dico publicado este mediod\u00eda de mi\u00e9rcoles por el Sanatorio Los Arcos sobre Sergio Denis indic\u00f3 que \u201csu estado general es fr\u00e1gil y vulnerable por tratarse de una persona cr\u00edtica y cr\u00f3nicamente enferma como resultado del evento grave ocurrido y sus consecuencias\u201d.<\/strong><\/p>\n<p>El informe hizo referencia al accidente padecido por el cantante el lunes 11 de marzo cuando cay\u00f3 al foso del Teatro Mercedes Sosa de la capital tucumana, durante un recital organizado por la Asociaci\u00f3n de Trabajadores de la Sanidad en Argentina (ATSA), para sus afiliadas, por el D\u00eda de la Mujer.<\/p>\n<p>Debido a esa ca\u00edda, el baladista, de 70 a\u00f1os, permaneci\u00f3 internado en la terapia intensiva del Hospital Padilla de San Miguel de Tucum\u00e1n hasta el s\u00e1bado 13 de abril, cuando fue trasladado a Buenos Aires.<\/p>\n<p>\u201cSu compromiso neurol\u00f3gico es severo como consecuencia de un extenso da\u00f1o estructural cerebral, como ha quedado de manifiesto por su condici\u00f3n cl\u00ednica y los m\u00faltiples estudios realizados por un equipo multidisciplinario de neurolog\u00eda, neurocirug\u00eda y neuroim\u00e1genes\u201d, detall\u00f3 el parte de este mi\u00e9rcoles emitido por Los Arcos.<\/p>\n<p>La comunicaci\u00f3n que \u201cse extiende a pedido de los familiares y en consenso con ellos\u201d, seg\u00fan se consign\u00f3, fue publicado en la cuenta de Twitter de Federico Hoffman, uno de los hijos del m\u00fasico. All\u00ed se lee que el compositor \u201cse encuentra a\u00fan con necesidad de asistencia respiratoria mec\u00e1nica y con tratamiento con antibi\u00f3ticos de amplio espectro\u00bb. Todav\u00eda se encuentra \u00abcon manejo tanto m\u00e9dico como quir\u00fargico de su condici\u00f3n\u201d. (T\u00e9lam)<\/p>\n<div class=\"oasis-despues-del-contenido\" id=\"oasis-3554864063\"><img loading=\"lazy\" decoding=\"async\" src=\"https:\/\/oasisfm935.com.ar\/site\/wp-content\/uploads\/2020\/08\/47806202-8741-49f2-a5c9-d2f930e5baa1.jpg\" alt=\"\"  srcset=\"https:\/\/oasisfm935.com.ar\/site\/wp-content\/uploads\/2020\/08\/47806202-8741-49f2-a5c9-d2f930e5baa1.jpg 1080w, https:\/\/oasisfm935.com.ar\/site\/wp-content\/uploads\/2020\/08\/47806202-8741-49f2-a5c9-d2f930e5baa1-300x300.jpg 300w, https:\/\/oasisfm935.com.ar\/site\/wp-content\/uploads\/2020\/08\/47806202-8741-49f2-a5c9-d2f930e5baa1-1024x1024.jpg 1024w, https:\/\/oasisfm935.com.ar\/site\/wp-content\/uploads\/2020\/08\/47806202-8741-49f2-a5c9-d2f930e5baa1-150x150.jpg 150w, https:\/\/oasisfm935.com.ar\/site\/wp-content\/uploads\/2020\/08\/47806202-8741-49f2-a5c9-d2f930e5baa1-768x768.jpg 768w\" sizes=\"(max-width: 1080px) 100vw, 1080px\" class=\"no-lazyload\" width=\"1080\" height=\"1080\"  style=\"display: inline-block;\" \/><\/div>","protected":false},"excerpt":{"rendered":"<p>El parte m\u00e9dico publicado este mediod\u00eda de mi\u00e9rcoles por el Sanatorio Los Arcos sobre Sergio Denis indic\u00f3 que \u201csu estado general es<\/p>\n","protected":false},"author":4,"featured_media":1068,"comment_status":"closed","ping_status":"open","sticky":false,"template":"","format":"standard","meta":{"colormag_page_layout":"default_layout","footnotes":""},"categories":[2],"tags":[],"class_list":["post-1570","post","type-post","status-publish","format-standard","has-post-thumbnail","hentry","category-noticias"],"_links":{"self":[{"href":"https:\/\/oasisfm935.com.ar\/site\/wp-json\/wp\/v2\/posts\/1570","targetHints":{"allow":["GET"]}}],"collection":[{"href":"https:\/\/oasisfm935.com.ar\/site\/wp-json\/wp\/v2\/posts"}],"about":[{"href":"https:\/\/oasisfm935.com.ar\/site\/wp-json\/wp\/v2\/types\/post"}],"author":[{"embeddable":true,"href":"https:\/\/oasisfm935.com.ar\/site\/wp-json\/wp\/v2\/users\/4"}],"replies":[{"embeddable":true,"href":"https:\/\/oasisfm935.com.ar\/site\/wp-json\/wp\/v2\/comments?post=1570"}],"version-history":[{"count":1,"href":"https:\/\/oasisfm935.com.ar\/site\/wp-json\/wp\/v2\/posts\/1570\/revisions"}],"predecessor-version":[{"id":1571,"href":"https:\/\/oasisfm935.com.ar\/site\/wp-json\/wp\/v2\/posts\/1570\/revisions\/1571"}],"wp:featuredmedia":[{"embeddable":true,"href":"https:\/\/oasisfm935.com.ar\/site\/wp-json\/wp\/v2\/media\/1068"}],"wp:attachment":[{"href":"https:\/\/oasisfm935.com.ar\/site\/wp-json\/wp\/v2\/media?parent=1570"}],"wp:term":[{"taxonomy":"category","embeddable":true,"href":"https:\/\/oasisfm935.com.ar\/site\/wp-json\/wp\/v2\/categories?post=1570"},{"taxonomy":"post_tag","embeddable":true,"href":"https:\/\/oasisfm935.com.ar\/site\/wp-json\/wp\/v2\/tags?post=1570"}],"curies":[{"name":"wp","href":"https:\/\/api.w.org\/{rel}","templated":true}]}}