{"id":1605,"date":"2019-04-28T17:28:04","date_gmt":"2019-04-28T20:28:04","guid":{"rendered":"http:\/\/oasisfm935.com\/site\/?p=1605"},"modified":"2019-04-28T17:28:04","modified_gmt":"2019-04-28T20:28:04","slug":"mirtha-legrand-va-a-pasar-lo-peor-va-a-volver-cristina","status":"publish","type":"post","link":"https:\/\/oasisfm935.com.ar\/site\/mirtha-legrand-va-a-pasar-lo-peor-va-a-volver-cristina\/","title":{"rendered":"Mirtha Legrand: \u201cVa a pasar lo peor; va a volver Cristina\u201d"},"content":{"rendered":"<p>Con una mesa casi muda,<strong>\u00a0Mirtha Legrand dijo que, para ella, Cristina Kirchner ganar\u00e1 las elecciones<\/strong>\u00a0si se presenta como candidata a la Presidencia.<\/p>\n<p>La diva de los almuerzos finalmente dio si opini\u00f3n sobre la crisis econ\u00f3mica y pol\u00edtica que atraviesa el gobierno de Mauricio Macri. \u201cNo le alcanza el tiempo hasta octubre para revertir esta situaci\u00f3n\u201d, dijo, en di\u00e1logo con un invitado, Tato Young, periodista del Grupo Clar\u00edn.<\/p>\n<p><strong>Mirtha Legrand: \u2013<\/strong>No le alcanza el tiempo hasta octubre.<\/p>\n<p><strong>Tato Young: \u2013<\/strong>\u00a0\u00bfVos que cre\u00e9s que no le alcanza el tiempo?<\/p>\n<p><strong>ML: \u2013\u00a0<\/strong>No. Para revertir esta situaci\u00f3n, no. No le alcanza.<\/p>\n<p><strong>TY: \u2013<\/strong>\u00a0\u00bfEntonces que pens\u00e1s que va a pasar?<\/p>\n<p><strong>ML: \u2013<\/strong>\u00a0Lo peor.<\/p>\n<p><strong>TY: \u2013<\/strong>\u00a0\u00bfVos cre\u00e9s que vuelve Cristina?<\/p>\n<p><strong>ML: \u2013<\/strong>\u00a0\u00a1S\u00ed!<\/p>\n<p><strong>TY: \u2013<\/strong>\u00a0\u00a1Vos cre\u00e9s que vuelve Cristina!<\/p>\n<p><strong>ML: \u2013<\/strong>\u00a0S\u00ed, yo creo que s\u00ed. Est\u00e1 muy mal el pa\u00eds y la gente est\u00e1 muy en contra. La gente est\u00e1 desesperada.\u00a0<strong>Yo no encuentro una persona que hable bien de este gobierno<\/strong>. Y yo lo apoy\u00e9 much\u00edsimo al Gobierno. Me da l\u00e1stima, fastidio, hasta rabia, que hayan desperdiciado este momento tan maravilloso. Porque adem\u00e1s este derrumbe empez\u00f3 hace unos meses, siete ocho meses. \u00a1No ven\u00edamos tan mal!<\/p>\n<div class=\"oasis-despues-del-contenido\" id=\"oasis-479300767\"><img loading=\"lazy\" decoding=\"async\" src=\"https:\/\/oasisfm935.com.ar\/site\/wp-content\/uploads\/2020\/08\/47806202-8741-49f2-a5c9-d2f930e5baa1.jpg\" alt=\"\"  srcset=\"https:\/\/oasisfm935.com.ar\/site\/wp-content\/uploads\/2020\/08\/47806202-8741-49f2-a5c9-d2f930e5baa1.jpg 1080w, https:\/\/oasisfm935.com.ar\/site\/wp-content\/uploads\/2020\/08\/47806202-8741-49f2-a5c9-d2f930e5baa1-300x300.jpg 300w, https:\/\/oasisfm935.com.ar\/site\/wp-content\/uploads\/2020\/08\/47806202-8741-49f2-a5c9-d2f930e5baa1-1024x1024.jpg 1024w, https:\/\/oasisfm935.com.ar\/site\/wp-content\/uploads\/2020\/08\/47806202-8741-49f2-a5c9-d2f930e5baa1-150x150.jpg 150w, https:\/\/oasisfm935.com.ar\/site\/wp-content\/uploads\/2020\/08\/47806202-8741-49f2-a5c9-d2f930e5baa1-768x768.jpg 768w\" sizes=\"(max-width: 1080px) 100vw, 1080px\" class=\"no-lazyload\" width=\"1080\" height=\"1080\"  style=\"display: inline-block;\" \/><\/div>","protected":false},"excerpt":{"rendered":"<p>Con una mesa casi muda,\u00a0Mirtha Legrand dijo que, para ella, Cristina Kirchner ganar\u00e1 las elecciones\u00a0si se presenta como candidata a la Presidencia.<\/p>\n","protected":false},"author":4,"featured_media":1606,"comment_status":"closed","ping_status":"open","sticky":false,"template":"","format":"standard","meta":{"colormag_page_layout":"default_layout","footnotes":""},"categories":[2],"tags":[],"class_list":["post-1605","post","type-post","status-publish","format-standard","has-post-thumbnail","hentry","category-noticias"],"_links":{"self":[{"href":"https:\/\/oasisfm935.com.ar\/site\/wp-json\/wp\/v2\/posts\/1605","targetHints":{"allow":["GET"]}}],"collection":[{"href":"https:\/\/oasisfm935.com.ar\/site\/wp-json\/wp\/v2\/posts"}],"about":[{"href":"https:\/\/oasisfm935.com.ar\/site\/wp-json\/wp\/v2\/types\/post"}],"author":[{"embeddable":true,"href":"https:\/\/oasisfm935.com.ar\/site\/wp-json\/wp\/v2\/users\/4"}],"replies":[{"embeddable":true,"href":"https:\/\/oasisfm935.com.ar\/site\/wp-json\/wp\/v2\/comments?post=1605"}],"version-history":[{"count":1,"href":"https:\/\/oasisfm935.com.ar\/site\/wp-json\/wp\/v2\/posts\/1605\/revisions"}],"predecessor-version":[{"id":1607,"href":"https:\/\/oasisfm935.com.ar\/site\/wp-json\/wp\/v2\/posts\/1605\/revisions\/1607"}],"wp:featuredmedia":[{"embeddable":true,"href":"https:\/\/oasisfm935.com.ar\/site\/wp-json\/wp\/v2\/media\/1606"}],"wp:attachment":[{"href":"https:\/\/oasisfm935.com.ar\/site\/wp-json\/wp\/v2\/media?parent=1605"}],"wp:term":[{"taxonomy":"category","embeddable":true,"href":"https:\/\/oasisfm935.com.ar\/site\/wp-json\/wp\/v2\/categories?post=1605"},{"taxonomy":"post_tag","embeddable":true,"href":"https:\/\/oasisfm935.com.ar\/site\/wp-json\/wp\/v2\/tags?post=1605"}],"curies":[{"name":"wp","href":"https:\/\/api.w.org\/{rel}","templated":true}]}}