{"id":1617,"date":"2019-04-30T12:25:42","date_gmt":"2019-04-30T15:25:42","guid":{"rendered":"http:\/\/oasisfm935.com\/site\/?p=1617"},"modified":"2019-04-30T12:25:42","modified_gmt":"2019-04-30T15:25:42","slug":"en-mayo-la-electricidad-subira-otro-7-en-la-pampa","status":"publish","type":"post","link":"https:\/\/oasisfm935.com.ar\/site\/en-mayo-la-electricidad-subira-otro-7-en-la-pampa\/","title":{"rendered":"En mayo, la electricidad subir\u00e1 otro 7% en La Pampa"},"content":{"rendered":"<p>El Gobierno de Mauricio Macri anunci\u00f3 que congelaba las tarifas hasta despu\u00e9s de las elecciones. Pero no dio marcha atr\u00e1s con la resoluci\u00f3n que prev\u00e9 aumentos del 7% en mayo y del 9% en agosto.<\/p>\n<p>El Gobierno Nacional de Mauricio Macri sigue haciendo promesas que no cumple. Al presentar el \u201cPlan Octubre\u201d anunci\u00f3 un freno a los aumentos de tarifas previstos para 2019 pero sigue vigente la resoluci\u00f3n que prev\u00e9 una suba del 7% en la tarifa de energ\u00eda en mayo y otro 9% en agosto. Se suman al tarifazo del 37% aplicado en febrero.<\/p>\n<p>El \u201cPlan Octubre\u201d que anunci\u00f3 el Gobierno Nacional para combatir la inflaci\u00f3n en el a\u00f1o electoral incluye un freno a los aumentos de tarifas previstos para el 2019 en algunos de los servicios p\u00fablicos. \u201cEl Gobierno Nacional no dispondr\u00e1 m\u00e1s aumentos de tarifas de electricidad, gas y transporte p\u00fablico para las familias en lo que resta de a\u00f1o\u201d, anunci\u00f3 el Poder Ejecutivo en el documento donde constan todas las medidas econ\u00f3micas y sociales. Pero ese discurso no se traslada a los hechos en el caso de la tarifa de electricidad.<\/p>\n<p>A principios de a\u00f1o, Naci\u00f3n anunci\u00f3 un aumento escalonado del 55% en la tarifa de energ\u00eda que compra la Administraci\u00f3n Provincial de Energ\u00eda (APE) a Cammesa (Compa\u00f1\u00eda Administradora del Mercado Mayorista El\u00e9ctrico). Una suba del 37% en febrero; otro aumento del 7% en mayo y el 9% en agosto.<\/p>\n<p>De ese 37%, la APE autoriz\u00f3 en febrero un aumento del 28% a las cooperativas el\u00e9ctricas de la provincia. Esto se vio reflejado en las facturas que pagaron los usuarios en el mes de abril.<br \/>\nHace unos d\u00edas, el gobierno de Mauricio Macri anunci\u00f3 que congelaba las tarifas hasta despu\u00e9s de las elecciones. Pero no dio marcha atr\u00e1s con la resoluci\u00f3n que prev\u00e9 aumentos del 7% en mayo y del 9% en agosto.<\/p>\n<p>El presidente de la Federaci\u00f3n Pampeana de Cooperativas El\u00e9ctricas (FePamCo), Carlos Santarossa, dijo que el anuncio de congelar las tarifas hasta despu\u00e9s de las elecciones \u201clo tomamos bien porque cuando hay aumentos los que ponemos la cara a los asociados somos nosotros\u201d. \u201cSabemos que son medidas electorales y sabemos que lo que no se aumenta ahora se va a aumentar despu\u00e9s\u201d, advirti\u00f3.<\/p>\n<p>El dirigente coment\u00f3 que por ahora no est\u00e1n frenados los aumentos de mayo y de agosto pr\u00f3ximo. \u201cEl representante de APE nos dijo que no han recibido nada oficialmente. Son anuncios de autoridades nada m\u00e1s. Las resoluciones con los aumentos de febrero, mayo y agosto est\u00e1n, por lo tanto la Secretar\u00eda de Energ\u00eda va a tener que mandar algo que deje sin efecto eso. La provincia no lo recibi\u00f3 por lo tanto son anuncios porque oficialmente APE no tiene ninguna notificaci\u00f3n\u201d, asegur\u00f3.<\/p>\n<div class=\"oasis-despues-del-contenido\" id=\"oasis-128061389\"><img loading=\"lazy\" decoding=\"async\" src=\"https:\/\/oasisfm935.com.ar\/site\/wp-content\/uploads\/2020\/08\/47806202-8741-49f2-a5c9-d2f930e5baa1.jpg\" alt=\"\"  srcset=\"https:\/\/oasisfm935.com.ar\/site\/wp-content\/uploads\/2020\/08\/47806202-8741-49f2-a5c9-d2f930e5baa1.jpg 1080w, https:\/\/oasisfm935.com.ar\/site\/wp-content\/uploads\/2020\/08\/47806202-8741-49f2-a5c9-d2f930e5baa1-300x300.jpg 300w, https:\/\/oasisfm935.com.ar\/site\/wp-content\/uploads\/2020\/08\/47806202-8741-49f2-a5c9-d2f930e5baa1-1024x1024.jpg 1024w, https:\/\/oasisfm935.com.ar\/site\/wp-content\/uploads\/2020\/08\/47806202-8741-49f2-a5c9-d2f930e5baa1-150x150.jpg 150w, https:\/\/oasisfm935.com.ar\/site\/wp-content\/uploads\/2020\/08\/47806202-8741-49f2-a5c9-d2f930e5baa1-768x768.jpg 768w\" sizes=\"(max-width: 1080px) 100vw, 1080px\" class=\"no-lazyload\" width=\"1080\" height=\"1080\"  style=\"display: inline-block;\" \/><\/div>","protected":false},"excerpt":{"rendered":"<p>El Gobierno de Mauricio Macri anunci\u00f3 que congelaba las tarifas hasta despu\u00e9s de las elecciones. Pero no dio marcha atr\u00e1s con la<\/p>\n","protected":false},"author":4,"featured_media":1618,"comment_status":"closed","ping_status":"open","sticky":false,"template":"","format":"standard","meta":{"colormag_page_layout":"default_layout","footnotes":""},"categories":[2],"tags":[],"class_list":["post-1617","post","type-post","status-publish","format-standard","has-post-thumbnail","hentry","category-noticias"],"_links":{"self":[{"href":"https:\/\/oasisfm935.com.ar\/site\/wp-json\/wp\/v2\/posts\/1617","targetHints":{"allow":["GET"]}}],"collection":[{"href":"https:\/\/oasisfm935.com.ar\/site\/wp-json\/wp\/v2\/posts"}],"about":[{"href":"https:\/\/oasisfm935.com.ar\/site\/wp-json\/wp\/v2\/types\/post"}],"author":[{"embeddable":true,"href":"https:\/\/oasisfm935.com.ar\/site\/wp-json\/wp\/v2\/users\/4"}],"replies":[{"embeddable":true,"href":"https:\/\/oasisfm935.com.ar\/site\/wp-json\/wp\/v2\/comments?post=1617"}],"version-history":[{"count":1,"href":"https:\/\/oasisfm935.com.ar\/site\/wp-json\/wp\/v2\/posts\/1617\/revisions"}],"predecessor-version":[{"id":1619,"href":"https:\/\/oasisfm935.com.ar\/site\/wp-json\/wp\/v2\/posts\/1617\/revisions\/1619"}],"wp:featuredmedia":[{"embeddable":true,"href":"https:\/\/oasisfm935.com.ar\/site\/wp-json\/wp\/v2\/media\/1618"}],"wp:attachment":[{"href":"https:\/\/oasisfm935.com.ar\/site\/wp-json\/wp\/v2\/media?parent=1617"}],"wp:term":[{"taxonomy":"category","embeddable":true,"href":"https:\/\/oasisfm935.com.ar\/site\/wp-json\/wp\/v2\/categories?post=1617"},{"taxonomy":"post_tag","embeddable":true,"href":"https:\/\/oasisfm935.com.ar\/site\/wp-json\/wp\/v2\/tags?post=1617"}],"curies":[{"name":"wp","href":"https:\/\/api.w.org\/{rel}","templated":true}]}}