{"id":1624,"date":"2019-04-30T14:44:54","date_gmt":"2019-04-30T17:44:54","guid":{"rendered":"http:\/\/oasisfm935.com\/site\/?p=1624"},"modified":"2019-04-30T14:58:26","modified_gmt":"2019-04-30T17:58:26","slug":"entrega-de-pensiones-provinciales","status":"publish","type":"post","link":"https:\/\/oasisfm935.com.ar\/site\/entrega-de-pensiones-provinciales\/","title":{"rendered":"ENTREGA DE PENSIONES PROVINCIALES"},"content":{"rendered":"<p>Los beneficios corresponden a Discapacidad (Ley N\u00b02226), Incapacidad Laboral (N\u00b0786) y de Bomberos Voluntarios (Ley N\u00b02571). En lo que va de gesti\u00f3n, se han entregado 303 pensiones.Esta ma\u00f1ana, en el Sal\u00f3n de Acuerdos de Casa de Gobierno, tuvo lugar el acto de entrega de 52 pensiones provinciales a vecinos de varias localidades, con la particularidad que se otorgaron las primeras cinco a bomberos voluntarios.<br \/>\nEl acto fue encabezado por la ministra de Desarrollo Social, Fernanda Alonso, y el ministro de Seguridad, Julio Gonz\u00e1lez, acompa\u00f1ados por el diputado nacional, Ariel Rauschenberger, intendentes, la subsecretaria de Descentralizaci\u00f3n Territorial, Patricia Lav\u00edn, el subsecretario de Lucha contra el Narcotr\u00e1fico, Agust\u00edn Garc\u00eda, el subsecretario de Protecci\u00f3n a la Comunidad, Lisandro Ranocchia, el presidente de la Federaci\u00f3n de Bomberos, Ariel Alejo, y dem\u00e1s funcionarios provinciales.<br \/>\nEn nombre del Gobierno provincial, la ministra Fernanda Alonso, agradeci\u00f3 la presencia y el acompa\u00f1amiento, oportunidad en la que destac\u00f3, que en el marco de las leyes vigentes en La Pampa, se atienden las necesidades que se van presentando. \u201cEl Gobierno de la Provincia hoy est\u00e1 atendiendo una demanda que no atiende el Gobierno nacional y que a nosotros nos ha significado ampliar las posibilidades presupuestarias; la demanda ha superado nuestras posibilidades de atenci\u00f3n, porque realmente es much\u00edsima la gente que le corresponder\u00eda acceder a un beneficio a nivel nacional y al no poder hacerlo, es al Gobierno de La Pampa a quien se le viene a solicitar esta posibilidad\u201d, expres\u00f3.<\/p>\n<p><a href=\"http:\/\/oasisfm935.com\/site\/wp-content\/uploads\/2019\/04\/58629848_2312741872322035_3095853293570621440_n.jpg\"><img loading=\"lazy\" decoding=\"async\" class=\"alignnone size-full wp-image-1628\" src=\"http:\/\/oasisfm935.com\/site\/wp-content\/uploads\/2019\/04\/58629848_2312741872322035_3095853293570621440_n.jpg\" alt=\"\" width=\"960\" height=\"767\" srcset=\"https:\/\/oasisfm935.com.ar\/site\/wp-content\/uploads\/2019\/04\/58629848_2312741872322035_3095853293570621440_n.jpg 960w, https:\/\/oasisfm935.com.ar\/site\/wp-content\/uploads\/2019\/04\/58629848_2312741872322035_3095853293570621440_n-300x240.jpg 300w, https:\/\/oasisfm935.com.ar\/site\/wp-content\/uploads\/2019\/04\/58629848_2312741872322035_3095853293570621440_n-768x614.jpg 768w\" sizes=\"auto, (max-width: 960px) 100vw, 960px\" \/><\/a><\/p>\n<p>Alonso coment\u00f3 que en m\u00e1s de tres a\u00f1os de gesti\u00f3n se llevan entregadas 303 pensiones, \u201ca\u00f1o tras a\u00f1o fuimos atendiendo la demanda, al punto que hoy, en estos cuatro meses de vigencia del a\u00f1o 2019, ya hemos superado lo que otorg\u00e1bamos anualmente, estamos en 68 pensiones. Es un esfuerzo importante que hace el Gobierno provincial desde lo presupuestario, pero convencidos que es la manera de acompa\u00f1ar a la poblaci\u00f3n que necesita de, no solo un ingreso econ\u00f3mico mensual que le permita tener previsibilidad en su presupuesto cotidiano, sino tambi\u00e9n la posibilidad de acceder a una obra social ejemplar como es el SEMPRE\u201d.<\/p>\n<p><a href=\"http:\/\/oasisfm935.com\/site\/wp-content\/uploads\/2019\/04\/58684961_2312741832322039_3739408753661837312_n.jpg\"><img loading=\"lazy\" decoding=\"async\" class=\"alignnone size-full wp-image-1629\" src=\"http:\/\/oasisfm935.com\/site\/wp-content\/uploads\/2019\/04\/58684961_2312741832322039_3739408753661837312_n.jpg\" alt=\"\" width=\"960\" height=\"767\" srcset=\"https:\/\/oasisfm935.com.ar\/site\/wp-content\/uploads\/2019\/04\/58684961_2312741832322039_3739408753661837312_n.jpg 960w, https:\/\/oasisfm935.com.ar\/site\/wp-content\/uploads\/2019\/04\/58684961_2312741832322039_3739408753661837312_n-300x240.jpg 300w, https:\/\/oasisfm935.com.ar\/site\/wp-content\/uploads\/2019\/04\/58684961_2312741832322039_3739408753661837312_n-768x614.jpg 768w\" sizes=\"auto, (max-width: 960px) 100vw, 960px\" \/><\/a><br \/>\nFinalmente hizo hincapi\u00e9 en la decisi\u00f3n pol\u00edtica del gobernador Carlos Verna, de ampliar los cupos a fines del a\u00f1o pasado, \u201cpara que hoy ustedes puedan acceder a estas pensiones. Es importante que todos dimensionemos que en momentos de crisis, como vivimos en el pa\u00eds y que nuestra Provincia no es ajena, el Gobierno de La Pampa sigue apostando por las personas que menos tienen y entendiendo estas situaciones que reasignan recursos y otorgan derechos. Felicitaciones y un especial reconocimiento a nuestros bomberos voluntarios, que hoy van a poder acceder a este beneficio que Ariel Rauschenberger cuando fue diputado provincial impuls\u00f3, y nuestra C\u00e1mara de Diputados aprob\u00f3, y hoy se hace efectiva la entrega de los primeros cinco que culminaron el tr\u00e1mite administrativo\u201d.<\/p>\n<div class=\"oasis-despues-del-contenido\" id=\"oasis-2313064891\"><img loading=\"lazy\" decoding=\"async\" src=\"https:\/\/oasisfm935.com.ar\/site\/wp-content\/uploads\/2020\/08\/47806202-8741-49f2-a5c9-d2f930e5baa1.jpg\" alt=\"\"  srcset=\"https:\/\/oasisfm935.com.ar\/site\/wp-content\/uploads\/2020\/08\/47806202-8741-49f2-a5c9-d2f930e5baa1.jpg 1080w, https:\/\/oasisfm935.com.ar\/site\/wp-content\/uploads\/2020\/08\/47806202-8741-49f2-a5c9-d2f930e5baa1-300x300.jpg 300w, https:\/\/oasisfm935.com.ar\/site\/wp-content\/uploads\/2020\/08\/47806202-8741-49f2-a5c9-d2f930e5baa1-1024x1024.jpg 1024w, https:\/\/oasisfm935.com.ar\/site\/wp-content\/uploads\/2020\/08\/47806202-8741-49f2-a5c9-d2f930e5baa1-150x150.jpg 150w, https:\/\/oasisfm935.com.ar\/site\/wp-content\/uploads\/2020\/08\/47806202-8741-49f2-a5c9-d2f930e5baa1-768x768.jpg 768w\" sizes=\"(max-width: 1080px) 100vw, 1080px\" class=\"no-lazyload\" width=\"1080\" height=\"1080\"  style=\"display: inline-block;\" \/><\/div>","protected":false},"excerpt":{"rendered":"<p>Los beneficios corresponden a Discapacidad (Ley N\u00b02226), Incapacidad Laboral (N\u00b0786) y de Bomberos Voluntarios (Ley N\u00b02571). En lo que va de gesti\u00f3n,<\/p>\n","protected":false},"author":4,"featured_media":1635,"comment_status":"closed","ping_status":"open","sticky":false,"template":"","format":"standard","meta":{"colormag_page_layout":"default_layout","footnotes":""},"categories":[2],"tags":[],"class_list":["post-1624","post","type-post","status-publish","format-standard","has-post-thumbnail","hentry","category-noticias"],"_links":{"self":[{"href":"https:\/\/oasisfm935.com.ar\/site\/wp-json\/wp\/v2\/posts\/1624","targetHints":{"allow":["GET"]}}],"collection":[{"href":"https:\/\/oasisfm935.com.ar\/site\/wp-json\/wp\/v2\/posts"}],"about":[{"href":"https:\/\/oasisfm935.com.ar\/site\/wp-json\/wp\/v2\/types\/post"}],"author":[{"embeddable":true,"href":"https:\/\/oasisfm935.com.ar\/site\/wp-json\/wp\/v2\/users\/4"}],"replies":[{"embeddable":true,"href":"https:\/\/oasisfm935.com.ar\/site\/wp-json\/wp\/v2\/comments?post=1624"}],"version-history":[{"count":1,"href":"https:\/\/oasisfm935.com.ar\/site\/wp-json\/wp\/v2\/posts\/1624\/revisions"}],"predecessor-version":[{"id":1630,"href":"https:\/\/oasisfm935.com.ar\/site\/wp-json\/wp\/v2\/posts\/1624\/revisions\/1630"}],"wp:featuredmedia":[{"embeddable":true,"href":"https:\/\/oasisfm935.com.ar\/site\/wp-json\/wp\/v2\/media\/1635"}],"wp:attachment":[{"href":"https:\/\/oasisfm935.com.ar\/site\/wp-json\/wp\/v2\/media?parent=1624"}],"wp:term":[{"taxonomy":"category","embeddable":true,"href":"https:\/\/oasisfm935.com.ar\/site\/wp-json\/wp\/v2\/categories?post=1624"},{"taxonomy":"post_tag","embeddable":true,"href":"https:\/\/oasisfm935.com.ar\/site\/wp-json\/wp\/v2\/tags?post=1624"}],"curies":[{"name":"wp","href":"https:\/\/api.w.org\/{rel}","templated":true}]}}