{"id":1639,"date":"2019-05-01T11:25:00","date_gmt":"2019-05-01T14:25:00","guid":{"rendered":"http:\/\/oasisfm935.com\/site\/?p=1639"},"modified":"2019-05-01T11:25:00","modified_gmt":"2019-05-01T14:25:00","slug":"hoy-cumple-85-anos-el-cuatro-veces-gobernador-de-la-pampa-ruben-hugo-marin","status":"publish","type":"post","link":"https:\/\/oasisfm935.com.ar\/site\/hoy-cumple-85-anos-el-cuatro-veces-gobernador-de-la-pampa-ruben-hugo-marin\/","title":{"rendered":"Hoy cumple 85 a\u00f1os el cuatro veces gobernador de La Pampa, Rub\u00e9n Hugo Mar\u00edn"},"content":{"rendered":"<div class=\"container-fluid\">\n<div class=\"row marg15B\">\n<div class=\"col-lg-12 col-md-12 col-sm-12 col-xs-12\">\n<div class=\"item-page\">\n<div>\n<div class=\"texto_noticia_politico\">\n<p>&nbsp;<\/p>\n<p>Rub\u00e9n Hugo Mar\u00edn naci\u00f3 en la vecina localidad de Trenel, en el a\u00f1o 1934. Fue cuatro veces gobernador de la provincia de La Pampa.<\/p>\n<p>Se recibi\u00f3 de abogado en 1961 y estuvo afiliado desde su juventud al peronismo. Hacia finales de la dictadura de Lanusse fue funcionario del Ministerio de Trabajo en General Pico.<\/p>\n<p>Fue elegido vicegobernador en 1973, acompa\u00f1ando a Aquiles Regazzoli. La izquierda peronista lo identific\u00f3 como representante de los sectores m\u00e1s derechistas del gobierno, en contraposici\u00f3n a las supuestas simpat\u00edas del gobernador con la Juventud Peronista.\u200b Su gesti\u00f3n estuvo marcada por el continuo enfrentamiento con el gobernador, a quien se intent\u00f3 apartar del cargo.<\/p>\n<p>Durante la \u00faltima dictadura estuvo varias semanas preso, y volvi\u00f3 al ejercicio de la abogac\u00eda.<\/p>\n<p>Con el regreso a la democracia, fue elegido gobernador en 1983 con el 40,22% de los votos, asumiendo el gobierno en diciembre de ese a\u00f1o. La escasa diferencia de votos con la Uni\u00f3n C\u00edvica Radical lo oblig\u00f3 a negociar permanentemente con ese partido desde su gobierno. Impuls\u00f3 juicios por las violaciones a los derechos humanos durante la dictadura.<\/p>\n<p>Al t\u00e9rmino de su mandato fue elegido diputado nacional, y luego senador nacional. Apoy\u00f3 la pol\u00edtica del presidente Carlos Menem.<\/p>\n<p>Fue nuevamente elegido gobernador de su provincia en 1991, y reelegido en 1995 y 1999, con el 49%, el 54% y el 57% de los votos, respectivamente. Durante su mandato se reform\u00f3 la Constituci\u00f3n provincial para permitir la reelecci\u00f3n del gobernador, como parte de una reforma electoral completa, por la ley provincial N\u00b01593, de fines de 1994.<\/p>\n<p>Llev\u00f3 adelante una ambiciosa pol\u00edtica educativa, centrada en la capacitaci\u00f3n constante de los maestros y profesores y la intercomunicaci\u00f3n entre las casas de estudios. Durante su gesti\u00f3n construy\u00f3 un largo acueducto desde el embalse de Casa de Piedra hacia la mayor parte de las ciudades de la provincia.\u200b Se manifest\u00f3 como un decidido partidario de Menem, de quien obtuvo varias ventajas para su provincia seg\u00fan publica\u00a0wikipedia.<\/p>\n<p>Fue tambi\u00e9n convencional constituyente nacional en 1994. Al a\u00f1o siguiente firm\u00f3 por su provincia el acta fundacional de la Regi\u00f3n de la Patagonia, que engloba a las provincias habitualmente consideradas parte de la Patagonia Argentina y a La Pampa.<\/p>\n<p>En 2003, al t\u00e9rmino de su mandato, fue elegido senador nacional por segunda vez. En esta oportunidad adhiri\u00f3 a la pol\u00edtica de los presidentes N\u00e9stor Kirchner y Cristina Fern\u00e1ndez de Kirchner. En 2007 se present\u00f3 como precandidato a gobernador, pero fue derrotado por el candidato del gobernador Verna, Oscar Jorge.\u200b Al a\u00f1o siguiente, en ocasi\u00f3n del paro agropecuario, vot\u00f3 en contra del proyecto del gobierno nacional.<\/p>\n<p>Desde el final de su mandato como senador en 2009, particip\u00f3 marginalmente en pol\u00edtica, como presidente del justicialismo en La Pampa, y oscilando entre la oposici\u00f3n y el oficialismo. A principios de 2012 fue intervenido quir\u00fargicamente por un c\u00e1ncer de pulm\u00f3n.<\/p>\n<\/div>\n<\/div>\n<\/div>\n<\/div>\n<\/div>\n<div class=\"row\">\n<div class=\"col-lg-12 col-md-12 col-sm-12 col-xs-12\">\n<div class=\"custom\">\n<div class=\"marg15B marg15T\" align=\"center\"><\/div>\n<\/div>\n<\/div>\n<\/div>\n<div class=\"row\">\n<div class=\"col-lg-12 col-md-12 col-sm-12 col-xs-12\">\n<div class=\"module_turnero\">\n<div role=\"tabpanel\">\n<div class=\"tab-content\">\n<div id=\"date_1\" class=\"active\" role=\"tabpanel\">\n<div class=\"info_text\"><\/div>\n<\/div>\n<\/div>\n<\/div>\n<\/div>\n<\/div>\n<\/div>\n<\/div>\n<div class=\"highslide-container\"><\/div>\n<div class=\"oasis-despues-del-contenido\" id=\"oasis-1131264595\"><img loading=\"lazy\" decoding=\"async\" src=\"https:\/\/oasisfm935.com.ar\/site\/wp-content\/uploads\/2020\/08\/47806202-8741-49f2-a5c9-d2f930e5baa1.jpg\" alt=\"\"  srcset=\"https:\/\/oasisfm935.com.ar\/site\/wp-content\/uploads\/2020\/08\/47806202-8741-49f2-a5c9-d2f930e5baa1.jpg 1080w, https:\/\/oasisfm935.com.ar\/site\/wp-content\/uploads\/2020\/08\/47806202-8741-49f2-a5c9-d2f930e5baa1-300x300.jpg 300w, https:\/\/oasisfm935.com.ar\/site\/wp-content\/uploads\/2020\/08\/47806202-8741-49f2-a5c9-d2f930e5baa1-1024x1024.jpg 1024w, https:\/\/oasisfm935.com.ar\/site\/wp-content\/uploads\/2020\/08\/47806202-8741-49f2-a5c9-d2f930e5baa1-150x150.jpg 150w, https:\/\/oasisfm935.com.ar\/site\/wp-content\/uploads\/2020\/08\/47806202-8741-49f2-a5c9-d2f930e5baa1-768x768.jpg 768w\" sizes=\"(max-width: 1080px) 100vw, 1080px\" class=\"no-lazyload\" width=\"1080\" height=\"1080\"  style=\"display: inline-block;\" \/><\/div>","protected":false},"excerpt":{"rendered":"<p>&nbsp; Rub\u00e9n Hugo Mar\u00edn naci\u00f3 en la vecina localidad de Trenel, en el a\u00f1o 1934. Fue cuatro veces gobernador de la provincia<\/p>\n","protected":false},"author":4,"featured_media":1640,"comment_status":"closed","ping_status":"open","sticky":false,"template":"","format":"standard","meta":{"colormag_page_layout":"default_layout","footnotes":""},"categories":[2],"tags":[],"class_list":["post-1639","post","type-post","status-publish","format-standard","has-post-thumbnail","hentry","category-noticias"],"_links":{"self":[{"href":"https:\/\/oasisfm935.com.ar\/site\/wp-json\/wp\/v2\/posts\/1639","targetHints":{"allow":["GET"]}}],"collection":[{"href":"https:\/\/oasisfm935.com.ar\/site\/wp-json\/wp\/v2\/posts"}],"about":[{"href":"https:\/\/oasisfm935.com.ar\/site\/wp-json\/wp\/v2\/types\/post"}],"author":[{"embeddable":true,"href":"https:\/\/oasisfm935.com.ar\/site\/wp-json\/wp\/v2\/users\/4"}],"replies":[{"embeddable":true,"href":"https:\/\/oasisfm935.com.ar\/site\/wp-json\/wp\/v2\/comments?post=1639"}],"version-history":[{"count":1,"href":"https:\/\/oasisfm935.com.ar\/site\/wp-json\/wp\/v2\/posts\/1639\/revisions"}],"predecessor-version":[{"id":1641,"href":"https:\/\/oasisfm935.com.ar\/site\/wp-json\/wp\/v2\/posts\/1639\/revisions\/1641"}],"wp:featuredmedia":[{"embeddable":true,"href":"https:\/\/oasisfm935.com.ar\/site\/wp-json\/wp\/v2\/media\/1640"}],"wp:attachment":[{"href":"https:\/\/oasisfm935.com.ar\/site\/wp-json\/wp\/v2\/media?parent=1639"}],"wp:term":[{"taxonomy":"category","embeddable":true,"href":"https:\/\/oasisfm935.com.ar\/site\/wp-json\/wp\/v2\/categories?post=1639"},{"taxonomy":"post_tag","embeddable":true,"href":"https:\/\/oasisfm935.com.ar\/site\/wp-json\/wp\/v2\/tags?post=1639"}],"curies":[{"name":"wp","href":"https:\/\/api.w.org\/{rel}","templated":true}]}}