{"id":1643,"date":"2019-05-02T08:56:34","date_gmt":"2019-05-02T11:56:34","guid":{"rendered":"http:\/\/oasisfm935.com\/site\/?p=1643"},"modified":"2019-05-02T08:56:34","modified_gmt":"2019-05-02T11:56:34","slug":"alerta-meteorologico-para-la-pampa-3","status":"publish","type":"post","link":"https:\/\/oasisfm935.com.ar\/site\/alerta-meteorologico-para-la-pampa-3\/","title":{"rendered":"Alerta meteorol\u00f3gico para La Pampa"},"content":{"rendered":"<p>El Servicio Meteorol\u00f3gico Nacional emiti\u00f3 este jueves a la ma\u00f1ana un alerta, por vientos intensos con r\u00e1fagas, para parte del territorio pampeano. Abarca, de manera puntual, el sur de La Pampa como as\u00ed tambi\u00e9n el centro y sur de la provincia de Buenos Aires, centro y este de Neuqu\u00e9n, y norte de R\u00edo Negro.<\/p>\n<p>Este informe fue emitido a las 6 de la ma\u00f1ana de este jueves 2 de mayo y se actualizar\u00e1 a partir de las 12.<\/p>\n<p><strong>ALERTA METEOROLOGICO 9 (06 HOA)<\/strong><br \/>\n<strong>Fen\u00f3meno:\u00a0<\/strong>\u00a0VIENTOS INTENSOS CON RAFAGAS<br \/>\n<strong>Zona de Cobertura:\u00a0<\/strong>CENTRO Y SUR DE LA PROVINCIA DE BUENOS AIRES. SUR DE LA PAMPA. CENTRO Y ESTE DE NEUQUEN. NORTE DE RIO NEGRO.<br \/>\n<strong>Situaci\u00f3n:<\/strong>SOBRE EL AREA DE COBERTURA SE PREVEN VIENTOS DEL OESTE Y NOROESTE CON VELOCIDADES ESTIMADAS ENTRE 50 Y 80 KM\/H CON RAFAGAS. LA INTENSIDAD DE LOS VIENTOS TENDERA A DISMINUIR A PARTIR DE LA TARDE DE HOY JUEVES. SE DETERMINA EL CESE DE ALERTA PARA EL CENTRO Y SUDESTE DE RIO NEGRO. EL OESTE DE NEUQUEN Y EL OESTE DE RIO NEGRO QUEDAN INCLUIDOS EN EL ALERTA METEOROLOGICO NUMERO 4 POR VIENTOS INTENSOS EN CORDILLERA. LOS PRONOSTICOS DE INTENSIDAD DE LOS VIENTOS SOBRE EL AREA MARITIMA ADYACENTE A LAS COSTAS DE BUENOS AIRES FUERON INCLUIDOS EN EL BOLETIN PARA NAVEGANTES.<\/p>\n<div class=\"oasis-despues-del-contenido\" id=\"oasis-953201256\"><img loading=\"lazy\" decoding=\"async\" src=\"https:\/\/oasisfm935.com.ar\/site\/wp-content\/uploads\/2020\/08\/47806202-8741-49f2-a5c9-d2f930e5baa1.jpg\" alt=\"\"  srcset=\"https:\/\/oasisfm935.com.ar\/site\/wp-content\/uploads\/2020\/08\/47806202-8741-49f2-a5c9-d2f930e5baa1.jpg 1080w, https:\/\/oasisfm935.com.ar\/site\/wp-content\/uploads\/2020\/08\/47806202-8741-49f2-a5c9-d2f930e5baa1-300x300.jpg 300w, https:\/\/oasisfm935.com.ar\/site\/wp-content\/uploads\/2020\/08\/47806202-8741-49f2-a5c9-d2f930e5baa1-1024x1024.jpg 1024w, https:\/\/oasisfm935.com.ar\/site\/wp-content\/uploads\/2020\/08\/47806202-8741-49f2-a5c9-d2f930e5baa1-150x150.jpg 150w, https:\/\/oasisfm935.com.ar\/site\/wp-content\/uploads\/2020\/08\/47806202-8741-49f2-a5c9-d2f930e5baa1-768x768.jpg 768w\" sizes=\"(max-width: 1080px) 100vw, 1080px\" class=\"no-lazyload\" width=\"1080\" height=\"1080\"  style=\"display: inline-block;\" \/><\/div>","protected":false},"excerpt":{"rendered":"<p>El Servicio Meteorol\u00f3gico Nacional emiti\u00f3 este jueves a la ma\u00f1ana un alerta, por vientos intensos con r\u00e1fagas, para parte del territorio pampeano.<\/p>\n","protected":false},"author":4,"featured_media":1644,"comment_status":"closed","ping_status":"open","sticky":false,"template":"","format":"standard","meta":{"colormag_page_layout":"default_layout","footnotes":""},"categories":[2],"tags":[],"class_list":["post-1643","post","type-post","status-publish","format-standard","has-post-thumbnail","hentry","category-noticias"],"_links":{"self":[{"href":"https:\/\/oasisfm935.com.ar\/site\/wp-json\/wp\/v2\/posts\/1643","targetHints":{"allow":["GET"]}}],"collection":[{"href":"https:\/\/oasisfm935.com.ar\/site\/wp-json\/wp\/v2\/posts"}],"about":[{"href":"https:\/\/oasisfm935.com.ar\/site\/wp-json\/wp\/v2\/types\/post"}],"author":[{"embeddable":true,"href":"https:\/\/oasisfm935.com.ar\/site\/wp-json\/wp\/v2\/users\/4"}],"replies":[{"embeddable":true,"href":"https:\/\/oasisfm935.com.ar\/site\/wp-json\/wp\/v2\/comments?post=1643"}],"version-history":[{"count":1,"href":"https:\/\/oasisfm935.com.ar\/site\/wp-json\/wp\/v2\/posts\/1643\/revisions"}],"predecessor-version":[{"id":1645,"href":"https:\/\/oasisfm935.com.ar\/site\/wp-json\/wp\/v2\/posts\/1643\/revisions\/1645"}],"wp:featuredmedia":[{"embeddable":true,"href":"https:\/\/oasisfm935.com.ar\/site\/wp-json\/wp\/v2\/media\/1644"}],"wp:attachment":[{"href":"https:\/\/oasisfm935.com.ar\/site\/wp-json\/wp\/v2\/media?parent=1643"}],"wp:term":[{"taxonomy":"category","embeddable":true,"href":"https:\/\/oasisfm935.com.ar\/site\/wp-json\/wp\/v2\/categories?post=1643"},{"taxonomy":"post_tag","embeddable":true,"href":"https:\/\/oasisfm935.com.ar\/site\/wp-json\/wp\/v2\/tags?post=1643"}],"curies":[{"name":"wp","href":"https:\/\/api.w.org\/{rel}","templated":true}]}}