{"id":1646,"date":"2019-05-02T09:17:17","date_gmt":"2019-05-02T12:17:17","guid":{"rendered":"http:\/\/oasisfm935.com\/site\/?p=1646"},"modified":"2019-05-02T09:17:35","modified_gmt":"2019-05-02T12:17:35","slug":"estudian-subsidiar-consumo-electrico-a-pymes-pampeanas","status":"publish","type":"post","link":"https:\/\/oasisfm935.com.ar\/site\/estudian-subsidiar-consumo-electrico-a-pymes-pampeanas\/","title":{"rendered":"Estudian subsidiar consumo el\u00e9ctrico a Pymes pampeanas"},"content":{"rendered":"<p>El presidente de la\u00a0<strong>Uni\u00f3n Industrial de La Pampa<\/strong>, Rub\u00e9n Gorordo, revel\u00f3 a Diario Textual que est\u00e1n trabajando en un informe que elevar\u00e1n al Ministerio de la Producci\u00f3n con el impacto que tiene la electricidad en cada empresa pampeana.\u00a0<strong>\u201cLa idea que nos transmitieron es subsidiar alg\u00fan punto la tarifa en aquellas industrias que utilizan mucha electricidad en su producci\u00f3n\u201d<\/strong>, dijo el dirigente.<\/p>\n<p>Gorordo dijo que los\u00a0<strong>tarifazos \u201cest\u00e1n castigando fuerte\u201d<\/strong>\u00a0a las empresas pampeanas y por eso pretenden avanzar con alguna medida que suavice el impacto.<\/p>\n<p><a href=\"http:\/\/oasisfm935.com\/site\/wp-content\/uploads\/2019\/05\/indecactividadeconomicaempleotrabajo1.jpg\"><img loading=\"lazy\" decoding=\"async\" class=\"alignnone size-full wp-image-1647\" src=\"http:\/\/oasisfm935.com\/site\/wp-content\/uploads\/2019\/05\/indecactividadeconomicaempleotrabajo1.jpg\" alt=\"\" width=\"626\" height=\"405\" srcset=\"https:\/\/oasisfm935.com.ar\/site\/wp-content\/uploads\/2019\/05\/indecactividadeconomicaempleotrabajo1.jpg 626w, https:\/\/oasisfm935.com.ar\/site\/wp-content\/uploads\/2019\/05\/indecactividadeconomicaempleotrabajo1-300x194.jpg 300w\" sizes=\"auto, (max-width: 626px) 100vw, 626px\" \/><\/a><\/p>\n<p><strong>\u201cEs una decisi\u00f3n pol\u00edtica aplica el subsidio a la luz, pero por lo que hemos charlado hay predispiosici\u00f3n\u201d<\/strong>, dijo.<\/p>\n<p>\u201cLo que nos pidieron desde el Ministerio de la Producci\u00f3n es\u00a0<strong>clasificar por empresa la incidencia que tiene la parte el\u00e9ctrica en la producci\u00f3n.<\/strong>\u00a0De esa forma se podr\u00e1 categorizar para ver si es posible alg\u00fan subsidio\u201d, explic\u00f3.<\/p>\n<p>A los graves problemas que ocasionan los tarifazos, se suma que la ca\u00edda del\u00a0<strong>consumo<\/strong>\u00a0no se detiene.\u00a0<strong>\u201cSigue a la baja y no hay signos de recuperaci\u00f3n\u201d<\/strong>, alert\u00f3.<\/p>\n<p>&nbsp;<\/p>\n<p>fuente Diario Textual<\/p>\n<div class=\"oasis-despues-del-contenido\" id=\"oasis-3524287833\"><img loading=\"lazy\" decoding=\"async\" src=\"https:\/\/oasisfm935.com.ar\/site\/wp-content\/uploads\/2020\/08\/47806202-8741-49f2-a5c9-d2f930e5baa1.jpg\" alt=\"\"  srcset=\"https:\/\/oasisfm935.com.ar\/site\/wp-content\/uploads\/2020\/08\/47806202-8741-49f2-a5c9-d2f930e5baa1.jpg 1080w, https:\/\/oasisfm935.com.ar\/site\/wp-content\/uploads\/2020\/08\/47806202-8741-49f2-a5c9-d2f930e5baa1-300x300.jpg 300w, https:\/\/oasisfm935.com.ar\/site\/wp-content\/uploads\/2020\/08\/47806202-8741-49f2-a5c9-d2f930e5baa1-1024x1024.jpg 1024w, https:\/\/oasisfm935.com.ar\/site\/wp-content\/uploads\/2020\/08\/47806202-8741-49f2-a5c9-d2f930e5baa1-150x150.jpg 150w, https:\/\/oasisfm935.com.ar\/site\/wp-content\/uploads\/2020\/08\/47806202-8741-49f2-a5c9-d2f930e5baa1-768x768.jpg 768w\" sizes=\"(max-width: 1080px) 100vw, 1080px\" class=\"no-lazyload\" width=\"1080\" height=\"1080\"  style=\"display: inline-block;\" \/><\/div>","protected":false},"excerpt":{"rendered":"<p>El presidente de la\u00a0Uni\u00f3n Industrial de La Pampa, Rub\u00e9n Gorordo, revel\u00f3 a Diario Textual que est\u00e1n trabajando en un informe que elevar\u00e1n<\/p>\n","protected":false},"author":4,"featured_media":876,"comment_status":"closed","ping_status":"open","sticky":false,"template":"","format":"standard","meta":{"colormag_page_layout":"default_layout","footnotes":""},"categories":[2],"tags":[],"class_list":["post-1646","post","type-post","status-publish","format-standard","has-post-thumbnail","hentry","category-noticias"],"_links":{"self":[{"href":"https:\/\/oasisfm935.com.ar\/site\/wp-json\/wp\/v2\/posts\/1646","targetHints":{"allow":["GET"]}}],"collection":[{"href":"https:\/\/oasisfm935.com.ar\/site\/wp-json\/wp\/v2\/posts"}],"about":[{"href":"https:\/\/oasisfm935.com.ar\/site\/wp-json\/wp\/v2\/types\/post"}],"author":[{"embeddable":true,"href":"https:\/\/oasisfm935.com.ar\/site\/wp-json\/wp\/v2\/users\/4"}],"replies":[{"embeddable":true,"href":"https:\/\/oasisfm935.com.ar\/site\/wp-json\/wp\/v2\/comments?post=1646"}],"version-history":[{"count":2,"href":"https:\/\/oasisfm935.com.ar\/site\/wp-json\/wp\/v2\/posts\/1646\/revisions"}],"predecessor-version":[{"id":1649,"href":"https:\/\/oasisfm935.com.ar\/site\/wp-json\/wp\/v2\/posts\/1646\/revisions\/1649"}],"wp:featuredmedia":[{"embeddable":true,"href":"https:\/\/oasisfm935.com.ar\/site\/wp-json\/wp\/v2\/media\/876"}],"wp:attachment":[{"href":"https:\/\/oasisfm935.com.ar\/site\/wp-json\/wp\/v2\/media?parent=1646"}],"wp:term":[{"taxonomy":"category","embeddable":true,"href":"https:\/\/oasisfm935.com.ar\/site\/wp-json\/wp\/v2\/categories?post=1646"},{"taxonomy":"post_tag","embeddable":true,"href":"https:\/\/oasisfm935.com.ar\/site\/wp-json\/wp\/v2\/tags?post=1646"}],"curies":[{"name":"wp","href":"https:\/\/api.w.org\/{rel}","templated":true}]}}