{"id":16539,"date":"2024-06-01T10:14:44","date_gmt":"2024-06-01T13:14:44","guid":{"rendered":"https:\/\/oasisfm935.com.ar\/site\/?p=16539"},"modified":"2024-06-01T10:14:44","modified_gmt":"2024-06-01T13:14:44","slug":"volvieron-a-subir-los-combustibles-estos-son-los-precios-en-la-pampa","status":"publish","type":"post","link":"https:\/\/oasisfm935.com.ar\/site\/volvieron-a-subir-los-combustibles-estos-son-los-precios-en-la-pampa\/","title":{"rendered":"Volvieron a subir los combustibles: estos son los precios en La Pampa"},"content":{"rendered":"<p>Desde la medianoche de hoy, el precio de la nafta y el gasoil aument\u00f3 otra vez en todo el pa\u00eds. El incremento, que responde al aumento del impuesto a los combustibles l\u00edquidos (ICL) y al traslado de la devaluaci\u00f3n, promediar\u00e1 el 3,5% por ciento.<\/p>\n<p>Seg\u00fan un relevamiento con el nuevo importe desde este s\u00e1bado 1\u00b0 de junio, la Nafta Super pas\u00f3 a costar <strong>$808<\/strong> (estaba en $777); la Nafta Infinia, <strong>$1025<\/strong> ($985); el Di\u00e9sel 500, <strong>$1033<\/strong> ($1007); y el gasoil Infinia Di\u00e9sel, <strong>$1261<\/strong> ($1230).<\/p>\n<div class=\"oasis-despues-del-contenido\" id=\"oasis-3873155540\"><img loading=\"lazy\" decoding=\"async\" src=\"https:\/\/oasisfm935.com.ar\/site\/wp-content\/uploads\/2020\/08\/47806202-8741-49f2-a5c9-d2f930e5baa1.jpg\" alt=\"\"  srcset=\"https:\/\/oasisfm935.com.ar\/site\/wp-content\/uploads\/2020\/08\/47806202-8741-49f2-a5c9-d2f930e5baa1.jpg 1080w, https:\/\/oasisfm935.com.ar\/site\/wp-content\/uploads\/2020\/08\/47806202-8741-49f2-a5c9-d2f930e5baa1-300x300.jpg 300w, https:\/\/oasisfm935.com.ar\/site\/wp-content\/uploads\/2020\/08\/47806202-8741-49f2-a5c9-d2f930e5baa1-1024x1024.jpg 1024w, https:\/\/oasisfm935.com.ar\/site\/wp-content\/uploads\/2020\/08\/47806202-8741-49f2-a5c9-d2f930e5baa1-150x150.jpg 150w, https:\/\/oasisfm935.com.ar\/site\/wp-content\/uploads\/2020\/08\/47806202-8741-49f2-a5c9-d2f930e5baa1-768x768.jpg 768w\" sizes=\"(max-width: 1080px) 100vw, 1080px\" class=\"no-lazyload\" width=\"1080\" height=\"1080\"  style=\"display: inline-block;\" \/><\/div>","protected":false},"excerpt":{"rendered":"<p>Desde la medianoche de hoy, el precio de la nafta y el gasoil aument\u00f3 otra vez en todo el pa\u00eds. El incremento,<\/p>\n","protected":false},"author":4,"featured_media":16542,"comment_status":"closed","ping_status":"open","sticky":false,"template":"","format":"standard","meta":{"colormag_page_layout":"default_layout","footnotes":""},"categories":[2],"tags":[33,52,50,84,69,10,65,51,59,32],"class_list":["post-16539","post","type-post","status-publish","format-standard","has-post-thumbnail","hentry","category-noticias","tag-aumentocombustible","tag-economia","tag-inflacion","tag-javiermilei","tag-lapampa","tag-luiggi","tag-ministeriodeeconomia","tag-nacionales","tag-provinciales","tag-ypf"],"_links":{"self":[{"href":"https:\/\/oasisfm935.com.ar\/site\/wp-json\/wp\/v2\/posts\/16539","targetHints":{"allow":["GET"]}}],"collection":[{"href":"https:\/\/oasisfm935.com.ar\/site\/wp-json\/wp\/v2\/posts"}],"about":[{"href":"https:\/\/oasisfm935.com.ar\/site\/wp-json\/wp\/v2\/types\/post"}],"author":[{"embeddable":true,"href":"https:\/\/oasisfm935.com.ar\/site\/wp-json\/wp\/v2\/users\/4"}],"replies":[{"embeddable":true,"href":"https:\/\/oasisfm935.com.ar\/site\/wp-json\/wp\/v2\/comments?post=16539"}],"version-history":[{"count":1,"href":"https:\/\/oasisfm935.com.ar\/site\/wp-json\/wp\/v2\/posts\/16539\/revisions"}],"predecessor-version":[{"id":16543,"href":"https:\/\/oasisfm935.com.ar\/site\/wp-json\/wp\/v2\/posts\/16539\/revisions\/16543"}],"wp:featuredmedia":[{"embeddable":true,"href":"https:\/\/oasisfm935.com.ar\/site\/wp-json\/wp\/v2\/media\/16542"}],"wp:attachment":[{"href":"https:\/\/oasisfm935.com.ar\/site\/wp-json\/wp\/v2\/media?parent=16539"}],"wp:term":[{"taxonomy":"category","embeddable":true,"href":"https:\/\/oasisfm935.com.ar\/site\/wp-json\/wp\/v2\/categories?post=16539"},{"taxonomy":"post_tag","embeddable":true,"href":"https:\/\/oasisfm935.com.ar\/site\/wp-json\/wp\/v2\/tags?post=16539"}],"curies":[{"name":"wp","href":"https:\/\/api.w.org\/{rel}","templated":true}]}}