{"id":1654,"date":"2019-05-02T11:17:51","date_gmt":"2019-05-02T14:17:51","guid":{"rendered":"http:\/\/oasisfm935.com\/site\/?p=1654"},"modified":"2019-05-02T11:18:36","modified_gmt":"2019-05-02T14:18:36","slug":"volvio-verna-y-lanzo-duras-criticas-al-gobierno-nacional-nos-sentimos-abandonados","status":"publish","type":"post","link":"https:\/\/oasisfm935.com.ar\/site\/volvio-verna-y-lanzo-duras-criticas-al-gobierno-nacional-nos-sentimos-abandonados\/","title":{"rendered":"Volvi\u00f3 Verna y lanz\u00f3 duras cr\u00edticas al Gobierno nacional: \u201cNos sentimos abandonados\u201d"},"content":{"rendered":"<p>El gobernador\u00a0<strong>Carlos Verna<\/strong>\u00a0volvi\u00f3 al ruedo p\u00fablico y, en su discurso en la C\u00e1mara de Diputados, cuestion\u00f3 duramente al Gobierno de Mauricio. \u00a0\u201cYa sab\u00edamos que no tienen coraz\u00f3n, pero resulta que ni son buenos con la calculadora\u201d, expres\u00f3, en un acto en el que signific\u00f3 su reaparici\u00f3n en un acto p\u00fablico luego de casi medio a\u00f1o. Fue ovacionado al ingresar al recinto.<\/p>\n<p>Este discurso deb\u00eda darlo en la apertura de sesiones del 1\u00b0 de marzo. Pero Verna pidi\u00f3 una postergaci\u00f3n, a ra\u00edz de que se encontraba en pleno tratamiento contra el c\u00e1ncer. Por eso lo hizo hoy, ya finalizado su tratamiento.<\/p>\n<p>\u201cLos 36 a\u00f1os de gobiernos peronistas en La Pampa sirvieron para construir pol\u00edticas de Estado. Son pol\u00edticas de Estado que le permiten crecer a La Pampa\u201d, expres\u00f3. \u201cLa soberan\u00eda pol\u00edtica de nuestra provincia nos libera de toda dominaci\u00f3n de cualquier Gobierno nacional intente\u201d, dijo.<\/p>\n<p>Dijo que, para intentar apretar al Gobierno, Casa Rosada no env\u00eda un peso. \u201cPor eso no nos arreglan las rutas nacionales ni nos dan fondos. Por eso nos deben m\u00e1s de 4 mil millones de pesos. Con todo ese olvido y ese desprecio, los pampeanos seguimos mejorando los \u00edndices de salud y educaci\u00f3n\u201d, expres\u00f3. \u201cY aunque se quieran hacer los distra\u00eddos, nos convertimos en referencia nacional y desnudamos la inoperancia e insensibilidad de un Gobierno nacional que nunca encontr\u00f3 el rumbo\u201d, expres\u00f3.<\/p>\n<p>\u201cHablaron de la pesada herencia y de la grieta. Ahora estamos con una inflaci\u00f3n incontrolable, con un d\u00f3lar imparable y con tasas de inter\u00e9s del 70 por ciento\u201d, sostuvo.<\/p>\n<p>Adem\u00e1s, dijo que los pampeanos se sienten \u201cabandonados\u201d por Casa Rosada.<\/p>\n<p>Fuente : Diario Textual<\/p>\n<div class=\"oasis-despues-del-contenido\" id=\"oasis-364626260\"><img loading=\"lazy\" decoding=\"async\" src=\"https:\/\/oasisfm935.com.ar\/site\/wp-content\/uploads\/2020\/08\/47806202-8741-49f2-a5c9-d2f930e5baa1.jpg\" alt=\"\"  srcset=\"https:\/\/oasisfm935.com.ar\/site\/wp-content\/uploads\/2020\/08\/47806202-8741-49f2-a5c9-d2f930e5baa1.jpg 1080w, https:\/\/oasisfm935.com.ar\/site\/wp-content\/uploads\/2020\/08\/47806202-8741-49f2-a5c9-d2f930e5baa1-300x300.jpg 300w, https:\/\/oasisfm935.com.ar\/site\/wp-content\/uploads\/2020\/08\/47806202-8741-49f2-a5c9-d2f930e5baa1-1024x1024.jpg 1024w, https:\/\/oasisfm935.com.ar\/site\/wp-content\/uploads\/2020\/08\/47806202-8741-49f2-a5c9-d2f930e5baa1-150x150.jpg 150w, https:\/\/oasisfm935.com.ar\/site\/wp-content\/uploads\/2020\/08\/47806202-8741-49f2-a5c9-d2f930e5baa1-768x768.jpg 768w\" sizes=\"(max-width: 1080px) 100vw, 1080px\" class=\"no-lazyload\" width=\"1080\" height=\"1080\"  style=\"display: inline-block;\" \/><\/div>","protected":false},"excerpt":{"rendered":"<p>El gobernador\u00a0Carlos Verna\u00a0volvi\u00f3 al ruedo p\u00fablico y, en su discurso en la C\u00e1mara de Diputados, cuestion\u00f3 duramente al Gobierno de Mauricio. \u00a0\u201cYa<\/p>\n","protected":false},"author":4,"featured_media":1655,"comment_status":"closed","ping_status":"open","sticky":false,"template":"","format":"standard","meta":{"colormag_page_layout":"default_layout","footnotes":""},"categories":[2],"tags":[],"class_list":["post-1654","post","type-post","status-publish","format-standard","has-post-thumbnail","hentry","category-noticias"],"_links":{"self":[{"href":"https:\/\/oasisfm935.com.ar\/site\/wp-json\/wp\/v2\/posts\/1654","targetHints":{"allow":["GET"]}}],"collection":[{"href":"https:\/\/oasisfm935.com.ar\/site\/wp-json\/wp\/v2\/posts"}],"about":[{"href":"https:\/\/oasisfm935.com.ar\/site\/wp-json\/wp\/v2\/types\/post"}],"author":[{"embeddable":true,"href":"https:\/\/oasisfm935.com.ar\/site\/wp-json\/wp\/v2\/users\/4"}],"replies":[{"embeddable":true,"href":"https:\/\/oasisfm935.com.ar\/site\/wp-json\/wp\/v2\/comments?post=1654"}],"version-history":[{"count":1,"href":"https:\/\/oasisfm935.com.ar\/site\/wp-json\/wp\/v2\/posts\/1654\/revisions"}],"predecessor-version":[{"id":1656,"href":"https:\/\/oasisfm935.com.ar\/site\/wp-json\/wp\/v2\/posts\/1654\/revisions\/1656"}],"wp:featuredmedia":[{"embeddable":true,"href":"https:\/\/oasisfm935.com.ar\/site\/wp-json\/wp\/v2\/media\/1655"}],"wp:attachment":[{"href":"https:\/\/oasisfm935.com.ar\/site\/wp-json\/wp\/v2\/media?parent=1654"}],"wp:term":[{"taxonomy":"category","embeddable":true,"href":"https:\/\/oasisfm935.com.ar\/site\/wp-json\/wp\/v2\/categories?post=1654"},{"taxonomy":"post_tag","embeddable":true,"href":"https:\/\/oasisfm935.com.ar\/site\/wp-json\/wp\/v2\/tags?post=1654"}],"curies":[{"name":"wp","href":"https:\/\/api.w.org\/{rel}","templated":true}]}}