{"id":1663,"date":"2019-05-04T10:51:15","date_gmt":"2019-05-04T13:51:15","guid":{"rendered":"http:\/\/oasisfm935.com\/site\/?p=1663"},"modified":"2019-05-04T10:51:15","modified_gmt":"2019-05-04T13:51:15","slug":"insolito-nacion-adeuda-a-la-pampa-150-millones-por-asfalto-de-los-80","status":"publish","type":"post","link":"https:\/\/oasisfm935.com.ar\/site\/insolito-nacion-adeuda-a-la-pampa-150-millones-por-asfalto-de-los-80\/","title":{"rendered":"Ins\u00f3lito: Naci\u00f3n adeuda a La Pampa $150 millones por asfalto de los \u201980"},"content":{"rendered":"<p>La idea del presidente de la Naci\u00f3n, Mauricio Macri, relacionada a la posibilidad que La Pampa se haga cargo del financiamiento de la reparaci\u00f3n de la ruta nacional 152, cuya traza est\u00e1 intransitable entre El Carancho y Casa de Piedra, no cay\u00f3 para nada bien en la esfera gubernamental provincial. Y uno de los funcionarios que habl\u00f3 del tema es Jorge Etchichury. \u201cMe parece un desprop\u00f3sito de Naci\u00f3n\u201d, solt\u00f3 molesto el presidente de Vialidad Provincial. \u201cLa inversi\u00f3n, eventualmente, la haremos en nuestra red de caminos\u201d, acot\u00f3 a Diario Textual.<\/p>\n<p>El funcionario, incluso, record\u00f3 una situaci\u00f3n que dio lugar a una vieja deuda que nuestra provincia le sigue reclamando en vano a Naci\u00f3n. Todo sucedi\u00f3 en la d\u00e9cada del \u201980, cuando La Pampa tuvo que reparar \u00edntegramente la ruta provincial 1, que se deterior\u00f3 como consecuencia del desv\u00edo vehicular que recibi\u00f3 de la ruta nacional 33 que por entonces presentaba la calzada deteriorada. En ese tiempo se firm\u00f3 un convenio marco mediante el cual Vialidad Nacional le reconoc\u00eda a la Provincia los perjuicios ocasionados en la ruta 1 y, en consecuencia, se compromet\u00eda a afrontar el pago de las obras de reparaci\u00f3n.<\/p>\n<p>&nbsp;<\/p>\n<p>Las tareas se fueron haciendo en etapas, tiempo y forma. Primero se repaviment\u00f3 el tramo General Pico-Catril\u00f3, luego Catril\u00f3-Miguel Riglos y as\u00ed hasta llegar a Macach\u00edn. \u201cEl costo de todo ese trayecto fue reintegrado oportunamente por el Gobierno nacional pero lo que le sigui\u00f3 hacia el sur, es decir hasta General San Mart\u00edn, todav\u00eda lo adeuda salvo un peque\u00f1o tramo\u201d, revel\u00f3 Etchichury.<\/p>\n<p><b>\u2013 \u00bfNaci\u00f3n le debe a La Pampa tareas de pavimento desde los \u201980?<\/b><\/p>\n<p>\u2013 S\u00ed. Es m\u00e1s, ya nos cansamos de enviarle escritos a Vialidad Nacional con el reclamo correspondiente pero no obtenemos respuestas. El \u00faltimo pedido lo elev\u00e9 hace unos d\u00edas.<\/p>\n<p><strong>\u2013 \u00bfA cu\u00e1nto asciende la deuda?<\/strong><\/p>\n<p>\u2013 Es de unos 150 millones de pesos a valores actualizados.<\/p>\n<p>&nbsp;<\/p>\n<p>Diario Textual<\/p>\n<div class=\"oasis-despues-del-contenido\" id=\"oasis-528666096\"><img loading=\"lazy\" decoding=\"async\" src=\"https:\/\/oasisfm935.com.ar\/site\/wp-content\/uploads\/2020\/08\/47806202-8741-49f2-a5c9-d2f930e5baa1.jpg\" alt=\"\"  srcset=\"https:\/\/oasisfm935.com.ar\/site\/wp-content\/uploads\/2020\/08\/47806202-8741-49f2-a5c9-d2f930e5baa1.jpg 1080w, https:\/\/oasisfm935.com.ar\/site\/wp-content\/uploads\/2020\/08\/47806202-8741-49f2-a5c9-d2f930e5baa1-300x300.jpg 300w, https:\/\/oasisfm935.com.ar\/site\/wp-content\/uploads\/2020\/08\/47806202-8741-49f2-a5c9-d2f930e5baa1-1024x1024.jpg 1024w, https:\/\/oasisfm935.com.ar\/site\/wp-content\/uploads\/2020\/08\/47806202-8741-49f2-a5c9-d2f930e5baa1-150x150.jpg 150w, https:\/\/oasisfm935.com.ar\/site\/wp-content\/uploads\/2020\/08\/47806202-8741-49f2-a5c9-d2f930e5baa1-768x768.jpg 768w\" sizes=\"(max-width: 1080px) 100vw, 1080px\" class=\"no-lazyload\" width=\"1080\" height=\"1080\"  style=\"display: inline-block;\" \/><\/div>","protected":false},"excerpt":{"rendered":"<p>La idea del presidente de la Naci\u00f3n, Mauricio Macri, relacionada a la posibilidad que La Pampa se haga cargo del financiamiento de<\/p>\n","protected":false},"author":4,"featured_media":1664,"comment_status":"closed","ping_status":"open","sticky":false,"template":"","format":"standard","meta":{"colormag_page_layout":"default_layout","footnotes":""},"categories":[2],"tags":[],"class_list":["post-1663","post","type-post","status-publish","format-standard","has-post-thumbnail","hentry","category-noticias"],"_links":{"self":[{"href":"https:\/\/oasisfm935.com.ar\/site\/wp-json\/wp\/v2\/posts\/1663","targetHints":{"allow":["GET"]}}],"collection":[{"href":"https:\/\/oasisfm935.com.ar\/site\/wp-json\/wp\/v2\/posts"}],"about":[{"href":"https:\/\/oasisfm935.com.ar\/site\/wp-json\/wp\/v2\/types\/post"}],"author":[{"embeddable":true,"href":"https:\/\/oasisfm935.com.ar\/site\/wp-json\/wp\/v2\/users\/4"}],"replies":[{"embeddable":true,"href":"https:\/\/oasisfm935.com.ar\/site\/wp-json\/wp\/v2\/comments?post=1663"}],"version-history":[{"count":1,"href":"https:\/\/oasisfm935.com.ar\/site\/wp-json\/wp\/v2\/posts\/1663\/revisions"}],"predecessor-version":[{"id":1665,"href":"https:\/\/oasisfm935.com.ar\/site\/wp-json\/wp\/v2\/posts\/1663\/revisions\/1665"}],"wp:featuredmedia":[{"embeddable":true,"href":"https:\/\/oasisfm935.com.ar\/site\/wp-json\/wp\/v2\/media\/1664"}],"wp:attachment":[{"href":"https:\/\/oasisfm935.com.ar\/site\/wp-json\/wp\/v2\/media?parent=1663"}],"wp:term":[{"taxonomy":"category","embeddable":true,"href":"https:\/\/oasisfm935.com.ar\/site\/wp-json\/wp\/v2\/categories?post=1663"},{"taxonomy":"post_tag","embeddable":true,"href":"https:\/\/oasisfm935.com.ar\/site\/wp-json\/wp\/v2\/tags?post=1663"}],"curies":[{"name":"wp","href":"https:\/\/api.w.org\/{rel}","templated":true}]}}