{"id":1666,"date":"2019-05-04T12:22:10","date_gmt":"2019-05-04T15:22:10","guid":{"rendered":"http:\/\/oasisfm935.com\/site\/?p=1666"},"modified":"2019-05-04T12:22:10","modified_gmt":"2019-05-04T15:22:10","slug":"las-cooperativas-tendran-el-35-de-las-acciones-de-empatel","status":"publish","type":"post","link":"https:\/\/oasisfm935.com.ar\/site\/las-cooperativas-tendran-el-35-de-las-acciones-de-empatel\/","title":{"rendered":"Las cooperativas tendr\u00e1n el 35% de las acciones de Empatel"},"content":{"rendered":"<p>La empresa de telecomunicaciones que anunci\u00f3 el gobernador Carlos Verna el jueves en la legislatura\u00a0<strong>quedar\u00e1 bajo el control del estado provincial, con el 51% de participaci\u00f3n<\/strong>. Pero ser\u00e1 fundamental el rol de las cooperativas.<\/p>\n<p>El proyecto paa crear la Empresa Pampena de Telecomunicaciones que envi\u00f3 el gobernador Carlos Verna a la C\u00e1mara de Diputados el jueves pasado contempla que las cooperativas pampeanas tengan el 35% de las acciones de la nueva sociedad an\u00f3nima. Adem\u00e1s, la propuesta establece que el control estar\u00e1 en manos del estado provincial, con el 51%, la participaci\u00f3n de operadores privados, con el 4%, y de Aguas del Colorado, que opera la fibra \u00f3ptica, con el 10%.<\/p>\n<p>La iniciativa era un reclamo de las cooperativas desde hace un par de a\u00f1os.\u00a0<strong>Y fue el anuncio m\u00e1s importante del \u00faltimo discurso de Verna en su segundo per\u00edodo al frente del Ejecutivo provincial.<\/strong>Entre las cooperativas la expectativa es grande, auque advierten que para operar en el servicio de telefon\u00eda m\u00f3vil -un anhelo y el desaf\u00edo m\u00e1s importante para el futuro- es necesario que el gobierno nacional finalmente otorge una licencia para este tipo de empresas.<\/p>\n<p>La nueva empresa se constituir\u00e1 con n participaci\u00f3n mayoritaria estatal, en el marco de la Ley de Sociedades Comerciales, como ya sucede en La Pampa con las empresas Aguas del Colorado Sapem y Pampetrol Sapem que tambi\u00e9n controla el Estado provincial.<\/p>\n<p>El proyecto de ley propicia otorgar un plazo de 365 d\u00edas -a contar desde la promulgaci\u00f3n de la ley- para que el Poder Ejecutivo dicte el Estatuto Social y realice todos los actos y adecuaciones necesarias para la constituci\u00f3n y puesta en funcionamiento de la sociedad.<\/p>\n<p>Actualmente, la Provincia administra, opera y explota por s\u00ed y por intermedio de una sociedad estatal -Aguas del Colorado- una red de telecomunicaciones con una extensi\u00f3n de m\u00e1s de 180 kil\u00f3metros de fibra \u00f3ptica y su tendido se emplaza \u00edntegramente en La Pampa, con una cobertura del 90 por ciento de la poblaci\u00f3n pampeana.<\/p>\n<p>La empresa estatal provincial se llamar\u00e1 Empatel. Verna anunci\u00f3 que ser\u00e1 una \u00abSociedad An\u00f3nima con participaci\u00f3n estatal mayoritaria, con la participaci\u00f3n accionaria del Estado provincial, Aguas del Colorado, las cooperativas que deseen sumarse y de particulares\u00bb.<\/p>\n<p>En la legislatura se espera una acompa\u00f1amiento de la mayor\u00eda de los bloques.\u00a0En el texto del proyecto, el Ejecutivo pampeano destac\u00f3 que<strong>\u00a0\u00abes oportuno enfatizar que la concreci\u00f3n de la iniciativa resultar\u00e1 una herramienta trascendente para la ejecuci\u00f3n de pol\u00edticas de Estado en materia de telecomunicaciones destinadas al bienestar de todos los pampeanos\u00bb.<\/strong><\/p>\n<p>Advirtieron que las empresas Movistar, Telecom SA y Claro \u00abtienen rentabilidades exorbitantes y encabezan el ranking de los reclamos de los consumidores debido al deficiente servicio que prestan\u00bb, agregando que sin embargo, \u00abno invierten en zonas donde la rentabilidad econ\u00f3mica es nula o baja. Es necesario que la infraestructura del Estado provincial se ponga al servicio de los comprovincianos para resolver la problem\u00e1tica\u00bb.<\/p>\n<p>En Empatel, el 51 por ciento de las acciones ser\u00e1 para el Estado provincial (Acciones Clase \u00abA\u00bb), incorpor\u00e1ndose como socia a Aguas del Colorado, ya que tiene la operaci\u00f3n, mantenimiento, administraci\u00f3n y explotaci\u00f3n de la red de fibra \u00f3ptica -sistema de comunicaciones multimedias- instalada con el Acueducto del R\u00edo Colorado que es de absoluta importancia para concretar el objeto social. Participar\u00e1 con un 10 por ciento del capital accionario (Clase \u00abB\u00bb).<\/p>\n<p><strong>El rol de las cooperativas prestadoras de servicios p\u00fablicos pampeanos se concretar\u00e1 con el 35 por ciento del capital social (Clase \u00abC\u00bb) mientras que las peque\u00f1as y medianas empresas prestadoras de servicio de TV por cable -cableoperadores, Internet y otros servicios conexos, pueden participar en el 4 por ciento del capital social (Clase \u00abC\u00bb).<\/strong><\/p>\n<p>Despu\u00e9s de la promulgaci\u00f3n de la ley, el Ejecutivo tendr\u00e1 365 d\u00edas para dictar el estatuto social y realizar las adecuaciones necesarias para la constituci\u00f3n y puesta en marcha de la sociedad. La propuesta tambi\u00e9n propone instruir a los Directores del Banco de La Pampa a proponer la implementaci\u00f3n de l\u00edneas de cr\u00e9ditos preferenciales a las cooperativas de obras y servicios p\u00fablicos con domicilio en La Pampa para facilitar la integraci\u00f3n del capital social de Empatel y\/o para realizar los aportes que la sociedad disponga con el fin de concretar su objeto social.<\/p>\n<p>La Sapem, seg\u00fan se establece el art\u00edculo 2 del proyecto, \u00abtendr\u00e1 por objeto realizar por cuenta propia y\/o de terceros y\/o asociados a terceros, en el pa\u00eds o el exterior, la explotaci\u00f3n, comercializaci\u00f3n, prestaci\u00f3n y promoci\u00f3n de servicios de telecomunicaciones y cualquier otro asociado y\/o vinculado a los mismos, bajo cualquier tecnolog\u00eda actual o futura, incluidas comunicaciones de voz, video, datos o cualquier otra modalidad, para servicios urbanos, interurbanos, nacionales e internacionales a trav\u00e9s de todo medio de transporte (ondas radioel\u00e9ctricas, fibra \u00f3ptica, coaxial, par de cobres, aire, sat\u00e9lite), concretando las obras necesarias a tal fin\u00bb.<\/p>\n<p>Adem\u00e1s, deber\u00e1 prestar \u00abservicios de radiocomunicaci\u00f3n cuyas emisiones se destinen a ser recibidas directamente por el publico en general -servicio de radiodifusi\u00f3n, prestaci\u00f3n de servicios de telecomunicaciones entre oficinas o estaciones de telecomunicaci\u00f3n de cualquier naturaleza, situadas en el pa\u00eds o en pa\u00edses distintos, prestar servicios de telecomunicaci\u00f3n destinados principalmente al intercambio de informaci\u00f3n por medio de la palabra, sea \u00e9ste m\u00f3vil o fijo -telefon\u00eda-, y en general la prestaci\u00f3n de servicios de todo tipo de transmisiones, emisiones o recepciones de signos, datos, se\u00f1ales, escritos, im\u00e1genes, sonidos o informaci\u00f3n de cualquier naturaleza por hilo, radioelectricidad, medios \u00f3pticos u otros sistemas electromagn\u00e9ticos -telecomunicaciones en general- servicios de comunicaciones m\u00f3viles, servicios de valor agregado (datos, Internet)\u00bb.<\/p>\n<p>Podr\u00e1 adquirir tambi\u00e9n, entre otros puntos establecidos en el articulado de la normativa propuesta por el oficialismo, \u00abbajo cualquier t\u00edtulo, las licencias, frecuencias, permisos, habitaciones y dem\u00e1s autorizaciones, nacionales, provinciales y\/o municipales, publicas y\/o privadas, la fabricaci\u00f3n ensamble y\/o producci\u00f3n y en general las dem\u00e1s formas de actividad industrias relacionadas con las telecomunicaciones\u00bb.<\/p>\n<p>El art\u00edculo 6 marca que \u00abpara el primer mandato,<strong>\u00a0el Poder Ejecutivo podr\u00e1 designar Directores a funcionarios p\u00fablicos de su dependencia, en cuyo caso, los cargos se desempe\u00f1ar\u00e1n ad honorem y sin perjuicio del cumplimiento de las obligaciones propias de la funci\u00f3n publica\u00bb<\/strong>\u00a0y adem\u00e1s, podr\u00e1 reemplazar a todos o alguno de los directos que presentan al capital oficial, solo por el tiempo que falte para cumplirse con el mandato del Director saliente\u00bb.<\/p>\n<div class=\"oasis-despues-del-contenido\" id=\"oasis-3422924052\"><img loading=\"lazy\" decoding=\"async\" src=\"https:\/\/oasisfm935.com.ar\/site\/wp-content\/uploads\/2020\/08\/47806202-8741-49f2-a5c9-d2f930e5baa1.jpg\" alt=\"\"  srcset=\"https:\/\/oasisfm935.com.ar\/site\/wp-content\/uploads\/2020\/08\/47806202-8741-49f2-a5c9-d2f930e5baa1.jpg 1080w, https:\/\/oasisfm935.com.ar\/site\/wp-content\/uploads\/2020\/08\/47806202-8741-49f2-a5c9-d2f930e5baa1-300x300.jpg 300w, https:\/\/oasisfm935.com.ar\/site\/wp-content\/uploads\/2020\/08\/47806202-8741-49f2-a5c9-d2f930e5baa1-1024x1024.jpg 1024w, https:\/\/oasisfm935.com.ar\/site\/wp-content\/uploads\/2020\/08\/47806202-8741-49f2-a5c9-d2f930e5baa1-150x150.jpg 150w, https:\/\/oasisfm935.com.ar\/site\/wp-content\/uploads\/2020\/08\/47806202-8741-49f2-a5c9-d2f930e5baa1-768x768.jpg 768w\" sizes=\"(max-width: 1080px) 100vw, 1080px\" class=\"no-lazyload\" width=\"1080\" height=\"1080\"  style=\"display: inline-block;\" \/><\/div>","protected":false},"excerpt":{"rendered":"<p>La empresa de telecomunicaciones que anunci\u00f3 el gobernador Carlos Verna el jueves en la legislatura\u00a0quedar\u00e1 bajo el control del estado provincial, con<\/p>\n","protected":false},"author":4,"featured_media":1667,"comment_status":"closed","ping_status":"open","sticky":false,"template":"","format":"standard","meta":{"colormag_page_layout":"default_layout","footnotes":""},"categories":[2],"tags":[],"class_list":["post-1666","post","type-post","status-publish","format-standard","has-post-thumbnail","hentry","category-noticias"],"_links":{"self":[{"href":"https:\/\/oasisfm935.com.ar\/site\/wp-json\/wp\/v2\/posts\/1666","targetHints":{"allow":["GET"]}}],"collection":[{"href":"https:\/\/oasisfm935.com.ar\/site\/wp-json\/wp\/v2\/posts"}],"about":[{"href":"https:\/\/oasisfm935.com.ar\/site\/wp-json\/wp\/v2\/types\/post"}],"author":[{"embeddable":true,"href":"https:\/\/oasisfm935.com.ar\/site\/wp-json\/wp\/v2\/users\/4"}],"replies":[{"embeddable":true,"href":"https:\/\/oasisfm935.com.ar\/site\/wp-json\/wp\/v2\/comments?post=1666"}],"version-history":[{"count":1,"href":"https:\/\/oasisfm935.com.ar\/site\/wp-json\/wp\/v2\/posts\/1666\/revisions"}],"predecessor-version":[{"id":1668,"href":"https:\/\/oasisfm935.com.ar\/site\/wp-json\/wp\/v2\/posts\/1666\/revisions\/1668"}],"wp:featuredmedia":[{"embeddable":true,"href":"https:\/\/oasisfm935.com.ar\/site\/wp-json\/wp\/v2\/media\/1667"}],"wp:attachment":[{"href":"https:\/\/oasisfm935.com.ar\/site\/wp-json\/wp\/v2\/media?parent=1666"}],"wp:term":[{"taxonomy":"category","embeddable":true,"href":"https:\/\/oasisfm935.com.ar\/site\/wp-json\/wp\/v2\/categories?post=1666"},{"taxonomy":"post_tag","embeddable":true,"href":"https:\/\/oasisfm935.com.ar\/site\/wp-json\/wp\/v2\/tags?post=1666"}],"curies":[{"name":"wp","href":"https:\/\/api.w.org\/{rel}","templated":true}]}}