{"id":1670,"date":"2019-05-04T13:39:26","date_gmt":"2019-05-04T16:39:26","guid":{"rendered":"http:\/\/oasisfm935.com\/site\/?p=1670"},"modified":"2019-05-04T13:39:26","modified_gmt":"2019-05-04T16:39:26","slug":"retenciones-campos-pampeanos-pagaron-us-163-millones","status":"publish","type":"post","link":"https:\/\/oasisfm935.com.ar\/site\/retenciones-campos-pampeanos-pagaron-us-163-millones\/","title":{"rendered":"Retenciones: campos pampeanos pagaron U$S 163 millones"},"content":{"rendered":"<p>Seg\u00fan la Secretar\u00eda de Agroindustria y la C\u00e1mara de Exportadores de la Rep\u00fablica Argentina, en base a datos de la AFIP, las exportaciones de granos de La Pampa le dej\u00f3 al fisco nacional 163 millones de d\u00f3lares (7.500 millones de pesos).<br \/>\nJuan Jos\u00e9 Reyes<br \/>\nLa campa\u00f1a 2018\/19 fue r\u00e9cord hist\u00f3rico de producci\u00f3n en La Pampa, ya que super\u00f3 por vez primera los 4 millones de toneladas entre los cinco principales granos. Si bien los precios en los mercados externos no fueron de los mejores, la historia regional da cuenta que con un d\u00f3lar m\u00e1s caro siempre tuvo en el campo color verde esperanza, aunque como siempre con una presi\u00f3n fiscal insostenible.<br \/>\nLas retenciones a las exportaciones fueron introducidas en 2002, se sostuvieron, bajaron y hasta cambiaron la forma de calcularlas, siembre con el objetivo de financiar el gasto p\u00fablico. Con los cambios introducidos en septiembre de 2018 el campo pampeano cada d\u00eda paga m\u00e1s de estos aranceles a la exportaci\u00f3n. La pol\u00edtica oficial llevada adelante de mega-devaluar la moneda, genera una transferencia de ingresos may\u00fascula hacia ciertos sectores de la actividad econ\u00f3mica, en particular los agroexportadores y los Bancos.<br \/>\nConsiderando el caso de la soja, el cultivo m\u00e1s difundido, encontramos que la campa\u00f1a 2018\/19 se encarar\u00e1 a un valor del d\u00f3lar un 115% m\u00e1s alto nominalmente que el que reg\u00eda al momento de sembrar la campa\u00f1a 2017\/18 (tipo de cambio pas\u00f3 de $17,5 a $38 por d\u00f3lar).<\/p>\n<p>Se vienen a porcentaje.<br \/>\nM\u00e1s all\u00e1 de que hace unos d\u00edas el presidente de la Naci\u00f3n Mauricio Macri lo desminti\u00f3 (ya lo hizo anteriormente con la soja y no cumpli\u00f3), las versiones que surgieron con mayor fuerza durante las \u00faltimas horas se\u00f1alaban que el Fondo Monetario Internacional (FMI) hab\u00eda pedido volver a un esquema de retenciones por \u00abporcentaje\u00bb, donde en el caso del c\u00e1lculo de las retenciones de 4 pesos por cada d\u00f3lar exportado (cuando el d\u00f3lar estaba a $30), se instrumentar\u00eda un margen fijo del 10%, y en el caso de la soja de un 30 por ciento. Y de esa manera evitar que una suba del tipo de cambio \u00abno se traduzca\u00bb en mayores ingresos por ese gravamen.<br \/>\nSi bien las versiones fueron desmentidas no solo por Macri, sino tambi\u00e9n desde la Secretar\u00eda de Gobierno de Agroindustria -a cargo de Miguel Etchevehere- y del jefe de Gabinete de dicha Secretar\u00eda, Santiago del Solar, pidieron una reuni\u00f3n con las entidades agropecuarias para trasmitirles tranquilidad, pero pocos les creen.<br \/>\nLa campa\u00f1a r\u00e9cord que se viene (145 millones de toneladas y casi 5 millones en La Pampa) mantienen en vilo a los productores. Es m\u00e1s, se ha incrementado en un 25% el ingreso de camiones a los puertos (Rosario e Ingeniero White en Bah\u00eda Blanca) ante esta inminente posibilidad de cambios.<\/p>\n<p>Espera un a\u00f1o perfecto.<br \/>\nSe estima que el campo y la agroindustria del pa\u00eds aportar\u00e1n $230.000 millones a las arcas del Estado en lo que resta de 2019 en concepto de derechos de exportaci\u00f3n (DEX), estiman en la Bolsa de Cereales. En La Pampa se espera que suba de 7.500 a 8 mil millones por un crecimiento de un 20% aproximado en la producci\u00f3n sojera. De concretarse tal proyecci\u00f3n, los ingresos al fisco desde nuestra provincia ser\u00edan de 2.500 millones de pesos y de 142.000 millones de pesos respecto a lo recaudado el a\u00f1o pasado, cifra que representa 40% del d\u00e9ficit primario de dicho a\u00f1o y 60% del estipulado para el presente.<br \/>\nPero sin dudas que el aumento en los derechos de exportaci\u00f3n al complejo oleaginoso (establecidas en torno al 28% en total) dispuesto el a\u00f1o pasado y la aplicaci\u00f3n de nuevos DEX al trigo y ma\u00edz (10%) es un aporte adicional del campo. Para obtener dicha cifra, la entidad tom\u00f3 un tipo de cambio promedio de $46 por d\u00f3lar y computando los posibles despachos de exportaci\u00f3n entre enero y diciembre de este a\u00f1o. Todos los indicadores dan cuenta que con la super cosecha de trigo en La Pampa de casi 900 mil toneladas y el r\u00e9cord que se viene en soja (1,5 millones de toneladas y en ma\u00edz con dos millones) la productividad del campo pampeano seguir\u00e1 en alza. Luego de que se termine la cosecha en todos los cultivos para la nueva campa\u00f1a se infiere una tendencia muy positiva habida cuenta de que, si bien los niveles de humedad de los suelos, no son homog\u00e9neos en toda nuestra superficie la producci\u00f3n crecer\u00e1 muy fuerte.<br \/>\nSi bien es dif\u00edcil, en el cuadr\u00e1ngulo noreste de La Pampa, donde somos m\u00e1s competitivos, el poroto se soja, pellets y semillas puedan continuar generando mucho m\u00e1s ingresos de divisas (520 millones de d\u00f3lares rurales en cuatro meses de 2019).<\/p>\n<div class=\"oasis-despues-del-contenido\" id=\"oasis-1650233480\"><img loading=\"lazy\" decoding=\"async\" src=\"https:\/\/oasisfm935.com.ar\/site\/wp-content\/uploads\/2020\/08\/47806202-8741-49f2-a5c9-d2f930e5baa1.jpg\" alt=\"\"  srcset=\"https:\/\/oasisfm935.com.ar\/site\/wp-content\/uploads\/2020\/08\/47806202-8741-49f2-a5c9-d2f930e5baa1.jpg 1080w, https:\/\/oasisfm935.com.ar\/site\/wp-content\/uploads\/2020\/08\/47806202-8741-49f2-a5c9-d2f930e5baa1-300x300.jpg 300w, https:\/\/oasisfm935.com.ar\/site\/wp-content\/uploads\/2020\/08\/47806202-8741-49f2-a5c9-d2f930e5baa1-1024x1024.jpg 1024w, https:\/\/oasisfm935.com.ar\/site\/wp-content\/uploads\/2020\/08\/47806202-8741-49f2-a5c9-d2f930e5baa1-150x150.jpg 150w, https:\/\/oasisfm935.com.ar\/site\/wp-content\/uploads\/2020\/08\/47806202-8741-49f2-a5c9-d2f930e5baa1-768x768.jpg 768w\" sizes=\"(max-width: 1080px) 100vw, 1080px\" class=\"no-lazyload\" width=\"1080\" height=\"1080\"  style=\"display: inline-block;\" \/><\/div>","protected":false},"excerpt":{"rendered":"<p>Seg\u00fan la Secretar\u00eda de Agroindustria y la C\u00e1mara de Exportadores de la Rep\u00fablica Argentina, en base a datos de la AFIP, las<\/p>\n","protected":false},"author":4,"featured_media":1671,"comment_status":"closed","ping_status":"open","sticky":false,"template":"","format":"standard","meta":{"colormag_page_layout":"default_layout","footnotes":""},"categories":[2],"tags":[],"class_list":["post-1670","post","type-post","status-publish","format-standard","has-post-thumbnail","hentry","category-noticias"],"_links":{"self":[{"href":"https:\/\/oasisfm935.com.ar\/site\/wp-json\/wp\/v2\/posts\/1670","targetHints":{"allow":["GET"]}}],"collection":[{"href":"https:\/\/oasisfm935.com.ar\/site\/wp-json\/wp\/v2\/posts"}],"about":[{"href":"https:\/\/oasisfm935.com.ar\/site\/wp-json\/wp\/v2\/types\/post"}],"author":[{"embeddable":true,"href":"https:\/\/oasisfm935.com.ar\/site\/wp-json\/wp\/v2\/users\/4"}],"replies":[{"embeddable":true,"href":"https:\/\/oasisfm935.com.ar\/site\/wp-json\/wp\/v2\/comments?post=1670"}],"version-history":[{"count":1,"href":"https:\/\/oasisfm935.com.ar\/site\/wp-json\/wp\/v2\/posts\/1670\/revisions"}],"predecessor-version":[{"id":1672,"href":"https:\/\/oasisfm935.com.ar\/site\/wp-json\/wp\/v2\/posts\/1670\/revisions\/1672"}],"wp:featuredmedia":[{"embeddable":true,"href":"https:\/\/oasisfm935.com.ar\/site\/wp-json\/wp\/v2\/media\/1671"}],"wp:attachment":[{"href":"https:\/\/oasisfm935.com.ar\/site\/wp-json\/wp\/v2\/media?parent=1670"}],"wp:term":[{"taxonomy":"category","embeddable":true,"href":"https:\/\/oasisfm935.com.ar\/site\/wp-json\/wp\/v2\/categories?post=1670"},{"taxonomy":"post_tag","embeddable":true,"href":"https:\/\/oasisfm935.com.ar\/site\/wp-json\/wp\/v2\/tags?post=1670"}],"curies":[{"name":"wp","href":"https:\/\/api.w.org\/{rel}","templated":true}]}}