{"id":1673,"date":"2019-05-05T09:09:57","date_gmt":"2019-05-05T12:09:57","guid":{"rendered":"http:\/\/oasisfm935.com\/site\/?p=1673"},"modified":"2019-05-05T09:09:57","modified_gmt":"2019-05-05T12:09:57","slug":"mirtha-legrand-cargo-de-nuevo-contra-el-gobierno-me-siento-estafada","status":"publish","type":"post","link":"https:\/\/oasisfm935.com.ar\/site\/mirtha-legrand-cargo-de-nuevo-contra-el-gobierno-me-siento-estafada\/","title":{"rendered":"Mirtha Legrand carg\u00f3 de nuevo contra el Gobierno: \u201cMe siento estafada\u201d"},"content":{"rendered":"<p>&nbsp;<\/p>\n<p>La conductora televisiva\u00a0<strong>Mirtha Legrand<\/strong>\u00a0dijo que se siente \u201cestafada\u201d por la gesti\u00f3n de Cambiemo. \u201cSe ha tirado por la borda una maravillosa oportunidad\u201d, dijo el s\u00e1bado a la noche, en su programa en Canal 13.<\/p>\n<p>Marcelo Polino, uno de los invitados del programa, le hizo notar a la conductora la repercusi\u00f3n que tuvieron sus palabras de la semana pasada. \u201cQu\u00e9 l\u00edo que se arm\u00f3\u201d, le coment\u00f3. Ella asinti\u00f3. \u201cDije -sostuvo Legrand- que el pa\u00eds estaba muy mal y que las encuestas dan ganadora a Cristina. Y termin\u00e9 diciendo que voten a Macri\u201d.<\/p>\n<p>\u201c<strong>Hice mucho para que este gobierno ganara.<\/strong>\u00a0Pero nos han decepcionado much\u00edsimo a m\u00ed y a mucha gente. Es una l\u00e1stima. Han tirado por la borda la oportunidad maravillosa que han tenido y hemos llegado a este estado lamentable.\u00a0<strong>Yo me siento estafada<\/strong>. Mi producci\u00f3n se pone nerviosa cuando digo estas cosas, oigo unos quejidos\u2026\u201d, cont\u00f3 Mirtha. Y Mar\u00eda Julia Oliv\u00e1n, otra de las invitadas al programa, asegur\u00f3: \u201c\u00a1Es verdad! Se escuchan\u2026\u201d<\/p>\n<p>\u201cHan promocionado mal lo que han hecho\u201d, dijo. \u201cLo que hicieron bien casi ni se ha sabido: hubo una mala difusi\u00f3n. Todos tenemos que saber qu\u00e9 se ha hecho con nuestros impuestos, qu\u00e9 se produjo, en qu\u00e9 hemos aprovechado nuestros aportes\u2026 Todos hicimos grandes aportes para nuestro pa\u00eds\u201d.<\/p>\n<p style=\"padding-left: 40px\">La semana pasada, a pesar de sus cr\u00edticas, la conductora dijo que har\u00e1 \u201ctodo lo posible para que gane Macri\u201d porque tiene \u201cmiedo\u201d de que vuelva el kirchnerismo. \u201cCreo que si llegan a ganar va a haber sed de venganza y va a haber un ministerio del odio. Va a ser muy dif\u00edcil y la Argentina se va a transformar en Venezuela\u201d, sostuvo en ese momento.<\/p>\n<div class=\"oasis-despues-del-contenido\" id=\"oasis-771049751\"><img loading=\"lazy\" decoding=\"async\" src=\"https:\/\/oasisfm935.com.ar\/site\/wp-content\/uploads\/2020\/08\/47806202-8741-49f2-a5c9-d2f930e5baa1.jpg\" alt=\"\"  srcset=\"https:\/\/oasisfm935.com.ar\/site\/wp-content\/uploads\/2020\/08\/47806202-8741-49f2-a5c9-d2f930e5baa1.jpg 1080w, https:\/\/oasisfm935.com.ar\/site\/wp-content\/uploads\/2020\/08\/47806202-8741-49f2-a5c9-d2f930e5baa1-300x300.jpg 300w, https:\/\/oasisfm935.com.ar\/site\/wp-content\/uploads\/2020\/08\/47806202-8741-49f2-a5c9-d2f930e5baa1-1024x1024.jpg 1024w, https:\/\/oasisfm935.com.ar\/site\/wp-content\/uploads\/2020\/08\/47806202-8741-49f2-a5c9-d2f930e5baa1-150x150.jpg 150w, https:\/\/oasisfm935.com.ar\/site\/wp-content\/uploads\/2020\/08\/47806202-8741-49f2-a5c9-d2f930e5baa1-768x768.jpg 768w\" sizes=\"(max-width: 1080px) 100vw, 1080px\" class=\"no-lazyload\" width=\"1080\" height=\"1080\"  style=\"display: inline-block;\" \/><\/div>","protected":false},"excerpt":{"rendered":"<p>&nbsp; La conductora televisiva\u00a0Mirtha Legrand\u00a0dijo que se siente \u201cestafada\u201d por la gesti\u00f3n de Cambiemo. \u201cSe ha tirado por la borda una maravillosa<\/p>\n","protected":false},"author":4,"featured_media":1606,"comment_status":"closed","ping_status":"open","sticky":false,"template":"","format":"standard","meta":{"colormag_page_layout":"default_layout","footnotes":""},"categories":[2],"tags":[],"class_list":["post-1673","post","type-post","status-publish","format-standard","has-post-thumbnail","hentry","category-noticias"],"_links":{"self":[{"href":"https:\/\/oasisfm935.com.ar\/site\/wp-json\/wp\/v2\/posts\/1673","targetHints":{"allow":["GET"]}}],"collection":[{"href":"https:\/\/oasisfm935.com.ar\/site\/wp-json\/wp\/v2\/posts"}],"about":[{"href":"https:\/\/oasisfm935.com.ar\/site\/wp-json\/wp\/v2\/types\/post"}],"author":[{"embeddable":true,"href":"https:\/\/oasisfm935.com.ar\/site\/wp-json\/wp\/v2\/users\/4"}],"replies":[{"embeddable":true,"href":"https:\/\/oasisfm935.com.ar\/site\/wp-json\/wp\/v2\/comments?post=1673"}],"version-history":[{"count":1,"href":"https:\/\/oasisfm935.com.ar\/site\/wp-json\/wp\/v2\/posts\/1673\/revisions"}],"predecessor-version":[{"id":1674,"href":"https:\/\/oasisfm935.com.ar\/site\/wp-json\/wp\/v2\/posts\/1673\/revisions\/1674"}],"wp:featuredmedia":[{"embeddable":true,"href":"https:\/\/oasisfm935.com.ar\/site\/wp-json\/wp\/v2\/media\/1606"}],"wp:attachment":[{"href":"https:\/\/oasisfm935.com.ar\/site\/wp-json\/wp\/v2\/media?parent=1673"}],"wp:term":[{"taxonomy":"category","embeddable":true,"href":"https:\/\/oasisfm935.com.ar\/site\/wp-json\/wp\/v2\/categories?post=1673"},{"taxonomy":"post_tag","embeddable":true,"href":"https:\/\/oasisfm935.com.ar\/site\/wp-json\/wp\/v2\/tags?post=1673"}],"curies":[{"name":"wp","href":"https:\/\/api.w.org\/{rel}","templated":true}]}}