{"id":16756,"date":"2024-07-02T21:10:05","date_gmt":"2024-07-03T00:10:05","guid":{"rendered":"https:\/\/oasisfm935.com.ar\/site\/?p=16756"},"modified":"2024-07-02T21:10:05","modified_gmt":"2024-07-03T00:10:05","slug":"firma-de-convenio-con-el-municipio-de-ingeniero-luiggi-para-soluciones-habitacionales","status":"publish","type":"post","link":"https:\/\/oasisfm935.com.ar\/site\/firma-de-convenio-con-el-municipio-de-ingeniero-luiggi-para-soluciones-habitacionales\/","title":{"rendered":"Firma de convenio con el Municipio de Ingeniero Luiggi para \u00abSoluciones Habitacionales\u00bb."},"content":{"rendered":"<p>Este martes 2 de julio, en el auditorio \u00abAna Fiscella\u00bb del Instituto Provincial Aut\u00e1rquico de la Vivienda (IPAV), se firmaron los convenios con los intendentes de localidades beneficiadas en esta primera instancia.<br \/>\nEl acto fue encabezado por el ministro de Gobierno y Asuntos Municipales, Pascual Fern\u00e1ndez y la presidenta del IPAV, Erica Riboyra.<\/p>\n<p>Este programa, presente en la Provincia desde hace 19 a\u00f1os, consiste en un aporte econ\u00f3mico contemplado en el presupuesto vigente. El IPAV los distribuye para que cada localidad pueda utilizarlos seg\u00fan lo establecido y con el tratamiento aprobado por el \u00abConsejo Provincial de Descentralizaci\u00f3n\u00bb, presidido por el gobernador Sergio Ziliotto. Este a\u00f1o, el monto a utilizar se increment\u00f3 en $400 millones, que ser\u00e1n transferidos de manera equitativa entre las 80 localidades de La Pampa.<\/p>\n<p><strong>\u00ab<\/strong><strong>Defender a las pampeanas y pampeanos, no hay otro camino\u00bb<\/strong><br \/>\nEl ministro se dirigi\u00f3 a los intendentes presentes, destacando su pertenencia como jefe comunal y resaltando que el rol que hoy le toca desde otro lugar de gesti\u00f3n. Subray\u00f3 la gesti\u00f3n llevada a cabo por el IPAV al ejecutar pol\u00edticas dise\u00f1adas por el gobernador Sergio Ziliotto, y dijo \u00abpensar en el pueblo, y de eso se trata, de defender a las pampeanas y pampeanos, no hay otro camino\u00bb.<\/p>\n<p>Sobre el contexto pol\u00edtico nacional, Fern\u00e1ndez afirm\u00f3 que \u00ablo que tenemos es un Gobierno nacional que busca generar medios para transferir recursos del Estado al mercado, y de las provincias a la naci\u00f3n\u00bb. Agreg\u00f3: \u00abpor lo tanto, nos seguir\u00e1n desfinanciando inevitablemente, y debemos defendernos; si no, nos devorar\u00e1n. Los invito a seguir trabajando y a profundizar las relaciones entre las localidades\u00bb.<br \/>\nCerr\u00f3 su discurso con una reflexi\u00f3n sobre el rol de la oposici\u00f3n. \u00abEs muy triste ver que muchas veces los diputados de la oposici\u00f3n ponen sus intereses partidarios por encima de los intereses del pueblo\u00bb.<\/p>\n<p><strong>\u00abAcercar el Estado a la gente, esa es la meta\u00bb<\/strong><br \/>\nPor parte la titular del IPAV, a su turno, destac\u00f3 que este programa de Soluciones Habitacionales, que tuvo un impulso y refuerzo importante de fondos por parte del gobernador Sergio Ziliotto, \u201cse gestiona 100% a trav\u00e9s de la Ley de Descentralizaci\u00f3n. Esta Ley, con tanto ADN pampeano, es la que les da tanta independencia a los municipios para solucionar los problemas y necesidades de cada comunidad. Les da herramientas a los intendentes para acercar el Estado a la gente; esa es la meta, tener un Estado presente, junto al pueblo\u00bb.<\/p>\n<p>&nbsp;<\/p>\n<p><img loading=\"lazy\" decoding=\"async\" class=\"alignnone size-medium wp-image-16758\" src=\"https:\/\/oasisfm935.com.ar\/site\/wp-content\/uploads\/2024\/07\/205744_whatsapp-image-2024-07-02-at-17.08.27-1--300x200.jpeg\" alt=\"\" width=\"300\" height=\"200\" srcset=\"https:\/\/oasisfm935.com.ar\/site\/wp-content\/uploads\/2024\/07\/205744_whatsapp-image-2024-07-02-at-17.08.27-1--300x200.jpeg 300w, https:\/\/oasisfm935.com.ar\/site\/wp-content\/uploads\/2024\/07\/205744_whatsapp-image-2024-07-02-at-17.08.27-1--1024x682.jpeg 1024w, https:\/\/oasisfm935.com.ar\/site\/wp-content\/uploads\/2024\/07\/205744_whatsapp-image-2024-07-02-at-17.08.27-1--150x100.jpeg 150w, https:\/\/oasisfm935.com.ar\/site\/wp-content\/uploads\/2024\/07\/205744_whatsapp-image-2024-07-02-at-17.08.27-1--768x512.jpeg 768w, https:\/\/oasisfm935.com.ar\/site\/wp-content\/uploads\/2024\/07\/205744_whatsapp-image-2024-07-02-at-17.08.27-1--1536x1023.jpeg 1536w, https:\/\/oasisfm935.com.ar\/site\/wp-content\/uploads\/2024\/07\/205744_whatsapp-image-2024-07-02-at-17.08.27-1-.jpeg 1600w\" sizes=\"auto, (max-width: 300px) 100vw, 300px\" \/><br \/>\nY a\u00f1adi\u00f3 \u00ablos recursos tienen un destino y deben ser utilizados para lo estipulado, para que luego cada municipio pueda rendir cuentas en tiempo y forma del dinero recibido mediante este programa\u00bb.<br \/>\nPor \u00faltimo, dijo a los intendentes presentes: \u00abqu\u00e9dense tranquilos, vamos a estar al lado de ustedes para acompa\u00f1arlos en todo momento\u00bb.<\/p>\n<p>En esta primera entrega, los fondos fueron destinados a las comunas de Ingeniero Luiggi, Santa Teresa, Winifreda, Rol\u00f3n, Alpachiri, Puel\u00e9n, General CamposArata, Cuchillo C\u00f3, Abramo, Lonquimay, Relmo, Adolfo Van Praet, Quetrequ\u00e9n, La Humada, Guatrach\u00e9, General Acha, Quem\u00fa Quem\u00fa, Metileo, Chacharramendi, Limay Mahuida, Embajador Martini, Parera, Miguel Can\u00e9, Villa Mirasol, Luan Toro, Rucanelo, Anchorena, Rancul, Ataliva Roca, Unanue, La Reforma, Sarah, Alta Italia y Loventuel.<\/p>\n<div class=\"oasis-despues-del-contenido\" id=\"oasis-264940078\"><img loading=\"lazy\" decoding=\"async\" src=\"https:\/\/oasisfm935.com.ar\/site\/wp-content\/uploads\/2020\/08\/47806202-8741-49f2-a5c9-d2f930e5baa1.jpg\" alt=\"\"  srcset=\"https:\/\/oasisfm935.com.ar\/site\/wp-content\/uploads\/2020\/08\/47806202-8741-49f2-a5c9-d2f930e5baa1.jpg 1080w, https:\/\/oasisfm935.com.ar\/site\/wp-content\/uploads\/2020\/08\/47806202-8741-49f2-a5c9-d2f930e5baa1-300x300.jpg 300w, https:\/\/oasisfm935.com.ar\/site\/wp-content\/uploads\/2020\/08\/47806202-8741-49f2-a5c9-d2f930e5baa1-1024x1024.jpg 1024w, https:\/\/oasisfm935.com.ar\/site\/wp-content\/uploads\/2020\/08\/47806202-8741-49f2-a5c9-d2f930e5baa1-150x150.jpg 150w, https:\/\/oasisfm935.com.ar\/site\/wp-content\/uploads\/2020\/08\/47806202-8741-49f2-a5c9-d2f930e5baa1-768x768.jpg 768w\" sizes=\"(max-width: 1080px) 100vw, 1080px\" class=\"no-lazyload\" width=\"1080\" height=\"1080\"  style=\"display: inline-block;\" \/><\/div>","protected":false},"excerpt":{"rendered":"<p>Este martes 2 de julio, en el auditorio \u00abAna Fiscella\u00bb del Instituto Provincial Aut\u00e1rquico de la Vivienda (IPAV), se firmaron los convenios<\/p>\n","protected":false},"author":4,"featured_media":16757,"comment_status":"closed","ping_status":"open","sticky":false,"template":"","format":"standard","meta":{"colormag_page_layout":"default_layout","footnotes":""},"categories":[2],"tags":[],"class_list":["post-16756","post","type-post","status-publish","format-standard","has-post-thumbnail","hentry","category-noticias"],"_links":{"self":[{"href":"https:\/\/oasisfm935.com.ar\/site\/wp-json\/wp\/v2\/posts\/16756","targetHints":{"allow":["GET"]}}],"collection":[{"href":"https:\/\/oasisfm935.com.ar\/site\/wp-json\/wp\/v2\/posts"}],"about":[{"href":"https:\/\/oasisfm935.com.ar\/site\/wp-json\/wp\/v2\/types\/post"}],"author":[{"embeddable":true,"href":"https:\/\/oasisfm935.com.ar\/site\/wp-json\/wp\/v2\/users\/4"}],"replies":[{"embeddable":true,"href":"https:\/\/oasisfm935.com.ar\/site\/wp-json\/wp\/v2\/comments?post=16756"}],"version-history":[{"count":1,"href":"https:\/\/oasisfm935.com.ar\/site\/wp-json\/wp\/v2\/posts\/16756\/revisions"}],"predecessor-version":[{"id":16759,"href":"https:\/\/oasisfm935.com.ar\/site\/wp-json\/wp\/v2\/posts\/16756\/revisions\/16759"}],"wp:featuredmedia":[{"embeddable":true,"href":"https:\/\/oasisfm935.com.ar\/site\/wp-json\/wp\/v2\/media\/16757"}],"wp:attachment":[{"href":"https:\/\/oasisfm935.com.ar\/site\/wp-json\/wp\/v2\/media?parent=16756"}],"wp:term":[{"taxonomy":"category","embeddable":true,"href":"https:\/\/oasisfm935.com.ar\/site\/wp-json\/wp\/v2\/categories?post=16756"},{"taxonomy":"post_tag","embeddable":true,"href":"https:\/\/oasisfm935.com.ar\/site\/wp-json\/wp\/v2\/tags?post=16756"}],"curies":[{"name":"wp","href":"https:\/\/api.w.org\/{rel}","templated":true}]}}