{"id":1678,"date":"2019-05-06T08:49:22","date_gmt":"2019-05-06T11:49:22","guid":{"rendered":"http:\/\/oasisfm935.com\/site\/?p=1678"},"modified":"2019-05-06T08:49:22","modified_gmt":"2019-05-06T11:49:22","slug":"rancul-tres-personas-internadas-por-casos-de-botulismo","status":"publish","type":"post","link":"https:\/\/oasisfm935.com.ar\/site\/rancul-tres-personas-internadas-por-casos-de-botulismo\/","title":{"rendered":"Rancul: Tres personas internadas por casos de botulismo"},"content":{"rendered":"<p>El Ministerio de Salud informa sobre la aparici\u00f3n de 3 casos sospechosos de Botulismo alimentario en pacientes internados en General Pico y Realic\u00f3, que participaron de una comida familiar el d\u00eda 4 de mayo en la localidad de Rancul.<\/p>\n<div class=\"text_exposed_show\">\n<p>El alimento del que se sospecha, son conservas realizadas de manera casera por una persona de esta localidad.<\/p>\n<p>El botulismo alimentario es una enfermedad grave, que ocurre por la ingesti\u00f3n de la Toxina botul\u00ednica, presente en alimentos contaminados. Los s\u00edntomas pueden comenzar con un cuadro de n\u00e1useas y v\u00f3mitos, seguido de visi\u00f3n doble o borrosa, dificultad para tragar y debilidad muscular generalizada.<\/p>\n<p>Ante la sospecha y duda, se recomienda evitar el consumo de conservas caseras especialmente procedentes de la localidad de Rancul y ante los s\u00edntomas mencionados a partir de la consumisi\u00f3n de conservas caseras, consultar en forma inmediata al m\u00e9dico.<\/p>\n<\/div>\n<div class=\"oasis-despues-del-contenido\" id=\"oasis-2269749714\"><img loading=\"lazy\" decoding=\"async\" src=\"https:\/\/oasisfm935.com.ar\/site\/wp-content\/uploads\/2020\/08\/47806202-8741-49f2-a5c9-d2f930e5baa1.jpg\" alt=\"\"  srcset=\"https:\/\/oasisfm935.com.ar\/site\/wp-content\/uploads\/2020\/08\/47806202-8741-49f2-a5c9-d2f930e5baa1.jpg 1080w, https:\/\/oasisfm935.com.ar\/site\/wp-content\/uploads\/2020\/08\/47806202-8741-49f2-a5c9-d2f930e5baa1-300x300.jpg 300w, https:\/\/oasisfm935.com.ar\/site\/wp-content\/uploads\/2020\/08\/47806202-8741-49f2-a5c9-d2f930e5baa1-1024x1024.jpg 1024w, https:\/\/oasisfm935.com.ar\/site\/wp-content\/uploads\/2020\/08\/47806202-8741-49f2-a5c9-d2f930e5baa1-150x150.jpg 150w, https:\/\/oasisfm935.com.ar\/site\/wp-content\/uploads\/2020\/08\/47806202-8741-49f2-a5c9-d2f930e5baa1-768x768.jpg 768w\" sizes=\"(max-width: 1080px) 100vw, 1080px\" class=\"no-lazyload\" width=\"1080\" height=\"1080\"  style=\"display: inline-block;\" \/><\/div>","protected":false},"excerpt":{"rendered":"<p>El Ministerio de Salud informa sobre la aparici\u00f3n de 3 casos sospechosos de Botulismo alimentario en pacientes internados en General Pico y<\/p>\n","protected":false},"author":4,"featured_media":1680,"comment_status":"closed","ping_status":"open","sticky":false,"template":"","format":"standard","meta":{"colormag_page_layout":"default_layout","footnotes":""},"categories":[2],"tags":[],"class_list":["post-1678","post","type-post","status-publish","format-standard","has-post-thumbnail","hentry","category-noticias"],"_links":{"self":[{"href":"https:\/\/oasisfm935.com.ar\/site\/wp-json\/wp\/v2\/posts\/1678","targetHints":{"allow":["GET"]}}],"collection":[{"href":"https:\/\/oasisfm935.com.ar\/site\/wp-json\/wp\/v2\/posts"}],"about":[{"href":"https:\/\/oasisfm935.com.ar\/site\/wp-json\/wp\/v2\/types\/post"}],"author":[{"embeddable":true,"href":"https:\/\/oasisfm935.com.ar\/site\/wp-json\/wp\/v2\/users\/4"}],"replies":[{"embeddable":true,"href":"https:\/\/oasisfm935.com.ar\/site\/wp-json\/wp\/v2\/comments?post=1678"}],"version-history":[{"count":1,"href":"https:\/\/oasisfm935.com.ar\/site\/wp-json\/wp\/v2\/posts\/1678\/revisions"}],"predecessor-version":[{"id":1681,"href":"https:\/\/oasisfm935.com.ar\/site\/wp-json\/wp\/v2\/posts\/1678\/revisions\/1681"}],"wp:featuredmedia":[{"embeddable":true,"href":"https:\/\/oasisfm935.com.ar\/site\/wp-json\/wp\/v2\/media\/1680"}],"wp:attachment":[{"href":"https:\/\/oasisfm935.com.ar\/site\/wp-json\/wp\/v2\/media?parent=1678"}],"wp:term":[{"taxonomy":"category","embeddable":true,"href":"https:\/\/oasisfm935.com.ar\/site\/wp-json\/wp\/v2\/categories?post=1678"},{"taxonomy":"post_tag","embeddable":true,"href":"https:\/\/oasisfm935.com.ar\/site\/wp-json\/wp\/v2\/tags?post=1678"}],"curies":[{"name":"wp","href":"https:\/\/api.w.org\/{rel}","templated":true}]}}