{"id":16788,"date":"2024-07-06T12:58:54","date_gmt":"2024-07-06T15:58:54","guid":{"rendered":"https:\/\/oasisfm935.com.ar\/site\/?p=16788"},"modified":"2024-07-06T12:58:54","modified_gmt":"2024-07-06T15:58:54","slug":"ziliotto-a-milei-existe-un-pacto-es-la-constitucion-nacional-y-hay-que-cumplirla","status":"publish","type":"post","link":"https:\/\/oasisfm935.com.ar\/site\/ziliotto-a-milei-existe-un-pacto-es-la-constitucion-nacional-y-hay-que-cumplirla\/","title":{"rendered":"Ziliotto a Milei: \u201cExiste un pacto, es la Constituci\u00f3n Nacional y hay que cumplirla"},"content":{"rendered":"<p>El gobernador Sergio Ziliotto confirm\u00f3 que no recibi\u00f3 ninguna invitaci\u00f3n para firmar el denominado Pacto de Mayo (o de Julio), aunque dej\u00f3 en claro que de todas maneras no lo iba a hacer. \u201cYo tengo el mandato de defender La Pampa y de eso no me voy a correr\u201d, ratific\u00f3.<\/p>\n<p>En declaraciones formuladas a la prensa en su visita a V\u00e9rtiz, el mandatario volvi\u00f3 a reclamar por los fondos que el Gobierno Nacional retiene de forma ilegal y que co<strong>rre<\/strong>sponden a La Pampa. \u201cTienen que cumplir con el federalismo y con la Constituci\u00f3n Nacional, y no nos pueden quitar lo que corresponde por Ley, por pacto federal y por convenio\u201d, afirm\u00f3.<\/p>\n<p>En rueda de prensa Ziliotto se refiri\u00f3 al denominado Pacto de Mayo que el Gobierno Nacional quiere firmar con las provincias el pr\u00f3ximo 9 de julio en Tucum\u00e1n.<strong>\u00a0\u201cEn primer lugar, no hay ninguna invitaci\u00f3n a ning\u00fan pacto\u201d, dej\u00f3 en claro el gobernador.<\/strong><\/p>\n<p>Dijo que, en rigor, hay una invitaci\u00f3n a un \u201cacto\u201d a desarrollarse en Tucum\u00e1n. \u201cTodo lo que estamos viendo y lo que hemos recibido oficialmente es la invitaci\u00f3n a participar de un acto en conmemoraci\u00f3n al 9 de Julio. No hemos recibido la invitaci\u00f3n a acordar, menos a\u00fan hemos recibido el texto, todo lo hemos conocido a trav\u00e9s de un libelo que circula en las redes sociales y realmente no sabemos de qu\u00e9 se trata\u201d, dijo. \u201cYo no s\u00e9 hoy qui\u00e9n tiene la representatividad para firmar como representante de las Provincias Unidas del Sur, como dice ese libelo, \u00a0quiz\u00e1s, evocando una \u00e9poca antes del nacimiento de la Rep\u00fablica\u201d, dijo.<\/p>\n<p>\u201cNo sabemos cu\u00e1l es la estrategia, tiene que ver tambi\u00e9n con una cuesti\u00f3n de menosprecio a la institucionalidad, a las responsabilidades que tenemos. As\u00ed que, desde el punto de vista formal, no tenemos invitaci\u00f3n de ning\u00fan tipo\u201d, insisti\u00f3.<\/p>\n<p>\u201cCuando uno lee lo que se plantea, no hemos cambiando nuestra posici\u00f3n. Ya cuando el 1\u00b0 de marzo se plantearon los primeros ejes y que fueron cambiando, que primero ten\u00eda la evocaci\u00f3n a lo eterno y despu\u00e9s solicitando las fuerzas del cielo que nos acompa\u00f1an, hoy cuando uno ve todo lo que est\u00e1 plante\u00e1ndose, lo primero que hay que tener en cuenta es que en la Argentina ya existe un pacto y es la Constituci\u00f3n Nacional, y hay que cumplirla\u201d, dijo.<\/p>\n<p>\u201cArgentina no necesita otro pacto que soslaye la actual Constituci\u00f3n Nacional. En ese sentido, nosotros tenemos un sentido de pertenencia con la Democracia, con sus instituciones, con nuestra Constituci\u00f3n Nacional. Queremos que se cumpla la Constituci\u00f3n, las leyes, los pactos, algo que claramente el Gobierno Nacional est\u00e1 dejando de lado, no est\u00e1 cumpliendo y no vamos a ser part\u00edcipes de modificar algo que no se cumple la Constituci\u00f3n actual\u201d, expres\u00f3.<\/p>\n<div class=\"oasis-despues-del-contenido\" id=\"oasis-3971141664\"><img loading=\"lazy\" decoding=\"async\" src=\"https:\/\/oasisfm935.com.ar\/site\/wp-content\/uploads\/2020\/08\/47806202-8741-49f2-a5c9-d2f930e5baa1.jpg\" alt=\"\"  srcset=\"https:\/\/oasisfm935.com.ar\/site\/wp-content\/uploads\/2020\/08\/47806202-8741-49f2-a5c9-d2f930e5baa1.jpg 1080w, https:\/\/oasisfm935.com.ar\/site\/wp-content\/uploads\/2020\/08\/47806202-8741-49f2-a5c9-d2f930e5baa1-300x300.jpg 300w, https:\/\/oasisfm935.com.ar\/site\/wp-content\/uploads\/2020\/08\/47806202-8741-49f2-a5c9-d2f930e5baa1-1024x1024.jpg 1024w, https:\/\/oasisfm935.com.ar\/site\/wp-content\/uploads\/2020\/08\/47806202-8741-49f2-a5c9-d2f930e5baa1-150x150.jpg 150w, https:\/\/oasisfm935.com.ar\/site\/wp-content\/uploads\/2020\/08\/47806202-8741-49f2-a5c9-d2f930e5baa1-768x768.jpg 768w\" sizes=\"(max-width: 1080px) 100vw, 1080px\" class=\"no-lazyload\" width=\"1080\" height=\"1080\"  style=\"display: inline-block;\" \/><\/div>","protected":false},"excerpt":{"rendered":"<p>El gobernador Sergio Ziliotto confirm\u00f3 que no recibi\u00f3 ninguna invitaci\u00f3n para firmar el denominado Pacto de Mayo (o de Julio), aunque dej\u00f3<\/p>\n","protected":false},"author":4,"featured_media":16662,"comment_status":"closed","ping_status":"open","sticky":false,"template":"","format":"standard","meta":{"colormag_page_layout":"default_layout","footnotes":""},"categories":[2],"tags":[],"class_list":["post-16788","post","type-post","status-publish","format-standard","has-post-thumbnail","hentry","category-noticias"],"_links":{"self":[{"href":"https:\/\/oasisfm935.com.ar\/site\/wp-json\/wp\/v2\/posts\/16788","targetHints":{"allow":["GET"]}}],"collection":[{"href":"https:\/\/oasisfm935.com.ar\/site\/wp-json\/wp\/v2\/posts"}],"about":[{"href":"https:\/\/oasisfm935.com.ar\/site\/wp-json\/wp\/v2\/types\/post"}],"author":[{"embeddable":true,"href":"https:\/\/oasisfm935.com.ar\/site\/wp-json\/wp\/v2\/users\/4"}],"replies":[{"embeddable":true,"href":"https:\/\/oasisfm935.com.ar\/site\/wp-json\/wp\/v2\/comments?post=16788"}],"version-history":[{"count":1,"href":"https:\/\/oasisfm935.com.ar\/site\/wp-json\/wp\/v2\/posts\/16788\/revisions"}],"predecessor-version":[{"id":16789,"href":"https:\/\/oasisfm935.com.ar\/site\/wp-json\/wp\/v2\/posts\/16788\/revisions\/16789"}],"wp:featuredmedia":[{"embeddable":true,"href":"https:\/\/oasisfm935.com.ar\/site\/wp-json\/wp\/v2\/media\/16662"}],"wp:attachment":[{"href":"https:\/\/oasisfm935.com.ar\/site\/wp-json\/wp\/v2\/media?parent=16788"}],"wp:term":[{"taxonomy":"category","embeddable":true,"href":"https:\/\/oasisfm935.com.ar\/site\/wp-json\/wp\/v2\/categories?post=16788"},{"taxonomy":"post_tag","embeddable":true,"href":"https:\/\/oasisfm935.com.ar\/site\/wp-json\/wp\/v2\/tags?post=16788"}],"curies":[{"name":"wp","href":"https:\/\/api.w.org\/{rel}","templated":true}]}}