{"id":16863,"date":"2024-07-31T03:12:40","date_gmt":"2024-07-31T06:12:40","guid":{"rendered":"https:\/\/oasisfm935.com.ar\/site\/?p=16863"},"modified":"2024-07-31T03:13:00","modified_gmt":"2024-07-31T06:13:00","slug":"un-joven-detenido-y-un-masculino-termino-con-herida-corto-punzante-en-el-rostro","status":"publish","type":"post","link":"https:\/\/oasisfm935.com.ar\/site\/un-joven-detenido-y-un-masculino-termino-con-herida-corto-punzante-en-el-rostro\/","title":{"rendered":"Un joven detenido y un masculino termin\u00f3 con herida corto-punzante en el rostro"},"content":{"rendered":"<p>Un joven de la localidad termin\u00f3 detenido por un conflicto con la pareja de la madre, qui\u00e9n termin\u00f3 con heridas corto-punzantes en el rostro.<\/p>\n<p>Dialogamos con el Comisario Jos\u00e9 Mar\u00eda Cordoba y expuso lo siguiente con lo sucedido el d\u00eda Lunes \u00ab<em><strong>Se Concurri\u00f3 a una presencia policial en la calle 9 de Julio, solicitada a la l\u00ednea de emergencia del 101. Un supuesto problema familiar, cuando llega el personal, escucha a gritos dentro de la vivienda as\u00ed que ingresa y constata la presencia de la due\u00f1a del lugar y una pelea entre dos masculinos, que resularon ser el hijo y la pareja de la due\u00f1a de la casa. <\/strong><\/em><\/p>\n<p><em><strong>Se da la voz de alto de inmediato. En ese momento el joven hijo de la de la vecina que hab\u00eda dado alerta, arroja un cuchillo al piso. Y verific\u00e1ndose las condiciones de la otra parte, del masculino, la pareja actual de la de la se\u00f1ora, Se constata unas lesiones en el rostro de tipo corto-punzante.<\/strong><\/em><\/p>\n<p><em><strong>De inmediato se solicita el servicio m\u00e9dico, siendo trasladado hacia el hacia el hospital local y posteriormente derivado a esta persona hacia General Pico, A los fines de que sea examinado por profesionales de la oftalmolog\u00eda.<\/strong><\/em><\/p>\n<p><em><strong>El joven fue demorado de inmediato por personal policial, examinado y trasladado A la dependencia donde qued\u00f3 en calidad Demorado. M\u00e1s tarde se constat\u00f3 de que hab\u00eda una lesi\u00f3n posible lesi\u00f3n grave dentro del ojo del masculino, este verificada por el personal del hospital del Gobernador Centeno, qui\u00e9nes debieron intervenir en una cirug\u00eda en la parte del Papado. <\/strong><\/em><\/p>\n<p><em><strong>De inmediato la Fiscal\u00eda orden\u00f3 las diligencias de rigor de tanto oculares como este la respectiva de secuestro. Respecto a las herramientas que se podr\u00edan haber utilizado para cuando se llev\u00f3 a cabo la pelea y lo posterior se efectu\u00f3 un secuestro y la demora y posteriormente la detenci\u00f3n de este joven que fue trasladado en la ma\u00f1ana del d\u00eda Martes 30 a\u00a0 General Pico afines que sea formalizado por la Fiscal\u00eda de delitos contra las personas a cargo del doctor Guillermo komarofky y Qued\u00f3 detenido en la localidad General. Pico.<\/strong><\/em><\/p>\n<p><em><strong>Posteriormente con las diligencias judiciales para determinar si cae sobre \u00e9l alguna prisi\u00f3n preventiva, si es liberado con algunas medidas restrictivas hacia la persona mencionada\u00bb<\/strong><\/em><\/p>\n<div class=\"oasis-despues-del-contenido\" id=\"oasis-3406722044\"><img loading=\"lazy\" decoding=\"async\" src=\"https:\/\/oasisfm935.com.ar\/site\/wp-content\/uploads\/2020\/08\/47806202-8741-49f2-a5c9-d2f930e5baa1.jpg\" alt=\"\"  srcset=\"https:\/\/oasisfm935.com.ar\/site\/wp-content\/uploads\/2020\/08\/47806202-8741-49f2-a5c9-d2f930e5baa1.jpg 1080w, https:\/\/oasisfm935.com.ar\/site\/wp-content\/uploads\/2020\/08\/47806202-8741-49f2-a5c9-d2f930e5baa1-300x300.jpg 300w, https:\/\/oasisfm935.com.ar\/site\/wp-content\/uploads\/2020\/08\/47806202-8741-49f2-a5c9-d2f930e5baa1-1024x1024.jpg 1024w, https:\/\/oasisfm935.com.ar\/site\/wp-content\/uploads\/2020\/08\/47806202-8741-49f2-a5c9-d2f930e5baa1-150x150.jpg 150w, https:\/\/oasisfm935.com.ar\/site\/wp-content\/uploads\/2020\/08\/47806202-8741-49f2-a5c9-d2f930e5baa1-768x768.jpg 768w\" sizes=\"(max-width: 1080px) 100vw, 1080px\" class=\"no-lazyload\" width=\"1080\" height=\"1080\"  style=\"display: inline-block;\" \/><\/div>","protected":false},"excerpt":{"rendered":"<p>Un joven de la localidad termin\u00f3 detenido por un conflicto con la pareja de la madre, qui\u00e9n termin\u00f3 con heridas corto-punzantes en<\/p>\n","protected":false},"author":4,"featured_media":16868,"comment_status":"closed","ping_status":"open","sticky":false,"template":"","format":"standard","meta":{"colormag_page_layout":"default_layout","footnotes":""},"categories":[2],"tags":[39,69,10,68,38,9],"class_list":["post-16863","post","type-post","status-publish","format-standard","has-post-thumbnail","hentry","category-noticias","tag-comisarialuiggi","tag-lapampa","tag-luiggi","tag-ministeriodeseguridad","tag-policiadelapampa","tag-policiales"],"_links":{"self":[{"href":"https:\/\/oasisfm935.com.ar\/site\/wp-json\/wp\/v2\/posts\/16863","targetHints":{"allow":["GET"]}}],"collection":[{"href":"https:\/\/oasisfm935.com.ar\/site\/wp-json\/wp\/v2\/posts"}],"about":[{"href":"https:\/\/oasisfm935.com.ar\/site\/wp-json\/wp\/v2\/types\/post"}],"author":[{"embeddable":true,"href":"https:\/\/oasisfm935.com.ar\/site\/wp-json\/wp\/v2\/users\/4"}],"replies":[{"embeddable":true,"href":"https:\/\/oasisfm935.com.ar\/site\/wp-json\/wp\/v2\/comments?post=16863"}],"version-history":[{"count":1,"href":"https:\/\/oasisfm935.com.ar\/site\/wp-json\/wp\/v2\/posts\/16863\/revisions"}],"predecessor-version":[{"id":16869,"href":"https:\/\/oasisfm935.com.ar\/site\/wp-json\/wp\/v2\/posts\/16863\/revisions\/16869"}],"wp:featuredmedia":[{"embeddable":true,"href":"https:\/\/oasisfm935.com.ar\/site\/wp-json\/wp\/v2\/media\/16868"}],"wp:attachment":[{"href":"https:\/\/oasisfm935.com.ar\/site\/wp-json\/wp\/v2\/media?parent=16863"}],"wp:term":[{"taxonomy":"category","embeddable":true,"href":"https:\/\/oasisfm935.com.ar\/site\/wp-json\/wp\/v2\/categories?post=16863"},{"taxonomy":"post_tag","embeddable":true,"href":"https:\/\/oasisfm935.com.ar\/site\/wp-json\/wp\/v2\/tags?post=16863"}],"curies":[{"name":"wp","href":"https:\/\/api.w.org\/{rel}","templated":true}]}}