{"id":1688,"date":"2019-05-06T16:06:06","date_gmt":"2019-05-06T19:06:06","guid":{"rendered":"http:\/\/oasisfm935.com\/site\/?p=1688"},"modified":"2019-05-06T16:06:06","modified_gmt":"2019-05-06T19:06:06","slug":"la-duena-del-perrito-salchicha-muerto-por-dos-pitbull-le-entrego-hoy-una-nota-al-intendente-de-luiggi","status":"publish","type":"post","link":"https:\/\/oasisfm935.com.ar\/site\/la-duena-del-perrito-salchicha-muerto-por-dos-pitbull-le-entrego-hoy-una-nota-al-intendente-de-luiggi\/","title":{"rendered":"LA DUE\u00d1A DEL PERRITO SALCHICHA MUERTO POR DOS PITBULL LE ENTREG\u00d3 HOY UNA NOTA AL INTENDENTE DE LUIGGI"},"content":{"rendered":"<p>Vanesa Chiodi, la vecina que denunci\u00f3 que su mascota fue muerta por los perros de sus vecinos, hoy por la ma\u00f1ana le present\u00f3 una nota firmada por varios frentistas reclamando que se cumpla la ordenanza vigente, y se tomen medidas de seguridad con respecto a esos perros a los que defini\u00f3 como \u00abpeligrosos\u00bb.<\/p>\n<p>Tal como lo reflej\u00e1ramos ayer, la mujer denunci\u00f3 en sus redes sociales y ante InfoTec 4.0 que los perros de sus vecinos, dos ejemplares de raza Pitbull mataron y mutilaron violentamente a su mascota familiar, un perrito salchicha llamado \u00abPanchito\u00bb.<a href=\"http:\/\/oasisfm935.com\/site\/wp-content\/uploads\/2019\/05\/multimedia.normal.91e46340d3c6ee76.325f6e6f726d616c2e6a7067.jpg\"><img loading=\"lazy\" decoding=\"async\" class=\"alignnone size-full wp-image-1689\" src=\"http:\/\/oasisfm935.com\/site\/wp-content\/uploads\/2019\/05\/multimedia.normal.91e46340d3c6ee76.325f6e6f726d616c2e6a7067.jpg\" alt=\"\" width=\"736\" height=\"436\" srcset=\"https:\/\/oasisfm935.com.ar\/site\/wp-content\/uploads\/2019\/05\/multimedia.normal.91e46340d3c6ee76.325f6e6f726d616c2e6a7067.jpg 736w, https:\/\/oasisfm935.com.ar\/site\/wp-content\/uploads\/2019\/05\/multimedia.normal.91e46340d3c6ee76.325f6e6f726d616c2e6a7067-300x178.jpg 300w\" sizes=\"auto, (max-width: 736px) 100vw, 736px\" \/><\/a><\/p>\n<p><em><strong>Panchito\u00bb<\/strong><\/em><\/p>\n<p>La preocupaci\u00f3n de los vecinos por la seguridad del barrio los llev\u00f3 hoy a presentar la nota que a continuaci\u00f3n compartimos, ante el temor de que esos animales pudieran atacar a alguna persona, sobre todo pensando en los ni\u00f1os, en dicha nota afirman que los perros en cuesti\u00f3n deambulan por la v\u00eda p\u00fablica sin ning\u00fan tipo de elemento preventivo.<\/p>\n<p>Chiodi quien entreg\u00f3 la nota en persona, indic\u00f3 que Zanoli al recibir la misiva le inform\u00f3 que\u00a0\u00ab<em><strong>se est\u00e1 haciendo todo lo que corresponde para solucionar el problema, pero que la denuncia ya fue elevada a Fiscal\u00eda y tiene que esperar la autorizaci\u00f3n del juez para retirar los perros de la propiedad.\u00a0\u00a0Por el momento se le va a cobrar una multa a los propietarios\u00bb.<\/strong><\/em>\u00a0A\u00a0continuaci\u00f3n el texto de la misiva entregada al intendente Oscar Zanoli:<\/p>\n<p><em><strong>\u00a0 \u00a0 \u00a0 \u00a0 \u00a0 \u00a0 \u00a0 \u00a0 \u00a0 \u00a0 \u00a0 \u00a0 \u00a0 \u00a0 \u00a0 \u00a0 \u00a0 \u00a0 \u00a0 \u00a0 \u00a0 \u00a0 \u00a0 \u00a0 \u00a0 \u00a0 \u00a0 \u00a0 \u00a0 \u00a0 \u00a0 \u00a0 \u00a0 \u00a0 \u00a0 \u00a0 \u00a0 \u00a0 \u00a0 \u00a0 \u00a0 \u00a0 \u00a0 \u00a0 \u00a0 \u00a0 \u00a0 \u00a0 \u00a0 \u00a0 \u00a0 \u00a0 \u00a0Ingeniero Luiggi 6 de Mayo de 2019<\/strong><\/em><br \/>\n<em><strong>SE\u00d1OR:<\/strong><\/em><br \/>\n<em><strong>INTENDENTE MUNICIPAL, OSCAR ZANOLI<\/strong><\/em><\/p>\n<p><em><strong>De mi mayor consideraci\u00f3n,<\/strong><\/em><br \/>\n<em><strong>Me dirijo a usted con el fin de comunicarle mi situaci\u00f3n. Soy la ciudadana ANELISA VANESA CHIODI, DNI &#8212;&#8212;&#8212;&#8212;&#8212;&#8211;. Desde el a\u00f1o 2016 y con denuncias que me respaldan, estoy padeciendo constantemente ataques, la p\u00e9rdida de mascotas, roturas de mi propiedad, invasi\u00f3n a mi terreno, etc. por parte de varios perros de raza PITBULL, cuya due\u00f1a es SILVANA ROJAS, nunca respondi\u00f3 por los hechos ocurridos y tampoco se tomaron medidas de seguridad para prevenir futuros ataques.\u00a0<\/strong><\/em><br \/>\n<em><strong>Cansada de esta situaci\u00f3n, y de ver como los perros vagan por la calle sin ning\u00fan tipo de bozal o protecci\u00f3n y ver como ingresan a mi propiedad rompiendo el tejido que compre y coloque para dividir mi terreno, representando una amenaza para mis hijos que suelen jugar en el patio, decid\u00ed tomar fotos y gravarlos, por lo tanto tengo en mi poder el material que respalda mis palabras.<\/strong><\/em><br \/>\n<em><strong>Yo temo por la seguridad de mi familia y como ciudadana pido que se tomen las medidas necesarias para brindarme la seguridad que merecemos. LE PIDO QUE LOS PERROS SEAN RETIRADOS DEL BARRIO Y LOS DUE\u00d1OS SEAN DEBIDAMENTE MULTADOS. Entiendo que hay una ORDENANZA MUNICIPAL y aparentemente no se est\u00e1 cumpliendo, ya que hace a\u00f1os estoy padeciendo esta situaci\u00f3n y no encuentro la soluci\u00f3n. Tampoco veo que los due\u00f1os se responsabilicen, paguen los da\u00f1os materiales, ni tomen medidas de seguridad, adecuando su hogar para tener esos perros de RAZA PELIGROSA.<\/strong><\/em><br \/>\n<em><strong>La p\u00e9rdida irreparable de una mascota de una forma tan brutal, jam\u00e1s se olvida, pero se pueden prevenir futuros ataques. Le pido que tomen conciencia de este caso y no esperen a que ocurra una desgracia mayor, la pr\u00f3xima v\u00edctima puede ser una persona. Mi objetivo es hacerle llegar este pedido con el fin de que me den una soluci\u00f3n inmediata y efectiva.\u00a0<\/strong><\/em><br \/>\n<em><strong>Se adjuntan las firmas de vecinos de la localidad y est\u00e1n a su disposici\u00f3n im\u00e1genes y videos para cuando sean requeridos.\u00a0<\/strong><\/em><br \/>\n<em><strong>Desde ya muchas gracias por su tiempo!!<\/strong><\/em><\/p>\n<p>&nbsp;<\/p>\n<p>Fuente :Info Tec 4.0<\/p>\n<div class=\"oasis-despues-del-contenido\" id=\"oasis-4008228466\"><img loading=\"lazy\" decoding=\"async\" src=\"https:\/\/oasisfm935.com.ar\/site\/wp-content\/uploads\/2020\/08\/47806202-8741-49f2-a5c9-d2f930e5baa1.jpg\" alt=\"\"  srcset=\"https:\/\/oasisfm935.com.ar\/site\/wp-content\/uploads\/2020\/08\/47806202-8741-49f2-a5c9-d2f930e5baa1.jpg 1080w, https:\/\/oasisfm935.com.ar\/site\/wp-content\/uploads\/2020\/08\/47806202-8741-49f2-a5c9-d2f930e5baa1-300x300.jpg 300w, https:\/\/oasisfm935.com.ar\/site\/wp-content\/uploads\/2020\/08\/47806202-8741-49f2-a5c9-d2f930e5baa1-1024x1024.jpg 1024w, https:\/\/oasisfm935.com.ar\/site\/wp-content\/uploads\/2020\/08\/47806202-8741-49f2-a5c9-d2f930e5baa1-150x150.jpg 150w, https:\/\/oasisfm935.com.ar\/site\/wp-content\/uploads\/2020\/08\/47806202-8741-49f2-a5c9-d2f930e5baa1-768x768.jpg 768w\" sizes=\"(max-width: 1080px) 100vw, 1080px\" class=\"no-lazyload\" width=\"1080\" height=\"1080\"  style=\"display: inline-block;\" \/><\/div>","protected":false},"excerpt":{"rendered":"<p>Vanesa Chiodi, la vecina que denunci\u00f3 que su mascota fue muerta por los perros de sus vecinos, hoy por la ma\u00f1ana le<\/p>\n","protected":false},"author":4,"featured_media":1690,"comment_status":"closed","ping_status":"open","sticky":false,"template":"","format":"standard","meta":{"colormag_page_layout":"default_layout","footnotes":""},"categories":[2],"tags":[],"class_list":["post-1688","post","type-post","status-publish","format-standard","has-post-thumbnail","hentry","category-noticias"],"_links":{"self":[{"href":"https:\/\/oasisfm935.com.ar\/site\/wp-json\/wp\/v2\/posts\/1688","targetHints":{"allow":["GET"]}}],"collection":[{"href":"https:\/\/oasisfm935.com.ar\/site\/wp-json\/wp\/v2\/posts"}],"about":[{"href":"https:\/\/oasisfm935.com.ar\/site\/wp-json\/wp\/v2\/types\/post"}],"author":[{"embeddable":true,"href":"https:\/\/oasisfm935.com.ar\/site\/wp-json\/wp\/v2\/users\/4"}],"replies":[{"embeddable":true,"href":"https:\/\/oasisfm935.com.ar\/site\/wp-json\/wp\/v2\/comments?post=1688"}],"version-history":[{"count":1,"href":"https:\/\/oasisfm935.com.ar\/site\/wp-json\/wp\/v2\/posts\/1688\/revisions"}],"predecessor-version":[{"id":1691,"href":"https:\/\/oasisfm935.com.ar\/site\/wp-json\/wp\/v2\/posts\/1688\/revisions\/1691"}],"wp:featuredmedia":[{"embeddable":true,"href":"https:\/\/oasisfm935.com.ar\/site\/wp-json\/wp\/v2\/media\/1690"}],"wp:attachment":[{"href":"https:\/\/oasisfm935.com.ar\/site\/wp-json\/wp\/v2\/media?parent=1688"}],"wp:term":[{"taxonomy":"category","embeddable":true,"href":"https:\/\/oasisfm935.com.ar\/site\/wp-json\/wp\/v2\/categories?post=1688"},{"taxonomy":"post_tag","embeddable":true,"href":"https:\/\/oasisfm935.com.ar\/site\/wp-json\/wp\/v2\/tags?post=1688"}],"curies":[{"name":"wp","href":"https:\/\/api.w.org\/{rel}","templated":true}]}}