{"id":1692,"date":"2019-05-06T17:14:44","date_gmt":"2019-05-06T20:14:44","guid":{"rendered":"http:\/\/oasisfm935.com\/site\/?p=1692"},"modified":"2019-05-06T17:23:09","modified_gmt":"2019-05-06T20:23:09","slug":"ingeniero-luiggi-los-hinchas-de-racing-celebraron-el-campeonato-de-la-superliga","status":"publish","type":"post","link":"https:\/\/oasisfm935.com.ar\/site\/ingeniero-luiggi-los-hinchas-de-racing-celebraron-el-campeonato-de-la-superliga\/","title":{"rendered":"Ingeniero Luiggi : Los Hinchas  de Racing celebraron el campeonato de la Superliga"},"content":{"rendered":"<p>El d\u00eda viernes por la noche\u00a0 se reunieron los hinchas de Racing a celebrar el campeonato de la Superliga Argentina en el sal\u00f3n AGA donde un centenar de personas disfrutaron de una cena que tuvo un costo m\u00ednimo gracias al aporte desinteresado de varios hinchas para que todos pudieran estar presente en este gran festejo.<\/p>\n<p><a href=\"http:\/\/oasisfm935.com\/site\/wp-content\/uploads\/2019\/05\/10.jpg\"><img loading=\"lazy\" decoding=\"async\" class=\"alignnone size-full wp-image-1694\" src=\"http:\/\/oasisfm935.com\/site\/wp-content\/uploads\/2019\/05\/10.jpg\" alt=\"\" width=\"1280\" height=\"720\" srcset=\"https:\/\/oasisfm935.com.ar\/site\/wp-content\/uploads\/2019\/05\/10.jpg 1280w, https:\/\/oasisfm935.com.ar\/site\/wp-content\/uploads\/2019\/05\/10-300x169.jpg 300w, https:\/\/oasisfm935.com.ar\/site\/wp-content\/uploads\/2019\/05\/10-768x432.jpg 768w, https:\/\/oasisfm935.com.ar\/site\/wp-content\/uploads\/2019\/05\/10-1024x576.jpg 1024w, https:\/\/oasisfm935.com.ar\/site\/wp-content\/uploads\/2019\/05\/10-678x381.jpg 678w\" sizes=\"auto, (max-width: 1280px) 100vw, 1280px\" \/><\/a><\/p>\n<p>Luego se proyecto un v\u00eddeo donde se revivi\u00f3 todo el camino al titulo acad\u00e9mico.<br \/>\nPara finalizar se corto la torta de campe\u00f3n .<\/p>\n<p><a href=\"http:\/\/oasisfm935.com\/site\/wp-content\/uploads\/2019\/05\/13.jpg\"><img loading=\"lazy\" decoding=\"async\" class=\"alignnone size-full wp-image-1695\" src=\"http:\/\/oasisfm935.com\/site\/wp-content\/uploads\/2019\/05\/13.jpg\" alt=\"\" width=\"1280\" height=\"720\" srcset=\"https:\/\/oasisfm935.com.ar\/site\/wp-content\/uploads\/2019\/05\/13.jpg 1280w, https:\/\/oasisfm935.com.ar\/site\/wp-content\/uploads\/2019\/05\/13-300x169.jpg 300w, https:\/\/oasisfm935.com.ar\/site\/wp-content\/uploads\/2019\/05\/13-768x432.jpg 768w, https:\/\/oasisfm935.com.ar\/site\/wp-content\/uploads\/2019\/05\/13-1024x576.jpg 1024w, https:\/\/oasisfm935.com.ar\/site\/wp-content\/uploads\/2019\/05\/13-678x381.jpg 678w\" sizes=\"auto, (max-width: 1280px) 100vw, 1280px\" \/><\/a><br \/>\nCon abrazos y deseos de un pronto nuevo festejo se fueron despidiendo los presente al grito de DALE CAMPE\u00d3N DALE CAMPE\u00d3N<\/p>\n<p>Informaci\u00f3n recibida por <a class=\"\" href=\"https:\/\/www.facebook.com\/profile.php?id=100002590014603&amp;ref=br_rs\" data-ft=\"{&quot;tn&quot;:&quot;-]&quot;}\">Fernando\u00a0 \u00a0Ferreyra<\/a><\/p>\n<div class=\"oasis-despues-del-contenido\" id=\"oasis-3657045572\"><img loading=\"lazy\" decoding=\"async\" src=\"https:\/\/oasisfm935.com.ar\/site\/wp-content\/uploads\/2020\/08\/47806202-8741-49f2-a5c9-d2f930e5baa1.jpg\" alt=\"\"  srcset=\"https:\/\/oasisfm935.com.ar\/site\/wp-content\/uploads\/2020\/08\/47806202-8741-49f2-a5c9-d2f930e5baa1.jpg 1080w, https:\/\/oasisfm935.com.ar\/site\/wp-content\/uploads\/2020\/08\/47806202-8741-49f2-a5c9-d2f930e5baa1-300x300.jpg 300w, https:\/\/oasisfm935.com.ar\/site\/wp-content\/uploads\/2020\/08\/47806202-8741-49f2-a5c9-d2f930e5baa1-1024x1024.jpg 1024w, https:\/\/oasisfm935.com.ar\/site\/wp-content\/uploads\/2020\/08\/47806202-8741-49f2-a5c9-d2f930e5baa1-150x150.jpg 150w, https:\/\/oasisfm935.com.ar\/site\/wp-content\/uploads\/2020\/08\/47806202-8741-49f2-a5c9-d2f930e5baa1-768x768.jpg 768w\" sizes=\"(max-width: 1080px) 100vw, 1080px\" class=\"no-lazyload\" width=\"1080\" height=\"1080\"  style=\"display: inline-block;\" \/><\/div>","protected":false},"excerpt":{"rendered":"<p>El d\u00eda viernes por la noche\u00a0 se reunieron los hinchas de Racing a celebrar el campeonato de la Superliga Argentina en el<\/p>\n","protected":false},"author":4,"featured_media":1693,"comment_status":"closed","ping_status":"open","sticky":false,"template":"","format":"standard","meta":{"colormag_page_layout":"default_layout","footnotes":""},"categories":[2],"tags":[],"class_list":["post-1692","post","type-post","status-publish","format-standard","has-post-thumbnail","hentry","category-noticias"],"_links":{"self":[{"href":"https:\/\/oasisfm935.com.ar\/site\/wp-json\/wp\/v2\/posts\/1692","targetHints":{"allow":["GET"]}}],"collection":[{"href":"https:\/\/oasisfm935.com.ar\/site\/wp-json\/wp\/v2\/posts"}],"about":[{"href":"https:\/\/oasisfm935.com.ar\/site\/wp-json\/wp\/v2\/types\/post"}],"author":[{"embeddable":true,"href":"https:\/\/oasisfm935.com.ar\/site\/wp-json\/wp\/v2\/users\/4"}],"replies":[{"embeddable":true,"href":"https:\/\/oasisfm935.com.ar\/site\/wp-json\/wp\/v2\/comments?post=1692"}],"version-history":[{"count":3,"href":"https:\/\/oasisfm935.com.ar\/site\/wp-json\/wp\/v2\/posts\/1692\/revisions"}],"predecessor-version":[{"id":1698,"href":"https:\/\/oasisfm935.com.ar\/site\/wp-json\/wp\/v2\/posts\/1692\/revisions\/1698"}],"wp:featuredmedia":[{"embeddable":true,"href":"https:\/\/oasisfm935.com.ar\/site\/wp-json\/wp\/v2\/media\/1693"}],"wp:attachment":[{"href":"https:\/\/oasisfm935.com.ar\/site\/wp-json\/wp\/v2\/media?parent=1692"}],"wp:term":[{"taxonomy":"category","embeddable":true,"href":"https:\/\/oasisfm935.com.ar\/site\/wp-json\/wp\/v2\/categories?post=1692"},{"taxonomy":"post_tag","embeddable":true,"href":"https:\/\/oasisfm935.com.ar\/site\/wp-json\/wp\/v2\/tags?post=1692"}],"curies":[{"name":"wp","href":"https:\/\/api.w.org\/{rel}","templated":true}]}}