{"id":1706,"date":"2019-05-08T16:22:47","date_gmt":"2019-05-08T19:22:47","guid":{"rendered":"http:\/\/oasisfm935.com\/site\/?p=1706"},"modified":"2019-05-08T16:23:04","modified_gmt":"2019-05-08T19:23:04","slug":"despidieron-a-23-operarios-y-paralizaron-la-repavimentacion-de-las-rutas-nacionales-35-y-188","status":"publish","type":"post","link":"https:\/\/oasisfm935.com.ar\/site\/despidieron-a-23-operarios-y-paralizaron-la-repavimentacion-de-las-rutas-nacionales-35-y-188\/","title":{"rendered":"Despidieron a 23 operarios y paralizaron la repavimentaci\u00f3n de las rutas nacionales 35 y 188"},"content":{"rendered":"<p>El Gobierno Nacional recort\u00f3 los fondos destinados a obras p\u00fablicas y la empresa que estaba a cargo de la repavimentaci\u00f3n de las rutas 188 y 35 despidi\u00f3 a 23 trabajadores.<\/p>\n<p>Vialbaires, la empresa concesionaria de la repavimentaci\u00f3n de las rutas nacionales 35 y 188 en la zona norte de La Pampa, despidi\u00f3 a 23 trabajadores y paraliz\u00f3 la obra, seg\u00fan inform\u00f3 el sitio Infotec Realic\u00f3.<\/p>\n<p>\u00abDichos despidos representan el 50% del personal total con que contaba el obrador Realic\u00f3 de la empresa, incluso no se descarta que m\u00e1s operarios pudieran ser cesanteados m\u00e1s adelante\u00bb, indic\u00f3 el portal.<\/p>\n<p><a href=\"http:\/\/oasisfm935.com\/site\/wp-content\/uploads\/2019\/05\/ruta-188-1.jpg\"><img loading=\"lazy\" decoding=\"async\" class=\"alignnone size-full wp-image-1707\" src=\"http:\/\/oasisfm935.com\/site\/wp-content\/uploads\/2019\/05\/ruta-188-1.jpg\" alt=\"\" width=\"700\" height=\"498\" srcset=\"https:\/\/oasisfm935.com.ar\/site\/wp-content\/uploads\/2019\/05\/ruta-188-1.jpg 700w, https:\/\/oasisfm935.com.ar\/site\/wp-content\/uploads\/2019\/05\/ruta-188-1-300x213.jpg 300w\" sizes=\"auto, (max-width: 700px) 100vw, 700px\" \/><\/a><\/p>\n<p>El detonante para que la firma tome esa decisi\u00f3n habr\u00eda sido el recorte presupuestario nacional destinado a la obra p\u00fablica.<\/p>\n<p>La concesionaria es Vialbaires S.A. y cuenta con la concesi\u00f3n de la obra de repavimentaci\u00f3n de la 35 en el tramo comprendido desde el l\u00edmite interprovincial La Pampa C\u00f3rdoba hasta Eduardo Castex, y la 188 desde Quetrequ\u00e9n hasta el cruce con la 35.<\/p>\n<p><a href=\"http:\/\/oasisfm935.com\/site\/wp-content\/uploads\/2019\/05\/ruta-188-3.jpg\"><img loading=\"lazy\" decoding=\"async\" class=\"alignnone size-full wp-image-1708\" src=\"http:\/\/oasisfm935.com\/site\/wp-content\/uploads\/2019\/05\/ruta-188-3.jpg\" alt=\"\" width=\"700\" height=\"493\" srcset=\"https:\/\/oasisfm935.com.ar\/site\/wp-content\/uploads\/2019\/05\/ruta-188-3.jpg 700w, https:\/\/oasisfm935.com.ar\/site\/wp-content\/uploads\/2019\/05\/ruta-188-3-300x211.jpg 300w\" sizes=\"auto, (max-width: 700px) 100vw, 700px\" \/><\/a><\/p>\n<p>&nbsp;<\/p>\n<p>&nbsp;<\/p>\n<div class=\"oasis-despues-del-contenido\" id=\"oasis-3439282357\"><img loading=\"lazy\" decoding=\"async\" src=\"https:\/\/oasisfm935.com.ar\/site\/wp-content\/uploads\/2020\/08\/47806202-8741-49f2-a5c9-d2f930e5baa1.jpg\" alt=\"\"  srcset=\"https:\/\/oasisfm935.com.ar\/site\/wp-content\/uploads\/2020\/08\/47806202-8741-49f2-a5c9-d2f930e5baa1.jpg 1080w, https:\/\/oasisfm935.com.ar\/site\/wp-content\/uploads\/2020\/08\/47806202-8741-49f2-a5c9-d2f930e5baa1-300x300.jpg 300w, https:\/\/oasisfm935.com.ar\/site\/wp-content\/uploads\/2020\/08\/47806202-8741-49f2-a5c9-d2f930e5baa1-1024x1024.jpg 1024w, https:\/\/oasisfm935.com.ar\/site\/wp-content\/uploads\/2020\/08\/47806202-8741-49f2-a5c9-d2f930e5baa1-150x150.jpg 150w, https:\/\/oasisfm935.com.ar\/site\/wp-content\/uploads\/2020\/08\/47806202-8741-49f2-a5c9-d2f930e5baa1-768x768.jpg 768w\" sizes=\"(max-width: 1080px) 100vw, 1080px\" class=\"no-lazyload\" width=\"1080\" height=\"1080\"  style=\"display: inline-block;\" \/><\/div>","protected":false},"excerpt":{"rendered":"<p>El Gobierno Nacional recort\u00f3 los fondos destinados a obras p\u00fablicas y la empresa que estaba a cargo de la repavimentaci\u00f3n de las<\/p>\n","protected":false},"author":4,"featured_media":1709,"comment_status":"closed","ping_status":"open","sticky":false,"template":"","format":"standard","meta":{"colormag_page_layout":"default_layout","footnotes":""},"categories":[2],"tags":[],"class_list":["post-1706","post","type-post","status-publish","format-standard","has-post-thumbnail","hentry","category-noticias"],"_links":{"self":[{"href":"https:\/\/oasisfm935.com.ar\/site\/wp-json\/wp\/v2\/posts\/1706","targetHints":{"allow":["GET"]}}],"collection":[{"href":"https:\/\/oasisfm935.com.ar\/site\/wp-json\/wp\/v2\/posts"}],"about":[{"href":"https:\/\/oasisfm935.com.ar\/site\/wp-json\/wp\/v2\/types\/post"}],"author":[{"embeddable":true,"href":"https:\/\/oasisfm935.com.ar\/site\/wp-json\/wp\/v2\/users\/4"}],"replies":[{"embeddable":true,"href":"https:\/\/oasisfm935.com.ar\/site\/wp-json\/wp\/v2\/comments?post=1706"}],"version-history":[{"count":1,"href":"https:\/\/oasisfm935.com.ar\/site\/wp-json\/wp\/v2\/posts\/1706\/revisions"}],"predecessor-version":[{"id":1710,"href":"https:\/\/oasisfm935.com.ar\/site\/wp-json\/wp\/v2\/posts\/1706\/revisions\/1710"}],"wp:featuredmedia":[{"embeddable":true,"href":"https:\/\/oasisfm935.com.ar\/site\/wp-json\/wp\/v2\/media\/1709"}],"wp:attachment":[{"href":"https:\/\/oasisfm935.com.ar\/site\/wp-json\/wp\/v2\/media?parent=1706"}],"wp:term":[{"taxonomy":"category","embeddable":true,"href":"https:\/\/oasisfm935.com.ar\/site\/wp-json\/wp\/v2\/categories?post=1706"},{"taxonomy":"post_tag","embeddable":true,"href":"https:\/\/oasisfm935.com.ar\/site\/wp-json\/wp\/v2\/tags?post=1706"}],"curies":[{"name":"wp","href":"https:\/\/api.w.org\/{rel}","templated":true}]}}