{"id":17187,"date":"2024-09-23T09:17:55","date_gmt":"2024-09-23T12:17:55","guid":{"rendered":"https:\/\/oasisfm935.com.ar\/site\/?p=17187"},"modified":"2024-09-23T09:17:55","modified_gmt":"2024-09-23T12:17:55","slug":"fue-un-exito-la-exposicion-rural-de-ingeniero-luiggi-gran-marco-de-publico-numerosos-stands-y-artistas","status":"publish","type":"post","link":"https:\/\/oasisfm935.com.ar\/site\/fue-un-exito-la-exposicion-rural-de-ingeniero-luiggi-gran-marco-de-publico-numerosos-stands-y-artistas\/","title":{"rendered":"Fue un \u00e9xito la Exposici\u00f3n Rural de  Ingeniero Luiggi: gran marco de p\u00fablico, numerosos stands y artistas"},"content":{"rendered":"<p>La edici\u00f3n 80\u00b0 de la Expo Rural de Ingeniero Luiggi tambi\u00e9n cont\u00f3 con el acompa\u00f1amiento del Gobierno provincial apostando al productor agropecuario pampeano y al trabajo conjunto\u201d. En un marco cordial y de respeto mutuo los representantes del Ejecutivo y del sector agropecuario pusieron en valor el permanente acercamiento a trav\u00e9s de las distintas mesas de di\u00e1logo.<\/p>\n<p>En representaci\u00f3n del Gobierno provincial, la ministra Fernanda Gonz\u00e1lez, particip\u00f3 del acto de inauguraci\u00f3n de la Expo Rural de Ingeniero Luiggi, llevada a cabo en la jornada de hoy, con la presencia del presidente de la Asociaci\u00f3n Gremial Agropecuaria, Maximiliano Tarditti, el intendente, Gustavo Salvadori, el subsecretario de Asuntos Agrarios, Ricardo Baraldi, el vicepresidente de CARBAP, Marcelo Rodr\u00edguez, entre otros.<\/p>\n<p><img loading=\"lazy\" decoding=\"async\" class=\"size-medium wp-image-17188 aligncenter\" src=\"https:\/\/oasisfm935.com.ar\/site\/wp-content\/uploads\/2024\/09\/384072_4af318cd-210d-498f-a10d-c7802b788292-300x169.jpeg\" alt=\"\" width=\"300\" height=\"169\" srcset=\"https:\/\/oasisfm935.com.ar\/site\/wp-content\/uploads\/2024\/09\/384072_4af318cd-210d-498f-a10d-c7802b788292-300x169.jpeg 300w, https:\/\/oasisfm935.com.ar\/site\/wp-content\/uploads\/2024\/09\/384072_4af318cd-210d-498f-a10d-c7802b788292-1024x576.jpeg 1024w, https:\/\/oasisfm935.com.ar\/site\/wp-content\/uploads\/2024\/09\/384072_4af318cd-210d-498f-a10d-c7802b788292-150x84.jpeg 150w, https:\/\/oasisfm935.com.ar\/site\/wp-content\/uploads\/2024\/09\/384072_4af318cd-210d-498f-a10d-c7802b788292-768x432.jpeg 768w, https:\/\/oasisfm935.com.ar\/site\/wp-content\/uploads\/2024\/09\/384072_4af318cd-210d-498f-a10d-c7802b788292-1536x864.jpeg 1536w, https:\/\/oasisfm935.com.ar\/site\/wp-content\/uploads\/2024\/09\/384072_4af318cd-210d-498f-a10d-c7802b788292.jpeg 1600w\" sizes=\"auto, (max-width: 300px) 100vw, 300px\" \/><\/p>\n<p>La funcionaria felicit\u00f3 \u201ca todos los que pusieron su grano de arena para que dicha exposici\u00f3n est\u00e9 radiante, vaya creciendo, y para que demuestren lo que son estos espacios en cada una de las localidades, donde hay una sociedad gremial que representa en este caso al sector agropecuario y permite la participaci\u00f3n del sector industrial, comercial y de servicios\u201d.<\/p>\n<p>Aprovech\u00f3 la oportunidad para mencionar el Programa Abriendo Parques Industriales a las Escuelas Secundarias, recientemente implementado, \u201cel cual funciona muy bien\u201d, y en ese marco -dijo- damos a conocer la matriz productiva provincial, qu\u00e9 tipo de industrias se encuentran las ligadas o no al sector agropecuario y en muchos casos el efecto multiplicador de dicho sector. En esta muestra, tambi\u00e9n tuvieron la oportunidad las escuelas de la localidad, de haber podido visitarla, y charlar con los distintos expositores que hoy se encuentran, visibilizando las actividades agropecuarias\u00bb.<\/p>\n<p><img loading=\"lazy\" decoding=\"async\" class=\"size-medium wp-image-17189 aligncenter\" src=\"https:\/\/oasisfm935.com.ar\/site\/wp-content\/uploads\/2024\/09\/382866_1346d3b1-5a77-4c17-8f9f-54007bb57012-300x169.jpeg\" alt=\"\" width=\"300\" height=\"169\" srcset=\"https:\/\/oasisfm935.com.ar\/site\/wp-content\/uploads\/2024\/09\/382866_1346d3b1-5a77-4c17-8f9f-54007bb57012-300x169.jpeg 300w, https:\/\/oasisfm935.com.ar\/site\/wp-content\/uploads\/2024\/09\/382866_1346d3b1-5a77-4c17-8f9f-54007bb57012-1024x576.jpeg 1024w, https:\/\/oasisfm935.com.ar\/site\/wp-content\/uploads\/2024\/09\/382866_1346d3b1-5a77-4c17-8f9f-54007bb57012-150x84.jpeg 150w, https:\/\/oasisfm935.com.ar\/site\/wp-content\/uploads\/2024\/09\/382866_1346d3b1-5a77-4c17-8f9f-54007bb57012-768x432.jpeg 768w, https:\/\/oasisfm935.com.ar\/site\/wp-content\/uploads\/2024\/09\/382866_1346d3b1-5a77-4c17-8f9f-54007bb57012-1536x864.jpeg 1536w, https:\/\/oasisfm935.com.ar\/site\/wp-content\/uploads\/2024\/09\/382866_1346d3b1-5a77-4c17-8f9f-54007bb57012.jpeg 1600w\" sizes=\"auto, (max-width: 300px) 100vw, 300px\" \/><\/p>\n<p>&nbsp;<\/p>\n<p>Reiter\u00f3 la importancia de la diversificaci\u00f3n de la matriz se\u00f1alando que es bueno \u201cconocer lo que se produce en otras zonas, fuera de lo cl\u00e1sico y lo tradicional\u201d. Y remarc\u00f3 que \u201ctodo lo que se puede generar tambi\u00e9n, por una de las funciones del estado presente y acompa\u00f1ando al sector productivo para que sea cada vez m\u00e1s fuerte\u201d.<\/p>\n<p><img loading=\"lazy\" decoding=\"async\" class=\"size-medium wp-image-17190 aligncenter\" src=\"https:\/\/oasisfm935.com.ar\/site\/wp-content\/uploads\/2024\/09\/397218_3a7753ac-2d51-423e-aea8-6ca849bb1080-1024x576-1-300x169.webp\" alt=\"\" width=\"300\" height=\"169\" srcset=\"https:\/\/oasisfm935.com.ar\/site\/wp-content\/uploads\/2024\/09\/397218_3a7753ac-2d51-423e-aea8-6ca849bb1080-1024x576-1-300x169.webp 300w, https:\/\/oasisfm935.com.ar\/site\/wp-content\/uploads\/2024\/09\/397218_3a7753ac-2d51-423e-aea8-6ca849bb1080-1024x576-1-150x84.webp 150w, https:\/\/oasisfm935.com.ar\/site\/wp-content\/uploads\/2024\/09\/397218_3a7753ac-2d51-423e-aea8-6ca849bb1080-1024x576-1-768x432.webp 768w, https:\/\/oasisfm935.com.ar\/site\/wp-content\/uploads\/2024\/09\/397218_3a7753ac-2d51-423e-aea8-6ca849bb1080-1024x576-1.webp 1024w\" sizes=\"auto, (max-width: 300px) 100vw, 300px\" \/><\/p>\n<p>Gonz\u00e1lez, al igual que el representante de CARBAP, hizo referencia a la importancia de las mesas de di\u00e1logo, \u201ccomo la Mesa de Emergencia Agropecuaria, COPROSA, es importante la participaci\u00f3n, y sobre todo la voz de los que representan a todos los gremios, La Pampa tiene una buena historia en esto, siempre hubo un camino de conciliaci\u00f3n y de intercambio de ideas, con el objetivo que nos vaya bien a todos, como a los que invierten para estar hoy ac\u00e1\u201d.<\/p>\n<p>&nbsp;<\/p>\n<p>Rodr\u00edguez afirm\u00f3 que desde CARBAP \u201cnos proponemos acompa\u00f1ar a todos los productores a trav\u00e9s de cada rural\u201d. Pidi\u00f3 a los productores que se acerquen a participar a los gremios, \u201cpara que en las mesas que se tomen decisiones estemos todos, con el fin de llegar a buenos resultados\u201d.<br \/>\nFinalmente felicit\u00f3 a la AGA \u201cporque en el circuito de rurales, la de Ingeniero Luiggi, toma cada m\u00e1s preponderancia\u201d.<\/p>\n<p>&nbsp;<\/p>\n<div class=\"oasis-despues-del-contenido\" id=\"oasis-1966773263\"><img loading=\"lazy\" decoding=\"async\" src=\"https:\/\/oasisfm935.com.ar\/site\/wp-content\/uploads\/2020\/08\/47806202-8741-49f2-a5c9-d2f930e5baa1.jpg\" alt=\"\"  srcset=\"https:\/\/oasisfm935.com.ar\/site\/wp-content\/uploads\/2020\/08\/47806202-8741-49f2-a5c9-d2f930e5baa1.jpg 1080w, https:\/\/oasisfm935.com.ar\/site\/wp-content\/uploads\/2020\/08\/47806202-8741-49f2-a5c9-d2f930e5baa1-300x300.jpg 300w, https:\/\/oasisfm935.com.ar\/site\/wp-content\/uploads\/2020\/08\/47806202-8741-49f2-a5c9-d2f930e5baa1-1024x1024.jpg 1024w, https:\/\/oasisfm935.com.ar\/site\/wp-content\/uploads\/2020\/08\/47806202-8741-49f2-a5c9-d2f930e5baa1-150x150.jpg 150w, https:\/\/oasisfm935.com.ar\/site\/wp-content\/uploads\/2020\/08\/47806202-8741-49f2-a5c9-d2f930e5baa1-768x768.jpg 768w\" sizes=\"(max-width: 1080px) 100vw, 1080px\" class=\"no-lazyload\" width=\"1080\" height=\"1080\"  style=\"display: inline-block;\" \/><\/div>","protected":false},"excerpt":{"rendered":"<p>La edici\u00f3n 80\u00b0 de la Expo Rural de Ingeniero Luiggi tambi\u00e9n cont\u00f3 con el acompa\u00f1amiento del Gobierno provincial apostando al productor agropecuario<\/p>\n","protected":false},"author":4,"featured_media":17191,"comment_status":"closed","ping_status":"open","sticky":false,"template":"","format":"standard","meta":{"colormag_page_layout":"default_layout","footnotes":""},"categories":[2],"tags":[],"class_list":["post-17187","post","type-post","status-publish","format-standard","has-post-thumbnail","hentry","category-noticias"],"_links":{"self":[{"href":"https:\/\/oasisfm935.com.ar\/site\/wp-json\/wp\/v2\/posts\/17187","targetHints":{"allow":["GET"]}}],"collection":[{"href":"https:\/\/oasisfm935.com.ar\/site\/wp-json\/wp\/v2\/posts"}],"about":[{"href":"https:\/\/oasisfm935.com.ar\/site\/wp-json\/wp\/v2\/types\/post"}],"author":[{"embeddable":true,"href":"https:\/\/oasisfm935.com.ar\/site\/wp-json\/wp\/v2\/users\/4"}],"replies":[{"embeddable":true,"href":"https:\/\/oasisfm935.com.ar\/site\/wp-json\/wp\/v2\/comments?post=17187"}],"version-history":[{"count":1,"href":"https:\/\/oasisfm935.com.ar\/site\/wp-json\/wp\/v2\/posts\/17187\/revisions"}],"predecessor-version":[{"id":17192,"href":"https:\/\/oasisfm935.com.ar\/site\/wp-json\/wp\/v2\/posts\/17187\/revisions\/17192"}],"wp:featuredmedia":[{"embeddable":true,"href":"https:\/\/oasisfm935.com.ar\/site\/wp-json\/wp\/v2\/media\/17191"}],"wp:attachment":[{"href":"https:\/\/oasisfm935.com.ar\/site\/wp-json\/wp\/v2\/media?parent=17187"}],"wp:term":[{"taxonomy":"category","embeddable":true,"href":"https:\/\/oasisfm935.com.ar\/site\/wp-json\/wp\/v2\/categories?post=17187"},{"taxonomy":"post_tag","embeddable":true,"href":"https:\/\/oasisfm935.com.ar\/site\/wp-json\/wp\/v2\/tags?post=17187"}],"curies":[{"name":"wp","href":"https:\/\/api.w.org\/{rel}","templated":true}]}}