{"id":17193,"date":"2024-09-23T12:21:15","date_gmt":"2024-09-23T15:21:15","guid":{"rendered":"https:\/\/oasisfm935.com.ar\/site\/?p=17193"},"modified":"2024-09-23T12:22:08","modified_gmt":"2024-09-23T15:22:08","slug":"ingeniero-luiggi-el-club-costa-brava-tiene-nuevo-presidente-jose-chengo-rivero","status":"publish","type":"post","link":"https:\/\/oasisfm935.com.ar\/site\/ingeniero-luiggi-el-club-costa-brava-tiene-nuevo-presidente-jose-chengo-rivero\/","title":{"rendered":"Ingeniero Luiggi: El Club Costa Brava tiene nuevo presidente \u00bb Jose Chengo Rivero\u00bb."},"content":{"rendered":"<div dir=\"auto\">El pasado Domingo 15\u00a0 de septiembre se celebr\u00f3 la A.G.A. de nuestra instituci\u00f3n.<\/div>\n<div dir=\"auto\">Respetando el orden del d\u00eda se eligi\u00f3 presidente y secretario de la Asamblea, siendo los socios CURTI Ezequiel Roberto y SABORIDO, Maria Cecilia propuestos y votados para cumplir tales cargos.<\/div>\n<div dir=\"auto\"><\/div>\n<div dir=\"auto\">Lectura y aprobaci\u00f3n de la documentaci\u00f3n correspondiente al ejercicio N\u00ba84 cerrado el 31-05-2024 (memoria, balance General e informe de la Comisi\u00f3n Revisora de cuentas) habi\u00e9ndose aprobado todos los puntos.<\/div>\n<div dir=\"auto\"><\/div>\n<div dir=\"auto\">Renovaci\u00f3n total de la Comisi\u00f3n Directiva y comisi\u00f3n revisora de cuentas, la cual qued\u00f3 conformada de la siguiente manera:<\/div>\n<div dir=\"auto\">\n<div class=\"xdj266r x11i5rnm xat24cr x1mh8g0r x1vvkbs x126k92a\">\n<div dir=\"auto\">Comisi\u00f3n Directiva:<\/div>\n<div dir=\"auto\"><strong>Presidente RIVERO Jos\u00e9 Orlando\u00a0<\/strong><\/div>\n<div dir=\"auto\">Vicepresidente: SABORIDO Amanda Andrea<\/div>\n<div dir=\"auto\">Secretaria: RIVERO Kimei Nisela<\/div>\n<div dir=\"auto\">Prosecretario: VISSIO Alexis Domingo Antonio<\/div>\n<div dir=\"auto\">Tesorera: MELOS CORES Mar\u00eda In\u00e9s<\/div>\n<div dir=\"auto\">Protesorero: MAMANI Mauricio Eduardo<\/div>\n<div dir=\"auto\">Vocal Titular: ANDRADA Federico<\/div>\n<div dir=\"auto\">Vocal Titular: FERNANDEZ Ana Mar\u00eda<\/div>\n<div dir=\"auto\">Vocal Titular: ZANOLI Adriana<\/div>\n<div dir=\"auto\">Vocal Titular: BLANC Mar\u00eda Irene<\/div>\n<div dir=\"auto\">Vocal Titular: CASTRO Pablo Andr\u00e9s<\/div>\n<div dir=\"auto\">Vocal Suplente: SALVADORI Marina Luj\u00e1n<\/div>\n<div dir=\"auto\">Vocal Suplente: CABRERA Daniela Luz<\/div>\n<div dir=\"auto\">Vocal Suplente: VELAZQUEZ Daniela Paola<\/div>\n<div dir=\"auto\">Comisi\u00f3n Revisora de Cuentas<\/div>\n<div dir=\"auto\">Revisor de Cuentas Titular: LUNA Carina Rosana<\/div>\n<div dir=\"auto\">Revisor de Cuentas Suplente: ZANOLI Mar\u00eda Marta<\/div>\n<div dir=\"auto\"><\/div>\n<\/div>\n<div class=\"x11i5rnm xat24cr x1mh8g0r x1vvkbs xtlvy1s x126k92a\">\n<div dir=\"auto\">Agradecemos profundamente a los socios que participaron de la misma.<\/div>\n<\/div>\n<\/div>\n<div class=\"oasis-despues-del-contenido\" id=\"oasis-3789301639\"><img loading=\"lazy\" decoding=\"async\" src=\"https:\/\/oasisfm935.com.ar\/site\/wp-content\/uploads\/2020\/08\/47806202-8741-49f2-a5c9-d2f930e5baa1.jpg\" alt=\"\"  srcset=\"https:\/\/oasisfm935.com.ar\/site\/wp-content\/uploads\/2020\/08\/47806202-8741-49f2-a5c9-d2f930e5baa1.jpg 1080w, https:\/\/oasisfm935.com.ar\/site\/wp-content\/uploads\/2020\/08\/47806202-8741-49f2-a5c9-d2f930e5baa1-300x300.jpg 300w, https:\/\/oasisfm935.com.ar\/site\/wp-content\/uploads\/2020\/08\/47806202-8741-49f2-a5c9-d2f930e5baa1-1024x1024.jpg 1024w, https:\/\/oasisfm935.com.ar\/site\/wp-content\/uploads\/2020\/08\/47806202-8741-49f2-a5c9-d2f930e5baa1-150x150.jpg 150w, https:\/\/oasisfm935.com.ar\/site\/wp-content\/uploads\/2020\/08\/47806202-8741-49f2-a5c9-d2f930e5baa1-768x768.jpg 768w\" sizes=\"(max-width: 1080px) 100vw, 1080px\" class=\"no-lazyload\" width=\"1080\" height=\"1080\"  style=\"display: inline-block;\" \/><\/div>","protected":false},"excerpt":{"rendered":"<p>El pasado Domingo 15\u00a0 de septiembre se celebr\u00f3 la A.G.A. de nuestra instituci\u00f3n. Respetando el orden del d\u00eda se eligi\u00f3 presidente y<\/p>\n","protected":false},"author":4,"featured_media":17194,"comment_status":"closed","ping_status":"open","sticky":false,"template":"","format":"standard","meta":{"colormag_page_layout":"default_layout","footnotes":""},"categories":[2],"tags":[],"class_list":["post-17193","post","type-post","status-publish","format-standard","has-post-thumbnail","hentry","category-noticias"],"_links":{"self":[{"href":"https:\/\/oasisfm935.com.ar\/site\/wp-json\/wp\/v2\/posts\/17193","targetHints":{"allow":["GET"]}}],"collection":[{"href":"https:\/\/oasisfm935.com.ar\/site\/wp-json\/wp\/v2\/posts"}],"about":[{"href":"https:\/\/oasisfm935.com.ar\/site\/wp-json\/wp\/v2\/types\/post"}],"author":[{"embeddable":true,"href":"https:\/\/oasisfm935.com.ar\/site\/wp-json\/wp\/v2\/users\/4"}],"replies":[{"embeddable":true,"href":"https:\/\/oasisfm935.com.ar\/site\/wp-json\/wp\/v2\/comments?post=17193"}],"version-history":[{"count":2,"href":"https:\/\/oasisfm935.com.ar\/site\/wp-json\/wp\/v2\/posts\/17193\/revisions"}],"predecessor-version":[{"id":17196,"href":"https:\/\/oasisfm935.com.ar\/site\/wp-json\/wp\/v2\/posts\/17193\/revisions\/17196"}],"wp:featuredmedia":[{"embeddable":true,"href":"https:\/\/oasisfm935.com.ar\/site\/wp-json\/wp\/v2\/media\/17194"}],"wp:attachment":[{"href":"https:\/\/oasisfm935.com.ar\/site\/wp-json\/wp\/v2\/media?parent=17193"}],"wp:term":[{"taxonomy":"category","embeddable":true,"href":"https:\/\/oasisfm935.com.ar\/site\/wp-json\/wp\/v2\/categories?post=17193"},{"taxonomy":"post_tag","embeddable":true,"href":"https:\/\/oasisfm935.com.ar\/site\/wp-json\/wp\/v2\/tags?post=17193"}],"curies":[{"name":"wp","href":"https:\/\/api.w.org\/{rel}","templated":true}]}}