{"id":1720,"date":"2019-05-09T11:34:57","date_gmt":"2019-05-09T14:34:57","guid":{"rendered":"http:\/\/oasisfm935.com\/site\/?p=1720"},"modified":"2019-05-09T11:34:57","modified_gmt":"2019-05-09T14:34:57","slug":"multitudinario-acto-del-frejupa-en-ingeniero-luiggi","status":"publish","type":"post","link":"https:\/\/oasisfm935.com.ar\/site\/multitudinario-acto-del-frejupa-en-ingeniero-luiggi\/","title":{"rendered":"Multitudinario acto del FreJuPa en Ingeniero Luiggi"},"content":{"rendered":"<p class=\"x_MsoNormal\">Con motivo de conmemorarse el 100\u00ba aniversario del nacimiento de Maria Eva Duarte de Per\u00f3n, \u201cEvita\u201d, se realiz\u00f3 un homenaje que se destac\u00f3 por lo emocional de escurar historias de la m\u00edtica Eva, contadas por sus protagonistas luiggenses.<\/p>\n<p class=\"x_MsoNormal\">Con un club colmado de vecina y vecinos de la localidad, al acto abri\u00f3 con la interpretaci\u00f3n musical de \u201cNO llores por m\u00ed Argentina\u201d en la voz de la cantante Leticia P\u00e9rez.<\/p>\n<div dir=\"ltr\">\n<div>\n<div>\n<p class=\"x_MsoNormal\">A continuaci\u00f3n la reconocida militante peronista Dolly Resello de Masut hizo un sentido relato de su experiencia compartida durante los a\u00f1os de Eva \u201cComo resumir lo que fue Eva Per\u00f3n para los argentinos, es casi imposible\u201d comenz\u00f3 su sentido relato.<\/p>\n<p><a href=\"http:\/\/oasisfm935.com\/site\/wp-content\/uploads\/2019\/05\/4.jpg\"><img loading=\"lazy\" decoding=\"async\" class=\"alignnone size-full wp-image-1724\" src=\"http:\/\/oasisfm935.com\/site\/wp-content\/uploads\/2019\/05\/4.jpg\" alt=\"\" width=\"1024\" height=\"682\" srcset=\"https:\/\/oasisfm935.com.ar\/site\/wp-content\/uploads\/2019\/05\/4.jpg 1024w, https:\/\/oasisfm935.com.ar\/site\/wp-content\/uploads\/2019\/05\/4-300x200.jpg 300w, https:\/\/oasisfm935.com.ar\/site\/wp-content\/uploads\/2019\/05\/4-768x512.jpg 768w\" sizes=\"auto, (max-width: 1024px) 100vw, 1024px\" \/><\/a><\/p>\n<p class=\"x_MsoNormal\">Continuando con el homenaje se proyect\u00f3 un video en el que vecinos de Ingeniero Luiggi expresaron sus experiencias de haber vivido en persona las acciones llevadas a cabo por Evita \u201cno pod\u00edamos comprar un juguete, no sab\u00edamos lo que era una navidad o un a\u00f1o nuevo y brindar con una sidra y un pan dulce, hasta que lleg\u00f3 por primera vez el tren con alguna mu\u00f1equita o algo para los ni\u00f1os\u201d fue uno de los m\u00e1s c\u00e1lidos relatos.<\/p>\n<p class=\"x_MsoNormal\">Despu\u00e9s de esta parte de homenajes, la candidata a Intendenta por el Frente Justicialista Pampeano, Patricia Lavin, Tom\u00f3 la palabra y agradeci\u00f3 a cada uno de los presentes, a sus compa\u00f1eros de trabajo, a los integrantes de su lista, a los compa\u00f1eros de militancia y funcionarios presentes \u201cme llena de orgullo, de honor este desaf\u00edo de representar a mi partido, a este Frente Justicialista Pampeano que se ha conformado y tengo a alguien que nos marca el rumbo, que es mi conductor Carlos Alberto\u00a0 Verna, asumo el compromiso de trabajar intensamente para \u00a0\u00a0Ingeniero Luiggi, tenemos grandes cosas por hacer y por continuar con estos 28 a\u00f1os de gobierno peronista en ingeniero Luiggi\u201d.<\/p>\n<p><a href=\"http:\/\/oasisfm935.com\/site\/wp-content\/uploads\/2019\/05\/17.jpg\"><img loading=\"lazy\" decoding=\"async\" class=\"alignnone size-full wp-image-1725\" src=\"http:\/\/oasisfm935.com\/site\/wp-content\/uploads\/2019\/05\/17.jpg\" alt=\"\" width=\"1024\" height=\"682\" srcset=\"https:\/\/oasisfm935.com.ar\/site\/wp-content\/uploads\/2019\/05\/17.jpg 1024w, https:\/\/oasisfm935.com.ar\/site\/wp-content\/uploads\/2019\/05\/17-300x200.jpg 300w, https:\/\/oasisfm935.com.ar\/site\/wp-content\/uploads\/2019\/05\/17-768x512.jpg 768w\" sizes=\"auto, (max-width: 1024px) 100vw, 1024px\" \/><\/a><\/p>\n<p class=\"x_MsoNormal\">\u201cPlanteamos una campa\u00f1a entendiendo que no es f\u00e1cil la \u00a0situaci\u00f3n que est\u00e1n atravesando las familias pampeanas y las familias luiggenses, este gobierno nacional que parece ser que est\u00e1 empe\u00f1ado en destrozarnos, en hacernos perder los derechos que hemos adquirido, pero nosotros estamos tambi\u00e9n empe\u00f1ados en demostrarles d\u00eda a d\u00eda que CON LA PAMPA NO SE JUEGA, una lucha que el gobernador Carlos Verna ha asumido como propia y ha llevado durante todos estos a\u00f1os marcando diferencia en las cosas que no compartimos con este gobierno nacional, una lucha que se renueva d\u00eda a d\u00eda y que el 19 de mayo tenemos que tener presente porque con el voto vamos a decir CON LA PAMPA NO, en La Pampa vamos a seguir por m\u00e1s derechos, vamos a ir por cada uno de los derechos que nos pertenecen y que parece ser que Mauricio Macri tiene socios y socias en ingeniero Luiggi que defienden este modelo, nosotros les vamos a demostrar que en Ingeniero Luiggi no\u201d, enfatiz\u00f3 Lavin.<\/p>\n<p class=\"x_MsoNormal\">\u201cTrabajemos como lo venimos haciendo \u00a0en las casas, con las instituciones intermedias explic\u00e1ndoles nuestra propuesta con absoluto respeto, escuchamos a cada vecino, pero no ahora que estamos de campa\u00f1a, lo venimos haciendo durante 28 a\u00f1os\u201d.<\/p>\n<p><a href=\"http:\/\/oasisfm935.com\/site\/wp-content\/uploads\/2019\/05\/15-1.jpg\"><img loading=\"lazy\" decoding=\"async\" class=\"alignnone size-full wp-image-1726\" src=\"http:\/\/oasisfm935.com\/site\/wp-content\/uploads\/2019\/05\/15-1.jpg\" alt=\"\" width=\"1024\" height=\"682\" srcset=\"https:\/\/oasisfm935.com.ar\/site\/wp-content\/uploads\/2019\/05\/15-1.jpg 1024w, https:\/\/oasisfm935.com.ar\/site\/wp-content\/uploads\/2019\/05\/15-1-300x200.jpg 300w, https:\/\/oasisfm935.com.ar\/site\/wp-content\/uploads\/2019\/05\/15-1-768x512.jpg 768w\" sizes=\"auto, (max-width: 1024px) 100vw, 1024px\" \/><\/a><\/p>\n<p class=\"x_MsoNormal\">\u201cRealmente queremos ir por cuatro a\u00f1os m\u00e1s defendiendo derechos, es la propuesta que tiene nuestro candidato Sergio Ziliotto y Mariano Fern\u00e1ndez, es el Proyecto Verna es lo que quiere nuestro presidente del partido Rub\u00e9n Mar\u00edn, queremos acompa\u00f1arlos en los emprendimiento que tienen y generan trabajo, en cada una de la iniciativas de las instituciones intermedias, porque si algo tiene este Gobierno Provincial es presencia, ante la ausencia del Gobierno Nacional, ac\u00e1 estamos presentes con ustedes\u201d, agreg\u00f3.<\/p>\n<p class=\"x_MsoNormal\">\u201cNosotros no regalamos\u201d dice la oposici\u00f3n, \u201cnosotros tampoco regalamos, aclaremos conceptos, regalar no es lo mismo que asistir, asistir es un gobierno presente, asistimos ante una necesidad, pero tiene que ver con protecci\u00f3n de derechos, no tiene nada que ver con regalar porque s\u00ed, ante una necesidad hay un derecho, eso nos lo ense\u00f1\u00f3 Eva y Juan Domingo Per\u00f3n\u201d, asegur\u00f3 Lavin haciendo alusi\u00f3n a las chicanas de la oposici\u00f3n.<\/p>\n<p class=\"x_MsoNormal\">Respecto de lo acordado con el candidato Sergio Ziliotto asegur\u00f3 que \u201cqueremos m\u00e1s asfalto, sabemos que necesitamos y queremos tener un hospital modernizado, queremos m\u00e1s oportunidades, acompa\u00f1amiento a los emprendimiento y seguir trabajando por cada luiggense\u201d.<\/p>\n<p><a href=\"http:\/\/oasisfm935.com\/site\/wp-content\/uploads\/2019\/05\/5.jpg\"><img loading=\"lazy\" decoding=\"async\" class=\"alignnone size-full wp-image-1727\" src=\"http:\/\/oasisfm935.com\/site\/wp-content\/uploads\/2019\/05\/5.jpg\" alt=\"\" width=\"1024\" height=\"682\" srcset=\"https:\/\/oasisfm935.com.ar\/site\/wp-content\/uploads\/2019\/05\/5.jpg 1024w, https:\/\/oasisfm935.com.ar\/site\/wp-content\/uploads\/2019\/05\/5-300x200.jpg 300w, https:\/\/oasisfm935.com.ar\/site\/wp-content\/uploads\/2019\/05\/5-768x512.jpg 768w\" sizes=\"auto, (max-width: 1024px) 100vw, 1024px\" \/><\/a><\/p>\n<p class=\"x_MsoNormal\">Para finalizar Lavin agreg\u00f3 \u00a0\u201ccada uno de ustedes me conocen, saben mis debilidades, mis fortalezas, saben lo que soy capaz de dar, como he dado todo este tiempo que he ocupado cargos provinciales y por eso han pensado en m\u00ed para poder ocupar este semejante cargo y convertirme en la primer intendenta mujer, les pido que nos acompa\u00f1en, que el 19 de mayo no lo duden, lista 502 porque es lo que nos asegura continuar con este proyecto que nos permite marcar presencia en un contexto nacional que parece ser que a la provincia de La Pampa se la han olvidado, Patricia Lavin y su equipo \u00a0van a trabajar d\u00eda a d\u00eda por ustedes y para ustedes como me ense\u00f1\u00f3 Carlos Alberto Verna\u201d.<a href=\"http:\/\/oasisfm935.com\/site\/wp-content\/uploads\/2019\/05\/6.jpg\"><img loading=\"lazy\" decoding=\"async\" class=\"alignnone size-full wp-image-1728\" src=\"http:\/\/oasisfm935.com\/site\/wp-content\/uploads\/2019\/05\/6.jpg\" alt=\"\" width=\"1024\" height=\"682\" srcset=\"https:\/\/oasisfm935.com.ar\/site\/wp-content\/uploads\/2019\/05\/6.jpg 1024w, https:\/\/oasisfm935.com.ar\/site\/wp-content\/uploads\/2019\/05\/6-300x200.jpg 300w, https:\/\/oasisfm935.com.ar\/site\/wp-content\/uploads\/2019\/05\/6-768x512.jpg 768w\" sizes=\"auto, (max-width: 1024px) 100vw, 1024px\" \/><\/a><\/p>\n<p class=\"x_MsoNormal\">\n<p class=\"x_MsoNormal\">Por su parte el candidato a vicegobernador Mariano Fern\u00e1ndez agradeci\u00f3 a los presentes, record\u00f3 tambi\u00e9n a Eva Per\u00f3n como la precursora de defender los derechos de la mujer y alent\u00f3 a Patricia Lavin y Oscar Zanoli a trabajar por Luiggi y la regi\u00f3n.<\/p>\n<p class=\"x_MsoNormal\">\u201cEl 19 se juega la suerte de la provincia de La Pampa y de Ingeniero Luiggi, un\u00a0 Gobierno Provincial encabezado por el ingeniero Verna que ha defendido los derechos de los pampeanos desde el primer minuto de su gesti\u00f3n porque sab\u00eda que\u00a0 quien presidia la naci\u00f3n iba a mentir, y minti\u00f3\u2026 minti\u00f3 en que no iba a tocar el salario de los jubilados, minti\u00f3 en que iba a haber pobreza cero, minti\u00f3 en que iban a llover las inversiones y lo \u00fanico que llovi\u00f3 fueron los timbreos de los valores, que iban a llover industrias, que no iba a haber despidos, que iban a mejorar los salarios, les minti\u00f3 a ustedes cuando vino a Luiggi y dijo que iba a hacer el jard\u00edn de infantes, para los peronistas como bien dec\u00eda Patricia, donde hay una necesidad hay un derecho y para este presidente donde hay una necesidad hay una mentira\u201d.<a href=\"http:\/\/oasisfm935.com\/site\/wp-content\/uploads\/2019\/05\/18.jpg\"><img loading=\"lazy\" decoding=\"async\" class=\"alignnone size-full wp-image-1729\" src=\"http:\/\/oasisfm935.com\/site\/wp-content\/uploads\/2019\/05\/18.jpg\" alt=\"\" width=\"1024\" height=\"682\" srcset=\"https:\/\/oasisfm935.com.ar\/site\/wp-content\/uploads\/2019\/05\/18.jpg 1024w, https:\/\/oasisfm935.com.ar\/site\/wp-content\/uploads\/2019\/05\/18-300x200.jpg 300w, https:\/\/oasisfm935.com.ar\/site\/wp-content\/uploads\/2019\/05\/18-768x512.jpg 768w\" sizes=\"auto, (max-width: 1024px) 100vw, 1024px\" \/><\/a><\/p>\n<p class=\"x_MsoNormal\">\u201cLos representantes de ese gobierno quieren ir por la pampa, pero nosotros no vamos a entregar la historia del gobierno peronista a un grupo de improvisados nosotros vamos a seguir la historia de los gobiernos peronistas con Sergio Zilioto , el 19 no es una elecci\u00f3n m\u00e1s, tenemos que ir todos a votar, para hacer valer los derechos de La Pampa, para decirle al presidente Macri\u00a0 y a sus representantes provinciales que La Pampa sigue siendo peronista y sigue defendiendo los derechos de los pampeanos\u201d finaliz\u00f3 Fern\u00e1ndez.<\/p>\n<\/div>\n<\/div>\n<\/div>\n<div dir=\"ltr\">\n<div>\n<div>\n<p class=\"x_MsoNormal\">\n<\/div>\n<\/div>\n<\/div>\n<div class=\"oasis-despues-del-contenido\" id=\"oasis-2683361688\"><img loading=\"lazy\" decoding=\"async\" src=\"https:\/\/oasisfm935.com.ar\/site\/wp-content\/uploads\/2020\/08\/47806202-8741-49f2-a5c9-d2f930e5baa1.jpg\" alt=\"\"  srcset=\"https:\/\/oasisfm935.com.ar\/site\/wp-content\/uploads\/2020\/08\/47806202-8741-49f2-a5c9-d2f930e5baa1.jpg 1080w, https:\/\/oasisfm935.com.ar\/site\/wp-content\/uploads\/2020\/08\/47806202-8741-49f2-a5c9-d2f930e5baa1-300x300.jpg 300w, https:\/\/oasisfm935.com.ar\/site\/wp-content\/uploads\/2020\/08\/47806202-8741-49f2-a5c9-d2f930e5baa1-1024x1024.jpg 1024w, https:\/\/oasisfm935.com.ar\/site\/wp-content\/uploads\/2020\/08\/47806202-8741-49f2-a5c9-d2f930e5baa1-150x150.jpg 150w, https:\/\/oasisfm935.com.ar\/site\/wp-content\/uploads\/2020\/08\/47806202-8741-49f2-a5c9-d2f930e5baa1-768x768.jpg 768w\" sizes=\"(max-width: 1080px) 100vw, 1080px\" class=\"no-lazyload\" width=\"1080\" height=\"1080\"  style=\"display: inline-block;\" \/><\/div>","protected":false},"excerpt":{"rendered":"<p>Con motivo de conmemorarse el 100\u00ba aniversario del nacimiento de Maria Eva Duarte de Per\u00f3n, \u201cEvita\u201d, se realiz\u00f3 un homenaje que se<\/p>\n","protected":false},"author":4,"featured_media":1723,"comment_status":"closed","ping_status":"open","sticky":false,"template":"","format":"standard","meta":{"colormag_page_layout":"default_layout","footnotes":""},"categories":[2],"tags":[],"class_list":["post-1720","post","type-post","status-publish","format-standard","has-post-thumbnail","hentry","category-noticias"],"_links":{"self":[{"href":"https:\/\/oasisfm935.com.ar\/site\/wp-json\/wp\/v2\/posts\/1720","targetHints":{"allow":["GET"]}}],"collection":[{"href":"https:\/\/oasisfm935.com.ar\/site\/wp-json\/wp\/v2\/posts"}],"about":[{"href":"https:\/\/oasisfm935.com.ar\/site\/wp-json\/wp\/v2\/types\/post"}],"author":[{"embeddable":true,"href":"https:\/\/oasisfm935.com.ar\/site\/wp-json\/wp\/v2\/users\/4"}],"replies":[{"embeddable":true,"href":"https:\/\/oasisfm935.com.ar\/site\/wp-json\/wp\/v2\/comments?post=1720"}],"version-history":[{"count":1,"href":"https:\/\/oasisfm935.com.ar\/site\/wp-json\/wp\/v2\/posts\/1720\/revisions"}],"predecessor-version":[{"id":1730,"href":"https:\/\/oasisfm935.com.ar\/site\/wp-json\/wp\/v2\/posts\/1720\/revisions\/1730"}],"wp:featuredmedia":[{"embeddable":true,"href":"https:\/\/oasisfm935.com.ar\/site\/wp-json\/wp\/v2\/media\/1723"}],"wp:attachment":[{"href":"https:\/\/oasisfm935.com.ar\/site\/wp-json\/wp\/v2\/media?parent=1720"}],"wp:term":[{"taxonomy":"category","embeddable":true,"href":"https:\/\/oasisfm935.com.ar\/site\/wp-json\/wp\/v2\/categories?post=1720"},{"taxonomy":"post_tag","embeddable":true,"href":"https:\/\/oasisfm935.com.ar\/site\/wp-json\/wp\/v2\/tags?post=1720"}],"curies":[{"name":"wp","href":"https:\/\/api.w.org\/{rel}","templated":true}]}}