{"id":17211,"date":"2024-09-26T17:17:17","date_gmt":"2024-09-26T20:17:17","guid":{"rendered":"https:\/\/oasisfm935.com.ar\/site\/?p=17211"},"modified":"2024-09-26T17:17:17","modified_gmt":"2024-09-26T20:17:17","slug":"incendio-en-ingeniero-luiggi-esta-controlado-afirmo-sebastian-hamdan-tras-utilizar-500-000-litros-de-agua","status":"publish","type":"post","link":"https:\/\/oasisfm935.com.ar\/site\/incendio-en-ingeniero-luiggi-esta-controlado-afirmo-sebastian-hamdan-tras-utilizar-500-000-litros-de-agua\/","title":{"rendered":"Incendio en Ingeniero Luiggi: \u201cEst\u00e1 controlado\u201d, afirm\u00f3 Sebasti\u00e1n Hamdan tras utilizar 500.000 litros de agua"},"content":{"rendered":"<div id=\"page\" class=\"site\">\n<div id=\"wrapper-navbar\"><\/div>\n<div id=\"single-wrapper\" class=\"wrapper\">\n<div id=\"content\" class=\"container\">\n<div class=\"row\">\n<div class=\"col-md-8 col-lg-8 col-xl-8 col-sm-12 p-0\"><main id=\"main\" class=\"site-main\"><\/p>\n<div class=\"col-md-12 mb-4\">\n<article id=\"post-292844\" class=\"noticia-single\">\n<div class=\"extracto\">\n<div class=\"entry-content\">\n<p>En las primeras horas de la ma\u00f1ana de hoy, un incendio de gran magnitud afect\u00f3 un dep\u00f3sito en la localidad de Ingeniero Luiggi. En di\u00e1logo con este medio, el jefe de bomberos local, Sebasti\u00e1n Hamdan, brind\u00f3 detalles sobre el siniestro y el arduo trabajo realizado para controlarlo.<\/p>\n<figure class=\"wp-block-embed is-type-video is-provider-youtube wp-block-embed-youtube wp-embed-aspect-16-9 wp-has-aspect-ratio\" data-od-xpath=\"\/*[1][self::HTML]\/*[2][self::BODY]\/*[1][self::DIV]\/*[5][self::DIV]\/*[1][self::DIV]\/*[1][self::DIV]\/*[1][self::DIV]\/*[1][self::MAIN]\/*[1][self::DIV]\/*[1][self::ARTICLE]\/*[2][self::BODY]\/*[1][self::DIV]\/*[2][self::DIV]\/*[3][self::FIGURE]\">\n<div class=\"wp-block-embed__wrapper\"><\/div>\n<\/figure>\n<p><strong>\u2013 \u00bfPudieron controlar el incendio, Sebasti\u00e1n?<\/strong><br \/>\n<em>\u201cS\u00ed, s\u00ed, est\u00e1 controlado. Estamos trabajando, tenemos much\u00edsimo tiempo todav\u00eda de laburo, pero lo controlamos,\u201d<\/em>\u00a0afirm\u00f3 Hamdan, al confirmar que las llamas ya no representan un riesgo inminente, aunque las labores de extinci\u00f3n contin\u00faan.<\/p>\n<p><strong>\u2013 \u00bfQu\u00e9 conten\u00eda el dep\u00f3sito?<\/strong><br \/>\n<em>\u201cMucho cereal, bolsas, much\u00edsimo material combustible, pl\u00e1stico, varias bolsas de pl\u00e1stico.\u201d<\/em><\/p>\n<div class=\"google-auto-placed ap_container\"><ins class=\"adsbygoogle adsbygoogle-noablate\" data-ad-format=\"auto\" data-ad-client=\"ca-pub-2309001140934460\" data-adsbygoogle-status=\"done\" data-ad-status=\"filled\"><\/p>\n<div id=\"aswift_1_host\"><\/div>\n<p><\/ins><\/div>\n<p>Hamdan descart\u00f3 la presencia de agroqu\u00edmicos en el lugar:\u00a0<em>\u201cPor lo que manifiestan, no,\u201d<\/em>\u00a0se\u00f1al\u00f3, al referirse a la informaci\u00f3n obtenida hasta el momento. El dep\u00f3sito tiene una extensi\u00f3n de 100 metros por 40, lo que hizo que el trabajo de los bomberos fuera a\u00fan m\u00e1s complejo.<\/p>\n<p><strong>\u2013 \u00bfCu\u00e1ntas dotaciones participaron?<\/strong><br \/>\n<em>\u201cGeneral Pico, Trenel, La Maruja, Arata, Calof\u00fa, Parera, Ingeniero Luiggi y Alta Italia,\u201d<\/em>\u00a0enumer\u00f3 Hamdan, destacando la colaboraci\u00f3n de varias localidades para combatir las llamas.<\/p>\n<p><strong>\u2013 \u00bfUn incendio de estas caracter\u00edsticas hab\u00eda ocurrido antes en Ingeniero Luiggi?<\/strong><br \/>\n<em>\u201cNo, hemos tenido incendios en tanques de combustible, pero no de este tipo ni de esta magnitud en galpones,\u201d<\/em>\u00a0respondi\u00f3 el jefe de bomberos, destacando lo inusual del siniestro en la regi\u00f3n.<\/p>\n<p><strong>\u2013 \u00bfTienen alguna hip\u00f3tesis sobre las causas del incendio?<\/strong><br \/>\n<em>\u201cNo, no tenemos ni idea. Ahora va a bajar de Santa Rosa la polic\u00eda y los bomberos de la polic\u00eda para realizar la investigaci\u00f3n,\u201d<\/em>\u00a0explic\u00f3, refiri\u00e9ndose a la etapa investigativa que buscar\u00e1 determinar las causas del siniestro.<\/p>\n<div class=\"google-auto-placed ap_container\"><ins class=\"adsbygoogle adsbygoogle-noablate\" data-ad-format=\"auto\" data-ad-client=\"ca-pub-2309001140934460\" data-adsbygoogle-status=\"done\" data-ad-status=\"filled\"><\/p>\n<div id=\"aswift_2_host\"><\/div>\n<p><\/ins><\/div>\n<p><strong>\u2013 \u00bfA qu\u00e9 hora se origin\u00f3 el incendio?<\/strong><br \/>\n<em>\u201cA las 10:20 de la ma\u00f1ana,\u201d<\/em>\u00a0detall\u00f3 Hamdan, indicando que el fuego se desat\u00f3 r\u00e1pidamente:\u00a0<em>\u201cAgarr\u00f3 una celda y autom\u00e1ticamente se propag\u00f3 al resto.\u201d<\/em><\/p>\n<p>Durante el operativo se utilizaron aproximadamente 500.000 litros de agua para sofocar las llamas. En relaci\u00f3n con los materiales empleados, Hamdan aclar\u00f3 que solo se trabaj\u00f3 con agua:\u00a0<em>\u201cNo utilizamos espuma. La espuma es mucho m\u00e1s efectiva, pero vale una fortuna y la reservamos para casos espec\u00edficos.\u201d<\/em><\/p>\n<p>El trabajo de los bomberos contin\u00faa en el lugar, y se espera que las investigaciones determinen las causas de este incendio que moviliz\u00f3 a toda la comunidad de Ingeniero Luiggi y alrededores.<\/p>\n<p>Video gentileza Marcelo Hidalgo FM CADENA OASIS<\/p>\n<\/div>\n<\/div>\n<\/article>\n<\/div>\n<div class=\"google-auto-placed\"><ins class=\"adsbygoogle adsbygoogle-noablate\" data-ad-format=\"auto\" data-ad-client=\"ca-pub-2309001140934460\" data-adsbygoogle-status=\"done\" data-ad-status=\"filled\"><\/p>\n<div id=\"aswift_3_host\"><\/div>\n<p><\/ins><\/div>\n<div class=\"google-auto-placed pedestal_container\"><ins class=\"adsbygoogle adsbygoogle-noablate\" data-ad-format=\"auto\" data-ad-client=\"ca-pub-2309001140934460\" data-adsbygoogle-status=\"done\" data-ad-status=\"unfilled\"><\/p>\n<div id=\"aswift_5_host\"><\/div>\n<p><\/ins><\/div>\n<div class=\"col-md-12 mb-4\">\n<div class=\"row\">\n<div class=\"google-auto-placed\"><ins class=\"adsbygoogle adsbygoogle-noablate\" data-ad-format=\"auto\" data-ad-client=\"ca-pub-2309001140934460\" data-adsbygoogle-status=\"done\" data-ad-status=\"unfilled\"><\/p>\n<div id=\"aswift_4_host\"><\/div>\n<p><\/ins><\/div>\n<article id=\"post-292647\" class=\"col-xs-12 col-md-12 col-lg-6 col-xl-6 articulo-sec\">\n<div class=\"noticia-secundaria mb-4\">\n<div>\n<div class=\"texto-personalizado\"><\/div>\n<\/div>\n<\/div>\n<\/article>\n<\/div>\n<\/div>\n<p><\/main><\/div>\n<div class=\"col-md-4 col-lg-4 col-xl-4 col-sm-12\">\n<section id=\"block-26\" class=\"widget widget_block\"><\/section>\n<section id=\"block-24\" class=\"widget widget_block\"><\/section>\n<section id=\"block-25\" class=\"widget widget_block\">\n<div id=\"infop-604d08c644349e731ee79a8ac7648d14\" class=\"infop-604d08c644349e731ee79a8ac7648d14\">\n<div id=\"infop-301562912\" class=\"marco-publicidad infop-target\" data-infop-trackid=\"37637\" data-infop-trackbid=\"1\"><ins class=\"adsbygoogle\" data-ad-client=\"ca-pub-2309001140934460\" data-ad-slot=\"3100269630\" data-adsbygoogle-status=\"done\" data-auto-ad-size=\"true\" data-ad-status=\"unfilled\"><\/p>\n<div id=\"aswift_6_host\"><\/div>\n<p><\/ins><\/div>\n<div id=\"infop-1970114892\" class=\"marco-publicidad infop-target\" data-infop-trackid=\"96997\" data-infop-trackbid=\"1\"><\/div>\n<\/div>\n<\/section>\n<\/div>\n<\/div>\n<\/div>\n<\/div>\n<\/div>\n<div class=\"oasis-despues-del-contenido\" id=\"oasis-1763096891\"><img loading=\"lazy\" decoding=\"async\" src=\"https:\/\/oasisfm935.com.ar\/site\/wp-content\/uploads\/2020\/08\/47806202-8741-49f2-a5c9-d2f930e5baa1.jpg\" alt=\"\"  srcset=\"https:\/\/oasisfm935.com.ar\/site\/wp-content\/uploads\/2020\/08\/47806202-8741-49f2-a5c9-d2f930e5baa1.jpg 1080w, https:\/\/oasisfm935.com.ar\/site\/wp-content\/uploads\/2020\/08\/47806202-8741-49f2-a5c9-d2f930e5baa1-300x300.jpg 300w, https:\/\/oasisfm935.com.ar\/site\/wp-content\/uploads\/2020\/08\/47806202-8741-49f2-a5c9-d2f930e5baa1-1024x1024.jpg 1024w, https:\/\/oasisfm935.com.ar\/site\/wp-content\/uploads\/2020\/08\/47806202-8741-49f2-a5c9-d2f930e5baa1-150x150.jpg 150w, https:\/\/oasisfm935.com.ar\/site\/wp-content\/uploads\/2020\/08\/47806202-8741-49f2-a5c9-d2f930e5baa1-768x768.jpg 768w\" sizes=\"(max-width: 1080px) 100vw, 1080px\" class=\"no-lazyload\" width=\"1080\" height=\"1080\"  style=\"display: inline-block;\" \/><\/div>","protected":false},"excerpt":{"rendered":"<p>En las primeras horas de la ma\u00f1ana de hoy, un incendio de gran magnitud afect\u00f3 un dep\u00f3sito en la localidad de Ingeniero<\/p>\n","protected":false},"author":4,"featured_media":17212,"comment_status":"closed","ping_status":"open","sticky":false,"template":"","format":"standard","meta":{"colormag_page_layout":"default_layout","footnotes":""},"categories":[2],"tags":[],"class_list":["post-17211","post","type-post","status-publish","format-standard","has-post-thumbnail","hentry","category-noticias"],"_links":{"self":[{"href":"https:\/\/oasisfm935.com.ar\/site\/wp-json\/wp\/v2\/posts\/17211","targetHints":{"allow":["GET"]}}],"collection":[{"href":"https:\/\/oasisfm935.com.ar\/site\/wp-json\/wp\/v2\/posts"}],"about":[{"href":"https:\/\/oasisfm935.com.ar\/site\/wp-json\/wp\/v2\/types\/post"}],"author":[{"embeddable":true,"href":"https:\/\/oasisfm935.com.ar\/site\/wp-json\/wp\/v2\/users\/4"}],"replies":[{"embeddable":true,"href":"https:\/\/oasisfm935.com.ar\/site\/wp-json\/wp\/v2\/comments?post=17211"}],"version-history":[{"count":1,"href":"https:\/\/oasisfm935.com.ar\/site\/wp-json\/wp\/v2\/posts\/17211\/revisions"}],"predecessor-version":[{"id":17213,"href":"https:\/\/oasisfm935.com.ar\/site\/wp-json\/wp\/v2\/posts\/17211\/revisions\/17213"}],"wp:featuredmedia":[{"embeddable":true,"href":"https:\/\/oasisfm935.com.ar\/site\/wp-json\/wp\/v2\/media\/17212"}],"wp:attachment":[{"href":"https:\/\/oasisfm935.com.ar\/site\/wp-json\/wp\/v2\/media?parent=17211"}],"wp:term":[{"taxonomy":"category","embeddable":true,"href":"https:\/\/oasisfm935.com.ar\/site\/wp-json\/wp\/v2\/categories?post=17211"},{"taxonomy":"post_tag","embeddable":true,"href":"https:\/\/oasisfm935.com.ar\/site\/wp-json\/wp\/v2\/tags?post=17211"}],"curies":[{"name":"wp","href":"https:\/\/api.w.org\/{rel}","templated":true}]}}