{"id":17295,"date":"2024-10-11T01:39:54","date_gmt":"2024-10-11T04:39:54","guid":{"rendered":"https:\/\/oasisfm935.com.ar\/site\/?p=17295"},"modified":"2024-10-11T01:39:54","modified_gmt":"2024-10-11T04:39:54","slug":"la-buena-del-dia-el-gobierno-de-milei-confirmo-que-el-banco-nacion-no-cerrara-las-sucursales-en-la-pampa","status":"publish","type":"post","link":"https:\/\/oasisfm935.com.ar\/site\/la-buena-del-dia-el-gobierno-de-milei-confirmo-que-el-banco-nacion-no-cerrara-las-sucursales-en-la-pampa\/","title":{"rendered":"La buena del d\u00eda: el Gobierno de Milei confirm\u00f3 que el Banco Naci\u00f3n no cerrar\u00e1 las sucursales en La Pampa"},"content":{"rendered":"<p><strong>El Gobierno de Javier Milei confirm\u00f3 este jueves que el Banco Naci\u00f3n (BNA) finalmente no cerrar\u00e1 las 9 sucursales que tiene en la provincia<\/strong>. El anuncio lo hizo <strong>Mart\u00edn Matzkin<\/strong>, el pampeano que tiene el cargo de subsecretario de Programaci\u00f3n Federal y Articulaci\u00f3n Legislativa del Ministerio de Seguridad de Naci\u00f3n, poco despu\u00e9s de que<strong> La Pampa decidiera retrotraer la al\u00edcuota del impuesto de ingresos brutos al Naci\u00f3n y a otros bancos privados.<\/strong> La decisi\u00f3n trae<strong>alivio<\/strong> a <strong>los trabajadores y clientes.<\/strong><\/p>\n<p>En el peronismo e incluso la UCR y hasta el PRO hab\u00eda ciertas dudas de que el Banco Naci\u00f3n diera marcha atr\u00e1s. Pero Matzkin -quien ha pasado desde el peronismo al PRO y ahora est\u00e1 en el Gobierno de La Libertad Avanza, bajo el ala de Patricia Bullrich- lo confirm\u00f3 por las redes sociales. <strong><em>\u201cValoramos la decisi\u00f3n del gobierno de La Pampa de retrotraer el aumento del impuesto a los Ingresos Brutos, lo que permitir\u00e1 que las sucursales del Banco Naci\u00f3n permanezcan abiertas en nuestra provincia\u201d<\/em><\/strong>, escribi\u00f3. <em>\u201cLa presencia de la entidad es clave para toda la actividad productiva pampeana, tal como lo vienen manifestando con fuerza los sectores del comercio, la industria y el agro\u201d.<\/em><\/p>\n<p>Matzkin, un operador todo terreno, viene ganando espacio en el Gobierno libertario. En este conflicto, fue uno de los principales contactos de los legisladores nacionales de la UCR y del PRO con la conducci\u00f3n del Banco Naci\u00f3n.<\/p>\n<p>Recientemente,\u00a0<strong>a ra\u00edz de la suba de ingresos brutos, el Banco Naci\u00f3n hab\u00eda anunciado el cierre de la Gerencia Zonal y de las sucursales de\u00a0Bernasconi, Colonia Bar\u00f3n, Eduardo Castex, General Acha, Guatrach\u00e9, Ingeniero Luiggi, Intendente Alvear, Victorica\u00a0y\u00a0Winifreda.<\/strong>\u00a0De esta manera, solo quedar\u00edan abiertas Santa Rosa, General Pico, Realic\u00f3, Macach\u00edn y Quem\u00fa Quem\u00fa.<\/p>\n<div class=\"oasis-despues-del-contenido\" id=\"oasis-3509775984\"><img loading=\"lazy\" decoding=\"async\" src=\"https:\/\/oasisfm935.com.ar\/site\/wp-content\/uploads\/2020\/08\/47806202-8741-49f2-a5c9-d2f930e5baa1.jpg\" alt=\"\"  srcset=\"https:\/\/oasisfm935.com.ar\/site\/wp-content\/uploads\/2020\/08\/47806202-8741-49f2-a5c9-d2f930e5baa1.jpg 1080w, https:\/\/oasisfm935.com.ar\/site\/wp-content\/uploads\/2020\/08\/47806202-8741-49f2-a5c9-d2f930e5baa1-300x300.jpg 300w, https:\/\/oasisfm935.com.ar\/site\/wp-content\/uploads\/2020\/08\/47806202-8741-49f2-a5c9-d2f930e5baa1-1024x1024.jpg 1024w, https:\/\/oasisfm935.com.ar\/site\/wp-content\/uploads\/2020\/08\/47806202-8741-49f2-a5c9-d2f930e5baa1-150x150.jpg 150w, https:\/\/oasisfm935.com.ar\/site\/wp-content\/uploads\/2020\/08\/47806202-8741-49f2-a5c9-d2f930e5baa1-768x768.jpg 768w\" sizes=\"(max-width: 1080px) 100vw, 1080px\" class=\"no-lazyload\" width=\"1080\" height=\"1080\"  style=\"display: inline-block;\" \/><\/div>","protected":false},"excerpt":{"rendered":"<p>El Gobierno de Javier Milei confirm\u00f3 este jueves que el Banco Naci\u00f3n (BNA) finalmente no cerrar\u00e1 las 9 sucursales que tiene en<\/p>\n","protected":false},"author":4,"featured_media":17232,"comment_status":"closed","ping_status":"open","sticky":false,"template":"","format":"standard","meta":{"colormag_page_layout":"default_layout","footnotes":""},"categories":[2],"tags":[],"class_list":["post-17295","post","type-post","status-publish","format-standard","has-post-thumbnail","hentry","category-noticias"],"_links":{"self":[{"href":"https:\/\/oasisfm935.com.ar\/site\/wp-json\/wp\/v2\/posts\/17295","targetHints":{"allow":["GET"]}}],"collection":[{"href":"https:\/\/oasisfm935.com.ar\/site\/wp-json\/wp\/v2\/posts"}],"about":[{"href":"https:\/\/oasisfm935.com.ar\/site\/wp-json\/wp\/v2\/types\/post"}],"author":[{"embeddable":true,"href":"https:\/\/oasisfm935.com.ar\/site\/wp-json\/wp\/v2\/users\/4"}],"replies":[{"embeddable":true,"href":"https:\/\/oasisfm935.com.ar\/site\/wp-json\/wp\/v2\/comments?post=17295"}],"version-history":[{"count":1,"href":"https:\/\/oasisfm935.com.ar\/site\/wp-json\/wp\/v2\/posts\/17295\/revisions"}],"predecessor-version":[{"id":17297,"href":"https:\/\/oasisfm935.com.ar\/site\/wp-json\/wp\/v2\/posts\/17295\/revisions\/17297"}],"wp:featuredmedia":[{"embeddable":true,"href":"https:\/\/oasisfm935.com.ar\/site\/wp-json\/wp\/v2\/media\/17232"}],"wp:attachment":[{"href":"https:\/\/oasisfm935.com.ar\/site\/wp-json\/wp\/v2\/media?parent=17295"}],"wp:term":[{"taxonomy":"category","embeddable":true,"href":"https:\/\/oasisfm935.com.ar\/site\/wp-json\/wp\/v2\/categories?post=17295"},{"taxonomy":"post_tag","embeddable":true,"href":"https:\/\/oasisfm935.com.ar\/site\/wp-json\/wp\/v2\/tags?post=17295"}],"curies":[{"name":"wp","href":"https:\/\/api.w.org\/{rel}","templated":true}]}}