{"id":17353,"date":"2024-11-01T11:46:50","date_gmt":"2024-11-01T14:46:50","guid":{"rendered":"https:\/\/oasisfm935.com.ar\/site\/?p=17353"},"modified":"2024-11-01T11:46:50","modified_gmt":"2024-11-01T14:46:50","slug":"contraste-la-pampa-les-da-creditos-a-las-industrias-mientras-nacion-las-golpea-con-la-apertura-de-las-importaciones","status":"publish","type":"post","link":"https:\/\/oasisfm935.com.ar\/site\/contraste-la-pampa-les-da-creditos-a-las-industrias-mientras-nacion-las-golpea-con-la-apertura-de-las-importaciones\/","title":{"rendered":"Contraste: \u201cLa Pampa les da cr\u00e9ditos a las industrias, mientras Naci\u00f3n las golpea con la apertura de las importaciones\u201d"},"content":{"rendered":"<p>El ministro de Gobierno de La Pampa,\u00a0<strong>Pascual Fern\u00e1ndez<\/strong>, resalt\u00f3 \u201cel respaldo\u201d del Gobierno provincial a las\u00a0<strong>industrias\u00a0<\/strong>y destac\u00f3 el \u201ccontraste\u201d de lo que ocurre con el Gobierno nacional. \u201cLa Pampa les da cr\u00e9ditos a las industrias, mientras Naci\u00f3n las golpea con la apertura de las importaciones\u201d, dijo el funcionario.<\/p>\n<p>Ayer,<strong><a href=\"https:\/\/diariotextual.com\/inicio\/index.php\/2024\/10\/31\/el-gobernador-ziliotto-anuncia-creditos-para-pymes-y-cooperativas\/\" target=\"_blank\" rel=\"noreferrer noopener\">\u00a0el gobernador Sergio Ziliotto anunci\u00f3 el lanzamiento de cinco l\u00edneas de cr\u00e9ditos de fomento productivo para Pymes, cooperativas y mutuales\u00a0<\/a><\/strong>de La Pampa. El monto total a prestar es de 167.000 millones de pesos. \u201cEl principal objetivo es sostener la actividad econ\u00f3mica, el consumo y el empleo. Por eso apuntamos a financiar capital de trabajo, nuevas inversiones y proteger a las pymes que exportan bienes con agregado de valor\u201d, dijo el mandatario.<\/p>\n<div class=\"g g-7\">\n<div class=\"g-single a-4\"><\/div>\n<\/div>\n<p>La<strong>\u00a0apertura de importaciones\u00a0<\/strong>que anunci\u00f3 el Gobierno produjo una ola de<strong>\u00a0preocupaci\u00f3n en el sector pyme\u00a0<\/strong>y los empresarios temen que la medida provoque una agudizaci\u00f3n de la crisis, con\u00a0<strong>despidos masivos y cierres de f\u00e1bricas<\/strong>. En ese marco, Ziliotto resalt\u00f3 la \u201ctozudez\u201d de la Provincia en acompa\u00f1ar a las industrias.<\/p>\n<div class=\"oasis-despues-del-contenido\" id=\"oasis-3894869578\"><img loading=\"lazy\" decoding=\"async\" src=\"https:\/\/oasisfm935.com.ar\/site\/wp-content\/uploads\/2020\/08\/47806202-8741-49f2-a5c9-d2f930e5baa1.jpg\" alt=\"\"  srcset=\"https:\/\/oasisfm935.com.ar\/site\/wp-content\/uploads\/2020\/08\/47806202-8741-49f2-a5c9-d2f930e5baa1.jpg 1080w, https:\/\/oasisfm935.com.ar\/site\/wp-content\/uploads\/2020\/08\/47806202-8741-49f2-a5c9-d2f930e5baa1-300x300.jpg 300w, https:\/\/oasisfm935.com.ar\/site\/wp-content\/uploads\/2020\/08\/47806202-8741-49f2-a5c9-d2f930e5baa1-1024x1024.jpg 1024w, https:\/\/oasisfm935.com.ar\/site\/wp-content\/uploads\/2020\/08\/47806202-8741-49f2-a5c9-d2f930e5baa1-150x150.jpg 150w, https:\/\/oasisfm935.com.ar\/site\/wp-content\/uploads\/2020\/08\/47806202-8741-49f2-a5c9-d2f930e5baa1-768x768.jpg 768w\" sizes=\"(max-width: 1080px) 100vw, 1080px\" class=\"no-lazyload\" width=\"1080\" height=\"1080\"  style=\"display: inline-block;\" \/><\/div>","protected":false},"excerpt":{"rendered":"<p>El ministro de Gobierno de La Pampa,\u00a0Pascual Fern\u00e1ndez, resalt\u00f3 \u201cel respaldo\u201d del Gobierno provincial a las\u00a0industrias\u00a0y destac\u00f3 el \u201ccontraste\u201d de lo que<\/p>\n","protected":false},"author":4,"featured_media":17354,"comment_status":"closed","ping_status":"open","sticky":false,"template":"","format":"standard","meta":{"colormag_page_layout":"default_layout","footnotes":""},"categories":[2],"tags":[],"class_list":["post-17353","post","type-post","status-publish","format-standard","has-post-thumbnail","hentry","category-noticias"],"_links":{"self":[{"href":"https:\/\/oasisfm935.com.ar\/site\/wp-json\/wp\/v2\/posts\/17353","targetHints":{"allow":["GET"]}}],"collection":[{"href":"https:\/\/oasisfm935.com.ar\/site\/wp-json\/wp\/v2\/posts"}],"about":[{"href":"https:\/\/oasisfm935.com.ar\/site\/wp-json\/wp\/v2\/types\/post"}],"author":[{"embeddable":true,"href":"https:\/\/oasisfm935.com.ar\/site\/wp-json\/wp\/v2\/users\/4"}],"replies":[{"embeddable":true,"href":"https:\/\/oasisfm935.com.ar\/site\/wp-json\/wp\/v2\/comments?post=17353"}],"version-history":[{"count":1,"href":"https:\/\/oasisfm935.com.ar\/site\/wp-json\/wp\/v2\/posts\/17353\/revisions"}],"predecessor-version":[{"id":17355,"href":"https:\/\/oasisfm935.com.ar\/site\/wp-json\/wp\/v2\/posts\/17353\/revisions\/17355"}],"wp:featuredmedia":[{"embeddable":true,"href":"https:\/\/oasisfm935.com.ar\/site\/wp-json\/wp\/v2\/media\/17354"}],"wp:attachment":[{"href":"https:\/\/oasisfm935.com.ar\/site\/wp-json\/wp\/v2\/media?parent=17353"}],"wp:term":[{"taxonomy":"category","embeddable":true,"href":"https:\/\/oasisfm935.com.ar\/site\/wp-json\/wp\/v2\/categories?post=17353"},{"taxonomy":"post_tag","embeddable":true,"href":"https:\/\/oasisfm935.com.ar\/site\/wp-json\/wp\/v2\/tags?post=17353"}],"curies":[{"name":"wp","href":"https:\/\/api.w.org\/{rel}","templated":true}]}}