{"id":1742,"date":"2019-05-10T08:59:24","date_gmt":"2019-05-10T11:59:24","guid":{"rendered":"http:\/\/oasisfm935.com\/site\/?p=1742"},"modified":"2019-05-10T08:59:24","modified_gmt":"2019-05-10T11:59:24","slug":"cfk-dijo-que-es-necesario-un-contrato-social-entre-todos-los-argentinos","status":"publish","type":"post","link":"https:\/\/oasisfm935.com.ar\/site\/cfk-dijo-que-es-necesario-un-contrato-social-entre-todos-los-argentinos\/","title":{"rendered":"CFK dijo que es necesario un \u201ccontrato social entre todos\u201d los argentinos"},"content":{"rendered":"<p>La\u00a0<strong>expresidenta Cristina Fern\u00e1ndez de Kirchner<\/strong>\u00a0present\u00f3 su libro<strong>\u00a0\u201cSinceramente\u201d<\/strong>\u00a0en la 45\u00ba Feria del Libro que se organiza en La Rural y, ya en tono de campa\u00f1a, dijo que<strong>\u00a0es necesario un \u201ccontrato social entre todos\u201d<\/strong>\u00a0los argentinos.<\/p>\n<p>Hubo decenas de militantes presenciando la presentaci\u00f3n. Se vio a algunos pampeanos: entre ellos, a los dirigentes camporistas Luciano di N\u00e1poli (candidato a intendente de Santa Rosa), Mar\u00eda Luz Alonso (candidata a diputada provincial) y Sa\u00fal Echeveste (intendente de Tel\u00e9n, que va por la reelecci\u00f3n).<\/p>\n<p>Con m\u00e1s de 200 mil ejemplares vendidos hasta el momento, la presentaci\u00f3n del libro se transform\u00f3 en el\u00a0<strong>primer acto p\u00fablico<\/strong>\u00a0de la expresidenta en este 2019 en el que el mundo de la pol\u00edtica aguarda su definici\u00f3n sobre una posible candidatura presidencial.<\/p>\n<p><a href=\"http:\/\/oasisfm935.com\/site\/wp-content\/uploads\/2019\/05\/dinapoliechevestealonso2019-1.jpg\"><img loading=\"lazy\" decoding=\"async\" class=\"alignnone size-full wp-image-1744\" src=\"http:\/\/oasisfm935.com\/site\/wp-content\/uploads\/2019\/05\/dinapoliechevestealonso2019-1.jpg\" alt=\"\" width=\"779\" height=\"501\" srcset=\"https:\/\/oasisfm935.com.ar\/site\/wp-content\/uploads\/2019\/05\/dinapoliechevestealonso2019-1.jpg 779w, https:\/\/oasisfm935.com.ar\/site\/wp-content\/uploads\/2019\/05\/dinapoliechevestealonso2019-1-300x193.jpg 300w, https:\/\/oasisfm935.com.ar\/site\/wp-content\/uploads\/2019\/05\/dinapoliechevestealonso2019-1-768x494.jpg 768w\" sizes=\"auto, (max-width: 779px) 100vw, 779px\" \/><\/a><\/p>\n<p>Luego de varios minutos de recordar crisis pasadas de la Argentina y de desarrollar los motivos y las intenciones que tuvo con el libro, la exmandataria hizo una referencia, aunque sin nombrarlo, al consenso al que llam\u00f3 el gobierno nacional. \u201cPor supuesto que nadie en \u00e9pocas de discursos de unidad, de grandes acuerdos entre sectores pol\u00edticos, dirigenciales, sociales, sindicales, la iglesia, nadie puede estar en desacuerdo con esto\u201d, dijo. \u201cVa a ser necesario algo m\u00e1s, un contrato social de todos los argentinos y las argentinas, con metas verificables, cuantificables\u201d, expres\u00f3.<\/p>\n<p>\u201cSi tuviera que ponerle un t\u00edtulo ser\u00eda un contrato social de ciudadan\u00eda responsable que involucra a todos, desde el empresario ciudadano y con su responsabilidad, por un dirigente sindical, un intelectual, un ciudadano que trabaja de operario para aquellos tambi\u00e9n que hoy son cooperativistas, o tienen un pan de trabajo. No hay mayor compromiso, primero desde el estado, de generar las condiciones, y segundo de los empresarios para generar ese empleo, no hay posibilidades en este mundo tan dif\u00edcil de generar crecimiento econ\u00f3mico sin mercado interno fuerte\u201d, complet\u00f3.<\/p>\n<div class=\"row pb-content-type-text\">\n<div class=\"col-xs-12 col-print-12\">\n<p class=\"element element-paragraph\">\u201cNo creo en sociedades maravillosas ni en malos dirigentes,<strong>\u00a0creo que hay algo de reflejo arriba de lo que hay abajo y viceversa, con nuestros defectos y limitaciones<\/strong>, entonces quise transmitirles a los j\u00f3venes lo que me toc\u00f3 vivir, lo que estoy viviendo y lo que est\u00e1n viviendo los argentinos, son momentos muy dif\u00edciles\u201d, a\u00f1adi\u00f3.<\/p>\n<\/div>\n<\/div>\n<div class=\"row pb-content-type-text\">\n<div class=\"col-xs-12 col-print-12\">\n<p class=\"element element-paragraph\">Siempre en la misma l\u00ednea, Cristina Kirchner hizo una asociaci\u00f3n entre crisis pasadas de la Argentina y lo que est\u00e1 ocurriendo hoy y la importancia de conocer lo sucedido. \u201cTengo\u00a0registro de muchas crisis, la primera en el 75, cuando uno la viv\u00eda no como protagonista, el famoso Rodrigazo, la noche de la dictadura, la h\u00edper en la democracia, el 2001, antes el Bonex. Entonces\u00a0<strong>mi idea fue que ten\u00eda que contar lo que hab\u00eda vivido, las cosas que pasaban, porque hay como una cosa en la que nos quieren presentar la historia como hechos inconexos y como si las cosas sucedieran casi como una tormenta\u201d, dijo.<\/strong><\/p>\n<\/div>\n<p>Diario Textual<\/p>\n<\/div>\n<div class=\"oasis-despues-del-contenido\" id=\"oasis-1765720610\"><img loading=\"lazy\" decoding=\"async\" src=\"https:\/\/oasisfm935.com.ar\/site\/wp-content\/uploads\/2020\/08\/47806202-8741-49f2-a5c9-d2f930e5baa1.jpg\" alt=\"\"  srcset=\"https:\/\/oasisfm935.com.ar\/site\/wp-content\/uploads\/2020\/08\/47806202-8741-49f2-a5c9-d2f930e5baa1.jpg 1080w, https:\/\/oasisfm935.com.ar\/site\/wp-content\/uploads\/2020\/08\/47806202-8741-49f2-a5c9-d2f930e5baa1-300x300.jpg 300w, https:\/\/oasisfm935.com.ar\/site\/wp-content\/uploads\/2020\/08\/47806202-8741-49f2-a5c9-d2f930e5baa1-1024x1024.jpg 1024w, https:\/\/oasisfm935.com.ar\/site\/wp-content\/uploads\/2020\/08\/47806202-8741-49f2-a5c9-d2f930e5baa1-150x150.jpg 150w, https:\/\/oasisfm935.com.ar\/site\/wp-content\/uploads\/2020\/08\/47806202-8741-49f2-a5c9-d2f930e5baa1-768x768.jpg 768w\" sizes=\"(max-width: 1080px) 100vw, 1080px\" class=\"no-lazyload\" width=\"1080\" height=\"1080\"  style=\"display: inline-block;\" \/><\/div>","protected":false},"excerpt":{"rendered":"<p>La\u00a0expresidenta Cristina Fern\u00e1ndez de Kirchner\u00a0present\u00f3 su libro\u00a0\u201cSinceramente\u201d\u00a0en la 45\u00ba Feria del Libro que se organiza en La Rural y, ya en tono<\/p>\n","protected":false},"author":4,"featured_media":1743,"comment_status":"closed","ping_status":"open","sticky":false,"template":"","format":"standard","meta":{"colormag_page_layout":"default_layout","footnotes":""},"categories":[2],"tags":[],"class_list":["post-1742","post","type-post","status-publish","format-standard","has-post-thumbnail","hentry","category-noticias"],"_links":{"self":[{"href":"https:\/\/oasisfm935.com.ar\/site\/wp-json\/wp\/v2\/posts\/1742","targetHints":{"allow":["GET"]}}],"collection":[{"href":"https:\/\/oasisfm935.com.ar\/site\/wp-json\/wp\/v2\/posts"}],"about":[{"href":"https:\/\/oasisfm935.com.ar\/site\/wp-json\/wp\/v2\/types\/post"}],"author":[{"embeddable":true,"href":"https:\/\/oasisfm935.com.ar\/site\/wp-json\/wp\/v2\/users\/4"}],"replies":[{"embeddable":true,"href":"https:\/\/oasisfm935.com.ar\/site\/wp-json\/wp\/v2\/comments?post=1742"}],"version-history":[{"count":1,"href":"https:\/\/oasisfm935.com.ar\/site\/wp-json\/wp\/v2\/posts\/1742\/revisions"}],"predecessor-version":[{"id":1745,"href":"https:\/\/oasisfm935.com.ar\/site\/wp-json\/wp\/v2\/posts\/1742\/revisions\/1745"}],"wp:featuredmedia":[{"embeddable":true,"href":"https:\/\/oasisfm935.com.ar\/site\/wp-json\/wp\/v2\/media\/1743"}],"wp:attachment":[{"href":"https:\/\/oasisfm935.com.ar\/site\/wp-json\/wp\/v2\/media?parent=1742"}],"wp:term":[{"taxonomy":"category","embeddable":true,"href":"https:\/\/oasisfm935.com.ar\/site\/wp-json\/wp\/v2\/categories?post=1742"},{"taxonomy":"post_tag","embeddable":true,"href":"https:\/\/oasisfm935.com.ar\/site\/wp-json\/wp\/v2\/tags?post=1742"}],"curies":[{"name":"wp","href":"https:\/\/api.w.org\/{rel}","templated":true}]}}