{"id":1751,"date":"2019-05-11T09:17:22","date_gmt":"2019-05-11T12:17:22","guid":{"rendered":"http:\/\/oasisfm935.com\/site\/?p=1751"},"modified":"2019-05-11T09:17:22","modified_gmt":"2019-05-11T12:17:22","slug":"kroneberger-y-altolaguirre-llenaron-el-belgrano-y-llamaron-a-buscar-a-los-indecisos","status":"publish","type":"post","link":"https:\/\/oasisfm935.com.ar\/site\/kroneberger-y-altolaguirre-llenaron-el-belgrano-y-llamaron-a-buscar-a-los-indecisos\/","title":{"rendered":"Kroneberger y Altolaguirre llenaron el Belgrano y llamaron a buscar a los indecisos"},"content":{"rendered":"<p>&nbsp;<\/p>\n<p>El Frente Cambiemos cerr\u00f3 su campa\u00f1a electoral en la capital pampeana con un multitudinario acto, que reuni\u00f3 a referentes tanto del radicalismo como del PRO, en el sal\u00f3n del Club General Belgrano. \u00abSe vienen aires de cambio en La Pampa\u00bb, asegur\u00f3 el candidato a gobernador Daniel Kroneberger, quien vaticin\u00f3 de esta manera la victoria del espacio pol\u00edtico en la provincia y en Santa Rosa.<br \/>\nOptimismo. Esa fue la sensaci\u00f3n que dej\u00f3 el acto de cierre de campa\u00f1a que realiz\u00f3 anoche el radicalismo donde, seg\u00fan sus organizadores, reuni\u00f3 a m\u00e1s de dos mil personas. Hubo dirigentes de todo el arco del radicalismo y tambi\u00e9n de sus socios del PRO. Sin embargo, hubo un gran ausente: Javier \u00abColo\u00bb Mac Allister, que despu\u00e9s de haber sido derrotado en las internas, no estuvo muy presente en esta \u00faltima etapa electoral.<br \/>\nLos que s\u00ed estuvieron fueron el candidato a la intendencia de General Pico, Mart\u00edn Maquieyra, Mart\u00edn Ardohain, titular del PRO, y la propia hermana del ex futbolista Mar\u00eda Alejandra \u00abMarita\u00bb Mac Allister. Del lado de la UCR, el senador Juan Carlos Marino y el dirigente Francisco Torroba, entre otros, asistieron a la gala radical.<br \/>\nEn el acto hubo cuatro oradores que debieron sortear, en al menos seis ocasiones, corte constantes en el suministro de energ\u00eda el\u00e9ctrica. La primera en tomar la palabra fue la joven candidata a diputada provincial Agustina Garc\u00eda, quien areng\u00f3: \u00abEl 19 vamos a festejar frente al comit\u00e9\u00bb. Luis Evangelista, candidato a vice, prosigui\u00f3 en esa misma l\u00ednea: \u00abHay que desdoblar los esfuerzos durante esta \u00faltima semana para tener a Daniel como gobernador y para que Leandro (Altolaguirre) contin\u00fae\u00bb.<\/p>\n<p>\u00abDamos una respuesta\u00bb.<br \/>\nA su momento de hablar, Altolaguirre expres\u00f3 que \u00abes muy emocionante estar, cuatro a\u00f1os despu\u00e9s de esa utop\u00eda que iniciamos al frente de Santa Rosa, a un paso de otros cuatro a\u00f1os m\u00e1s\u00bb. Y afirm\u00f3: \u00abHoy queda m\u00e1s que claro que vamos a estar en diciembre asumiendo otro mandato\u00bb.<br \/>\nPosteriormente, hizo un breve resumen de lo realizado en su gesti\u00f3n, donde resalt\u00f3 el saneamiento de las cuentas p\u00fablicas, el pase a planta de personal municipal y el desarrollo de obras en los barrios. \u00abHoy lo que estamos haciendo es dar una respuesta a los vecinos. En Santa Rosa nos hicimos cargo de much\u00edsimas problem\u00e1ticas\u00bb, resumi\u00f3 Altolaguirre, quien remarc\u00f3 que el Plan Director de Saneamiento junto al Plan Estrat\u00e9gico para el Desarrollo, van a sentar las bases para \u00abuna ciudad mejor\u00bb.<\/p>\n<p>\u00abAires de cambio\u00bb.<br \/>\nEl \u00faltimo en tomar la palabra fue el actual diputado nacional, quien no dud\u00f3 en asegurar que en La Pampa \u00abse vienen aires de cambio\u00bb y que el \u00ab19 de mayo a cambiar de color pol\u00edtico la gesti\u00f3n del Gobierno\u00bb provincial.<br \/>\nActo seguido, Kroneberger critic\u00f3 la actual gesti\u00f3n del Gobierno Provincial, al cual lo calific\u00f3 como \u00abun modelo agotado\u00bb, y fustig\u00f3: \u00abA veces se enoja el candidato justicialista, pero las cifras son contundentes\u00bb. Entre estos, resalt\u00f3 que en la provincia de cada 100 empleos privados hay 94 p\u00fablicos y cuestion\u00f3 que \u00abun 70% de presupuesto se destina a gasto corriente\u00bb.<br \/>\nAnte esto, el candidato plante\u00f3 que desde Cambiemos tienen \u00abel desaf\u00edo de revertir \u00e9sta situaci\u00f3n\u00bb y que para lograrlo es necesario \u00abcongelar\u00bb el empleo p\u00fablico y \u00abagilizar\u00bb el Estado. \u00abEstos son los primeros deberes que debemos hacer para lograr una provincia productiva y con trabajo\u00bb, asever\u00f3 Kroneberger<\/p>\n<div class=\"oasis-despues-del-contenido\" id=\"oasis-293911748\"><img loading=\"lazy\" decoding=\"async\" src=\"https:\/\/oasisfm935.com.ar\/site\/wp-content\/uploads\/2020\/08\/47806202-8741-49f2-a5c9-d2f930e5baa1.jpg\" alt=\"\"  srcset=\"https:\/\/oasisfm935.com.ar\/site\/wp-content\/uploads\/2020\/08\/47806202-8741-49f2-a5c9-d2f930e5baa1.jpg 1080w, https:\/\/oasisfm935.com.ar\/site\/wp-content\/uploads\/2020\/08\/47806202-8741-49f2-a5c9-d2f930e5baa1-300x300.jpg 300w, https:\/\/oasisfm935.com.ar\/site\/wp-content\/uploads\/2020\/08\/47806202-8741-49f2-a5c9-d2f930e5baa1-1024x1024.jpg 1024w, https:\/\/oasisfm935.com.ar\/site\/wp-content\/uploads\/2020\/08\/47806202-8741-49f2-a5c9-d2f930e5baa1-150x150.jpg 150w, https:\/\/oasisfm935.com.ar\/site\/wp-content\/uploads\/2020\/08\/47806202-8741-49f2-a5c9-d2f930e5baa1-768x768.jpg 768w\" sizes=\"(max-width: 1080px) 100vw, 1080px\" class=\"no-lazyload\" width=\"1080\" height=\"1080\"  style=\"display: inline-block;\" \/><\/div>","protected":false},"excerpt":{"rendered":"<p>&nbsp; El Frente Cambiemos cerr\u00f3 su campa\u00f1a electoral en la capital pampeana con un multitudinario acto, que reuni\u00f3 a referentes tanto del<\/p>\n","protected":false},"author":4,"featured_media":1752,"comment_status":"closed","ping_status":"open","sticky":false,"template":"","format":"standard","meta":{"colormag_page_layout":"default_layout","footnotes":""},"categories":[2],"tags":[],"class_list":["post-1751","post","type-post","status-publish","format-standard","has-post-thumbnail","hentry","category-noticias"],"_links":{"self":[{"href":"https:\/\/oasisfm935.com.ar\/site\/wp-json\/wp\/v2\/posts\/1751","targetHints":{"allow":["GET"]}}],"collection":[{"href":"https:\/\/oasisfm935.com.ar\/site\/wp-json\/wp\/v2\/posts"}],"about":[{"href":"https:\/\/oasisfm935.com.ar\/site\/wp-json\/wp\/v2\/types\/post"}],"author":[{"embeddable":true,"href":"https:\/\/oasisfm935.com.ar\/site\/wp-json\/wp\/v2\/users\/4"}],"replies":[{"embeddable":true,"href":"https:\/\/oasisfm935.com.ar\/site\/wp-json\/wp\/v2\/comments?post=1751"}],"version-history":[{"count":1,"href":"https:\/\/oasisfm935.com.ar\/site\/wp-json\/wp\/v2\/posts\/1751\/revisions"}],"predecessor-version":[{"id":1753,"href":"https:\/\/oasisfm935.com.ar\/site\/wp-json\/wp\/v2\/posts\/1751\/revisions\/1753"}],"wp:featuredmedia":[{"embeddable":true,"href":"https:\/\/oasisfm935.com.ar\/site\/wp-json\/wp\/v2\/media\/1752"}],"wp:attachment":[{"href":"https:\/\/oasisfm935.com.ar\/site\/wp-json\/wp\/v2\/media?parent=1751"}],"wp:term":[{"taxonomy":"category","embeddable":true,"href":"https:\/\/oasisfm935.com.ar\/site\/wp-json\/wp\/v2\/categories?post=1751"},{"taxonomy":"post_tag","embeddable":true,"href":"https:\/\/oasisfm935.com.ar\/site\/wp-json\/wp\/v2\/tags?post=1751"}],"curies":[{"name":"wp","href":"https:\/\/api.w.org\/{rel}","templated":true}]}}