{"id":17579,"date":"2025-03-17T21:04:19","date_gmt":"2025-03-18T00:04:19","guid":{"rendered":"https:\/\/oasisfm935.com.ar\/site\/?p=17579"},"modified":"2025-03-17T21:04:19","modified_gmt":"2025-03-18T00:04:19","slug":"salarios-estatales-en-marzo-se-incrementan-el-45-y-acumulan-el-15-en-el-primer-trimestre-de-2025","status":"publish","type":"post","link":"https:\/\/oasisfm935.com.ar\/site\/salarios-estatales-en-marzo-se-incrementan-el-45-y-acumulan-el-15-en-el-primer-trimestre-de-2025\/","title":{"rendered":"Salarios estatales: en marzo se incrementan el 4,5 % y acumulan el 15 % en el primer trimestre de 2025"},"content":{"rendered":"<p>El Gobierno provincial inform\u00f3 que los salarios estatales en marzo se incrementan el 4,5 % y acumulan el 15 % en el trimestre enero-marzo de 2025. \u201cEllo en virtud de la aplicaci\u00f3n de los acuerdos paritarios acordados anteriormente, mediante el cual el Gobierno provincial propuso iniciar un proceso de recuperaci\u00f3n de los salarios por encima del \u00edndice de inflaci\u00f3n\u201d, comunic\u00f3.<\/p>\n<p>En tal sentido, el incremento de marzo por cl\u00e1usula gatillo por inflaci\u00f3n ser\u00e1 del 2,5 % como lo public\u00f3 el Instituto Nacional de Estad\u00edsticas y Censos (Indec) el viernes pasado, para la Regi\u00f3n Pampeana. A ello se suma el incremental de recuperaci\u00f3n salarial propuesto por el Gobierno provincial del 2 % para este mes.<\/p>\n<p>En conclusi\u00f3n, en el trimestre enero-marzo el aumento salarial de los agentes del Estado provincial estar\u00e1 compuesto por el 9,95 % de incremento por inflaci\u00f3n y por el 5,06 % de recuperaci\u00f3n salarial, totalizando el 15,01.<\/p>\n<p>\u201cUn dato esclarecedor es que la recuperaci\u00f3n salarial equivale a m\u00e1s del 50 % del aumento por inflaci\u00f3n. Adem\u00e1s, todos los salarios siguen ubic\u00e1ndose por encima de la l\u00ednea de pobreza, cuyos par\u00e1metros y valores publica el Instituto Nacional de Estad\u00edsticas y Censos\u201d, finaliz\u00f3 en el parte de prensa.<\/p>\n<div class=\"oasis-despues-del-contenido\" id=\"oasis-4050324661\"><img loading=\"lazy\" decoding=\"async\" src=\"https:\/\/oasisfm935.com.ar\/site\/wp-content\/uploads\/2020\/08\/47806202-8741-49f2-a5c9-d2f930e5baa1.jpg\" alt=\"\"  srcset=\"https:\/\/oasisfm935.com.ar\/site\/wp-content\/uploads\/2020\/08\/47806202-8741-49f2-a5c9-d2f930e5baa1.jpg 1080w, https:\/\/oasisfm935.com.ar\/site\/wp-content\/uploads\/2020\/08\/47806202-8741-49f2-a5c9-d2f930e5baa1-300x300.jpg 300w, https:\/\/oasisfm935.com.ar\/site\/wp-content\/uploads\/2020\/08\/47806202-8741-49f2-a5c9-d2f930e5baa1-1024x1024.jpg 1024w, https:\/\/oasisfm935.com.ar\/site\/wp-content\/uploads\/2020\/08\/47806202-8741-49f2-a5c9-d2f930e5baa1-150x150.jpg 150w, https:\/\/oasisfm935.com.ar\/site\/wp-content\/uploads\/2020\/08\/47806202-8741-49f2-a5c9-d2f930e5baa1-768x768.jpg 768w\" sizes=\"(max-width: 1080px) 100vw, 1080px\" class=\"no-lazyload\" width=\"1080\" height=\"1080\"  style=\"display: inline-block;\" \/><\/div>","protected":false},"excerpt":{"rendered":"<p>El Gobierno provincial inform\u00f3 que los salarios estatales en marzo se incrementan el 4,5 % y acumulan el 15 % en el<\/p>\n","protected":false},"author":4,"featured_media":17580,"comment_status":"closed","ping_status":"open","sticky":false,"template":"","format":"standard","meta":{"colormag_page_layout":"default_layout","footnotes":""},"categories":[2],"tags":[],"class_list":["post-17579","post","type-post","status-publish","format-standard","has-post-thumbnail","hentry","category-noticias"],"_links":{"self":[{"href":"https:\/\/oasisfm935.com.ar\/site\/wp-json\/wp\/v2\/posts\/17579","targetHints":{"allow":["GET"]}}],"collection":[{"href":"https:\/\/oasisfm935.com.ar\/site\/wp-json\/wp\/v2\/posts"}],"about":[{"href":"https:\/\/oasisfm935.com.ar\/site\/wp-json\/wp\/v2\/types\/post"}],"author":[{"embeddable":true,"href":"https:\/\/oasisfm935.com.ar\/site\/wp-json\/wp\/v2\/users\/4"}],"replies":[{"embeddable":true,"href":"https:\/\/oasisfm935.com.ar\/site\/wp-json\/wp\/v2\/comments?post=17579"}],"version-history":[{"count":1,"href":"https:\/\/oasisfm935.com.ar\/site\/wp-json\/wp\/v2\/posts\/17579\/revisions"}],"predecessor-version":[{"id":17581,"href":"https:\/\/oasisfm935.com.ar\/site\/wp-json\/wp\/v2\/posts\/17579\/revisions\/17581"}],"wp:featuredmedia":[{"embeddable":true,"href":"https:\/\/oasisfm935.com.ar\/site\/wp-json\/wp\/v2\/media\/17580"}],"wp:attachment":[{"href":"https:\/\/oasisfm935.com.ar\/site\/wp-json\/wp\/v2\/media?parent=17579"}],"wp:term":[{"taxonomy":"category","embeddable":true,"href":"https:\/\/oasisfm935.com.ar\/site\/wp-json\/wp\/v2\/categories?post=17579"},{"taxonomy":"post_tag","embeddable":true,"href":"https:\/\/oasisfm935.com.ar\/site\/wp-json\/wp\/v2\/tags?post=17579"}],"curies":[{"name":"wp","href":"https:\/\/api.w.org\/{rel}","templated":true}]}}