{"id":17685,"date":"2025-05-22T10:42:55","date_gmt":"2025-05-22T13:42:55","guid":{"rendered":"https:\/\/oasisfm935.com.ar\/site\/?p=17685"},"modified":"2025-05-22T10:42:55","modified_gmt":"2025-05-22T13:42:55","slug":"la-pampa-viviendas-sociales-bajo-cerca-de-un-10-el-pago-de-las-cuotas","status":"publish","type":"post","link":"https:\/\/oasisfm935.com.ar\/site\/la-pampa-viviendas-sociales-bajo-cerca-de-un-10-el-pago-de-las-cuotas\/","title":{"rendered":"La Pampa: Viviendas sociales baj\u00f3 cerca de un 10% el pago de las cuotas"},"content":{"rendered":"<p>La situaci\u00f3n se debe a la dif\u00edcil situaci\u00f3n econ\u00f3mica que atraviesan algunas familias adjudicatarias y gener\u00f3 preocupaci\u00f3n en el IPAV.<\/p>\n<p data-content-col=\"ok\" data-content-parag=\"Cantidad de caracteres exacta\">La presidenta del Instituto Provincial Aut\u00e1rquico de la Vivienda (IPAV), Erica Riboyra, expres\u00f3 su preocupaci\u00f3n por la disminuci\u00f3n en la cantidad de adjudicatarios que abonan la cuota correspondiente a su vivienda social.<\/p>\n<p data-content-col=\"ok\" data-content-parag=\"Cantidad de caracteres exacta\">\u00abViene una ca\u00edda importante en los \u00faltimos meses\u00bb, admiti\u00f3 la funcionaria y precis\u00f3 que, desde principios de a\u00f1o hasta la fecha, \u00abse ha registrado una disminuci\u00f3n cercana al 10% en el cobro de las cuotas\u00bb.<\/p>\n<p data-content-col=\"ok\" data-content-parag=\"Cantidad de caracteres exacta\">En di\u00e1logo con Infopico Radio, Riboyra sostuvo que la baja se debe en gran medida a la dif\u00edcil situaci\u00f3n econ\u00f3mica que atraviesan algunas familias adjudicatarias. \u00abCon justificaci\u00f3n, digamos, nos presentan y nos dicen la situaci\u00f3n, o se han perdido el trabajo, o que uno de los dos que trabajaba de manera informal hoy ya no lo est\u00e1n llamando, que las demandas por ah\u00ed, aunque sea un trabajo informal, esto de una changuita que hac\u00edan lo sosten\u00eda y hoy eso no alcanza ni para los alimentos\u00bb, detall\u00f3 la titular del IPAV.<\/p>\n<p data-content-col=\"ok\" data-content-parag=\"Cantidad de caracteres exacta\">Adem\u00e1s, la funcionaria reiter\u00f3 su importancia fundamental: \u00abLa cuota que paga cada uno de los adjudicatarios es lo que nos permite seguir construyendo viviendas\u00bb. Si bien reconoci\u00f3 que el valor actual \u00abcuesta un poquito m\u00e1s\u00bb en el contexto econ\u00f3mico actual, sigue siendo accesible y considerablemente inferior al costo de un alquiler.<\/p>\n<p data-content-col=\"ok\" data-content-parag=\"Cantidad de caracteres exacta\">El valor de las cuotas, correspondientes a mayo del corriente a\u00f1o, asciende a $102.700 para las viviendas entregadas hasta el 31\/12\/2017, y $113.500 para las casas sociales otorgadas entre el 01\/01\/2018 y el 16\/12\/2022.<\/p>\n<p data-content-col=\"ok\" data-content-parag=\"Cantidad de caracteres exacta\">En tanto, las casas entregadas desde el 16\/12\/2022 abonan $119.100 y $154.500 las adjudicadas desde el 25\/03\/2025. En todos los casos se agrega un seguro contra incendios por $3.000.<\/p>\n<p data-content-col=\"ok\" data-content-parag=\"Cantidad de caracteres exacta\">A pesar de la baja en la cantidad de adjudicatarios que abonan la cuota, desde el organismo mantienen las notificaciones para regularizar los pagos, aunque se analizan los casos particulares de familias con dificultades comprobables.<\/p>\n<p data-content-col=\"ok\" data-content-parag=\"Cantidad de caracteres exacta\">Riboyra destac\u00f3 el \u00abcambio cultural\u00bb logrado entre los pampeanos respecto a la comprensi\u00f3n de que \u00abla cuota de la casa hay que pagarla como una obligaci\u00f3n\u00bb. Y agreg\u00f3 que \u00abesto es un trabajo sostenido en el tiempo y que nosotros continuamos desde hace bastante tiempo ya, tenemos m\u00e1s de cinco a\u00f1os en este trabajo\u00bb.<\/p>\n<p data-content-col=\"ok\" data-content-parag=\"Cantidad de caracteres exacta\">\u00abEntendemos que todos aquellos que no pagan la casa o que no la ocupan (\u2026) no est\u00e1n permitiendo que esa vivienda cumpla su funci\u00f3n social. La recuperamos y la reasignamos a una familia que necesite\u00bb, sostuvo.<\/p>\n<p data-content-col=\"ok\" data-content-parag=\"Cantidad de caracteres exacta\">Finalmente, calific\u00f3 como \u00ablamentable\u00bb tener que llegar a esta instancia, pero enfatiz\u00f3 que \u00abla prioridad es atender la demanda habitacional existente\u00bb.<\/p>\n<div class=\"oasis-despues-del-contenido\" id=\"oasis-1933944888\"><img loading=\"lazy\" decoding=\"async\" src=\"https:\/\/oasisfm935.com.ar\/site\/wp-content\/uploads\/2020\/08\/47806202-8741-49f2-a5c9-d2f930e5baa1.jpg\" alt=\"\"  srcset=\"https:\/\/oasisfm935.com.ar\/site\/wp-content\/uploads\/2020\/08\/47806202-8741-49f2-a5c9-d2f930e5baa1.jpg 1080w, https:\/\/oasisfm935.com.ar\/site\/wp-content\/uploads\/2020\/08\/47806202-8741-49f2-a5c9-d2f930e5baa1-300x300.jpg 300w, https:\/\/oasisfm935.com.ar\/site\/wp-content\/uploads\/2020\/08\/47806202-8741-49f2-a5c9-d2f930e5baa1-1024x1024.jpg 1024w, https:\/\/oasisfm935.com.ar\/site\/wp-content\/uploads\/2020\/08\/47806202-8741-49f2-a5c9-d2f930e5baa1-150x150.jpg 150w, https:\/\/oasisfm935.com.ar\/site\/wp-content\/uploads\/2020\/08\/47806202-8741-49f2-a5c9-d2f930e5baa1-768x768.jpg 768w\" sizes=\"(max-width: 1080px) 100vw, 1080px\" class=\"no-lazyload\" width=\"1080\" height=\"1080\"  style=\"display: inline-block;\" \/><\/div>","protected":false},"excerpt":{"rendered":"<p>La situaci\u00f3n se debe a la dif\u00edcil situaci\u00f3n econ\u00f3mica que atraviesan algunas familias adjudicatarias y gener\u00f3 preocupaci\u00f3n en el IPAV. La presidenta<\/p>\n","protected":false},"author":4,"featured_media":17123,"comment_status":"closed","ping_status":"open","sticky":false,"template":"","format":"standard","meta":{"colormag_page_layout":"default_layout","footnotes":""},"categories":[2],"tags":[],"class_list":["post-17685","post","type-post","status-publish","format-standard","has-post-thumbnail","hentry","category-noticias"],"_links":{"self":[{"href":"https:\/\/oasisfm935.com.ar\/site\/wp-json\/wp\/v2\/posts\/17685","targetHints":{"allow":["GET"]}}],"collection":[{"href":"https:\/\/oasisfm935.com.ar\/site\/wp-json\/wp\/v2\/posts"}],"about":[{"href":"https:\/\/oasisfm935.com.ar\/site\/wp-json\/wp\/v2\/types\/post"}],"author":[{"embeddable":true,"href":"https:\/\/oasisfm935.com.ar\/site\/wp-json\/wp\/v2\/users\/4"}],"replies":[{"embeddable":true,"href":"https:\/\/oasisfm935.com.ar\/site\/wp-json\/wp\/v2\/comments?post=17685"}],"version-history":[{"count":1,"href":"https:\/\/oasisfm935.com.ar\/site\/wp-json\/wp\/v2\/posts\/17685\/revisions"}],"predecessor-version":[{"id":17686,"href":"https:\/\/oasisfm935.com.ar\/site\/wp-json\/wp\/v2\/posts\/17685\/revisions\/17686"}],"wp:featuredmedia":[{"embeddable":true,"href":"https:\/\/oasisfm935.com.ar\/site\/wp-json\/wp\/v2\/media\/17123"}],"wp:attachment":[{"href":"https:\/\/oasisfm935.com.ar\/site\/wp-json\/wp\/v2\/media?parent=17685"}],"wp:term":[{"taxonomy":"category","embeddable":true,"href":"https:\/\/oasisfm935.com.ar\/site\/wp-json\/wp\/v2\/categories?post=17685"},{"taxonomy":"post_tag","embeddable":true,"href":"https:\/\/oasisfm935.com.ar\/site\/wp-json\/wp\/v2\/tags?post=17685"}],"curies":[{"name":"wp","href":"https:\/\/api.w.org\/{rel}","templated":true}]}}