{"id":17689,"date":"2025-05-29T20:02:25","date_gmt":"2025-05-29T23:02:25","guid":{"rendered":"https:\/\/oasisfm935.com.ar\/site\/?p=17689"},"modified":"2025-05-29T20:02:25","modified_gmt":"2025-05-29T23:02:25","slug":"ingeniero-luiggi-pedido-de-informe-del-bloque-frejupa-sobre-una-poda-indiscriminada-de-siete-7-arboles","status":"publish","type":"post","link":"https:\/\/oasisfm935.com.ar\/site\/ingeniero-luiggi-pedido-de-informe-del-bloque-frejupa-sobre-una-poda-indiscriminada-de-siete-7-arboles\/","title":{"rendered":"Ingeniero Luiggi: Pedido de informe del Bloque FREJUPA sobre una poda indiscriminada de siete (7) \u00e1rboles."},"content":{"rendered":"<p>El 17 de septiembre de 2020, durante el gobierno de Patricia Lavin, un vecino de Ingeniero Luiggi, y concejal suplente de JXC, realiz\u00f3 una publicaci\u00f3n donde expon\u00eda la falta de trabajo de la Secretar\u00eda de Medioambiente de esta gesti\u00f3n, con un \u00e1rbol seco en una de las aceras de esta localidad.<\/p>\n<p><img loading=\"lazy\" decoding=\"async\" class=\"size-medium wp-image-17690 aligncenter\" src=\"https:\/\/oasisfm935.com.ar\/site\/wp-content\/uploads\/2025\/05\/19ce3789-b323-438c-aae9-d603a3eae59f-157x300.jpg\" alt=\"\" width=\"157\" height=\"300\" srcset=\"https:\/\/oasisfm935.com.ar\/site\/wp-content\/uploads\/2025\/05\/19ce3789-b323-438c-aae9-d603a3eae59f-157x300.jpg 157w, https:\/\/oasisfm935.com.ar\/site\/wp-content\/uploads\/2025\/05\/19ce3789-b323-438c-aae9-d603a3eae59f-537x1024.jpg 537w, https:\/\/oasisfm935.com.ar\/site\/wp-content\/uploads\/2025\/05\/19ce3789-b323-438c-aae9-d603a3eae59f-79x150.jpg 79w, https:\/\/oasisfm935.com.ar\/site\/wp-content\/uploads\/2025\/05\/19ce3789-b323-438c-aae9-d603a3eae59f.jpg 738w\" sizes=\"auto, (max-width: 157px) 100vw, 157px\" \/><\/p>\n<p>&nbsp;<\/p>\n<p>El pasado s\u00e1bado 10 de mayo, bajo el mandato de JxC, este mismo vecino, quien fue parte de la lista de la UCR durante las elecciones internas de 2023 dentro de este espacio pol\u00edtico, y militante de La Libertad Avanza, realiz\u00f3 una poda indiscriminada de siete (7) \u00e1rboles en la vereda de su propiedad, ubicada en calle 25 de Mayo y Av. San Mart\u00edn (en pleno centro del pueblo). Esta tala desmedida fue llevada a cabo sin aparente autorizaci\u00f3n, pasando por encima todos los lineamientos que establece la ordenanza 32\/2022, y los restos que de ella se desprendieron (troncos y ramas) fueron depositados sobre la acera, obstruyendo la circulaci\u00f3n de peatones; fuera de los d\u00edas y horarios establecidos por el Municipio para la recolecci\u00f3n de residuos voluminosos.<\/p>\n<p>Ante la inacci\u00f3n u omisi\u00f3n de las autoridades y organismo de control, el Bloque FREJUPA de nuestra localidad present\u00f3 un Pedido de Informe al Poder Ejecutivo Municipal a fin de aclarar esta situaci\u00f3n y contribuir a la transparencia de la gesti\u00f3n actual de Gustavo Salvadori.<\/p>\n<p><strong>PEDIDO DE INFORME<\/strong><\/p>\n<p><strong>Por la presente, el bloque FREJUPA de Ingeniero Luiggi se dirige a usted, y por su intermedio a los dem\u00e1s integrantes del cuerpo deliberativo que preside, a fin de solicitar al Poder Ejecutivo Municipal, informe detallado respecto a las autorizaciones labradas permitiendo la poda indiscriminada de \u00e1rboles efectuada en la vereda del edificio ubicado en la esquina de calle 25 de Mayo y Av. San Mart\u00edn, el d\u00eda 10 de mayo del corriente.<\/strong><\/p>\n<p><strong>Adem\u00e1s, cabe aclarar que dicha poda no fue efectuada por una persona autorizada, tal como establece la ordenanza 32\/2022, y que los residuos de la misma se depositaron sobre la acera, obstruyendo la circulaci\u00f3n de peatones, y fuera de los d\u00edas y horarios establecidos por el Municipio para la recolecci\u00f3n de residuos voluminosos.<\/strong><\/p>\n<div class=\"oasis-despues-del-contenido\" id=\"oasis-1156465674\"><img loading=\"lazy\" decoding=\"async\" src=\"https:\/\/oasisfm935.com.ar\/site\/wp-content\/uploads\/2020\/08\/47806202-8741-49f2-a5c9-d2f930e5baa1.jpg\" alt=\"\"  srcset=\"https:\/\/oasisfm935.com.ar\/site\/wp-content\/uploads\/2020\/08\/47806202-8741-49f2-a5c9-d2f930e5baa1.jpg 1080w, https:\/\/oasisfm935.com.ar\/site\/wp-content\/uploads\/2020\/08\/47806202-8741-49f2-a5c9-d2f930e5baa1-300x300.jpg 300w, https:\/\/oasisfm935.com.ar\/site\/wp-content\/uploads\/2020\/08\/47806202-8741-49f2-a5c9-d2f930e5baa1-1024x1024.jpg 1024w, https:\/\/oasisfm935.com.ar\/site\/wp-content\/uploads\/2020\/08\/47806202-8741-49f2-a5c9-d2f930e5baa1-150x150.jpg 150w, https:\/\/oasisfm935.com.ar\/site\/wp-content\/uploads\/2020\/08\/47806202-8741-49f2-a5c9-d2f930e5baa1-768x768.jpg 768w\" sizes=\"(max-width: 1080px) 100vw, 1080px\" class=\"no-lazyload\" width=\"1080\" height=\"1080\"  style=\"display: inline-block;\" \/><\/div>","protected":false},"excerpt":{"rendered":"<p>El 17 de septiembre de 2020, durante el gobierno de Patricia Lavin, un vecino de Ingeniero Luiggi, y concejal suplente de JXC,<\/p>\n","protected":false},"author":4,"featured_media":17691,"comment_status":"closed","ping_status":"open","sticky":false,"template":"","format":"standard","meta":{"colormag_page_layout":"default_layout","footnotes":""},"categories":[2],"tags":[],"class_list":["post-17689","post","type-post","status-publish","format-standard","has-post-thumbnail","hentry","category-noticias"],"_links":{"self":[{"href":"https:\/\/oasisfm935.com.ar\/site\/wp-json\/wp\/v2\/posts\/17689","targetHints":{"allow":["GET"]}}],"collection":[{"href":"https:\/\/oasisfm935.com.ar\/site\/wp-json\/wp\/v2\/posts"}],"about":[{"href":"https:\/\/oasisfm935.com.ar\/site\/wp-json\/wp\/v2\/types\/post"}],"author":[{"embeddable":true,"href":"https:\/\/oasisfm935.com.ar\/site\/wp-json\/wp\/v2\/users\/4"}],"replies":[{"embeddable":true,"href":"https:\/\/oasisfm935.com.ar\/site\/wp-json\/wp\/v2\/comments?post=17689"}],"version-history":[{"count":1,"href":"https:\/\/oasisfm935.com.ar\/site\/wp-json\/wp\/v2\/posts\/17689\/revisions"}],"predecessor-version":[{"id":17692,"href":"https:\/\/oasisfm935.com.ar\/site\/wp-json\/wp\/v2\/posts\/17689\/revisions\/17692"}],"wp:featuredmedia":[{"embeddable":true,"href":"https:\/\/oasisfm935.com.ar\/site\/wp-json\/wp\/v2\/media\/17691"}],"wp:attachment":[{"href":"https:\/\/oasisfm935.com.ar\/site\/wp-json\/wp\/v2\/media?parent=17689"}],"wp:term":[{"taxonomy":"category","embeddable":true,"href":"https:\/\/oasisfm935.com.ar\/site\/wp-json\/wp\/v2\/categories?post=17689"},{"taxonomy":"post_tag","embeddable":true,"href":"https:\/\/oasisfm935.com.ar\/site\/wp-json\/wp\/v2\/tags?post=17689"}],"curies":[{"name":"wp","href":"https:\/\/api.w.org\/{rel}","templated":true}]}}