{"id":17703,"date":"2025-06-04T23:46:32","date_gmt":"2025-06-05T02:46:32","guid":{"rendered":"https:\/\/oasisfm935.com.ar\/site\/?p=17703"},"modified":"2025-06-04T23:46:32","modified_gmt":"2025-06-05T02:46:32","slug":"diputados-aprobaron-suba-de-jubilaciones-y-bono-de-110-mil-pero-el-gobierno-anticipo-veto","status":"publish","type":"post","link":"https:\/\/oasisfm935.com.ar\/site\/diputados-aprobaron-suba-de-jubilaciones-y-bono-de-110-mil-pero-el-gobierno-anticipo-veto\/","title":{"rendered":"Diputados aprobaron suba de jubilaciones y bono de $110 mil, pero el Gobierno anticip\u00f3 veto."},"content":{"rendered":"<p>&nbsp;<\/p>\n<p>Luego de ocho horas de debate, la c\u00e1mara baja sancion\u00f3 un proyecto consensuado entre Uni\u00f3n por la Patria y la oposici\u00f3n dialoguista. El Ejecutivo adelant\u00f3 que bloquear\u00e1 la norma.<\/p>\n<p>Bloques de la oposici\u00f3n dura y dialoguista lograron en la C\u00e1mara de Diputados la media sanci\u00f3n de un aumento para todas las jubilaciones y pensiones del 7,2% (excepto los reg\u00edmenes especiales) y un incremento para el bono, que pasar\u00e1 de $70 mil a $110 mil y se actualizar\u00e1 por inflaci\u00f3n. Tambi\u00e9n fue aprobada la restituci\u00f3n por dos a\u00f1os de la moratoria previsional, el sistema que permit\u00eda que las personas sin los 30 a\u00f1os pudieran comprar los aportes faltantes para acceder a la jubilaci\u00f3n m\u00ednima.<\/p>\n<p>El aumento de los haberes y el bono fue aprobado con 142 votos afirmativos, 67 en contra y 19 abstenciones. Se manifestaron a favor Uni\u00f3n por la Patria, el Frente de Izquierda, la Coalici\u00f3n C\u00edvica, Encuentro Federal y Democracia para Siempre. Fue rechazado por LLA, el PRO y bloques provinciales. La UCR se abstuvo.<\/p>\n<p>Por otro lado, la restituci\u00f3n de la moratoria fue aprobada por 111 votos afirmativos, 100 negativos y 15 abstenciones. En este caso, result\u00f3 clave la decisi\u00f3n de abstenerse mayoritariamente de los bloque Encuentro Federal y Democracia para Siempre, lo que dificult\u00f3 al oficialismo sumar voluntades para rechazar el proyecto.<\/p>\n<p>Los diferentes proyectos previsionales pusieron en pie de guerra al gobierno nacional que adelant\u00f3 p\u00fablicamente que el presidente Javier Milei vetar\u00e1 -en caso de ser ratificadas por el Senado- cualquier iniciativa que afecte el super\u00e1vit fiscal.<\/p>\n<p>En la previa de la sesi\u00f3n, desde el oficialismo hicieron p\u00fablicos algunos c\u00e1lculos sobre el impacto presupuestario de los proyectos. Sin embargo, muchas de las cifras fueron cuestionadas por la oposici\u00f3n, que adem\u00e1s incluy\u00f3 recortes del gasto tributario para garantizar esos recursos: por ejemplo, la eliminaci\u00f3n de la exenci\u00f3n al IVA para los directores de empresa, la eliminaci\u00f3n de la exenci\u00f3n del impuesto a las ganancias a las sociedades de garant\u00eda rec\u00edproca, que se destine el ahorro presupuestario logrado cuando el FMI quit\u00f3 los recargos a los intereses, la nacionalizaci\u00f3n de los fondos de ACARA y de CSA de los entes recaudadores por los registros automotor y un redireccionamiento de todas las partidas que por DNU le fueron otorgadas a la SIDE.<\/p>\n<p>El aumento del bono a $110 mil, y su posterior actualizaci\u00f3n por inflaci\u00f3n, tendr\u00eda un costo fiscal de alrededor de 0.26% del PBI, ya que la Oficina del Presupuesto del Congreso hab\u00eda calculado que el impacto fiscal ser\u00eda de 0.23% si se llevaba a $105 mil y de 0.30% si quedaba en $115 mil. Finalmente la oposici\u00f3n termin\u00f3 consensuando una cifra intermedia entre los dos dict\u00e1menes.<\/p>\n<p>Seg\u00fan un informe elaborado por el Palacio de Hacienda, el aumento del 7,2% para las jubilaciones y pensiones abonadas por la ANSES que tengan la movilidad determinada por el art\u00edculo 32 de la ley 24.241, tendr\u00e1 un costo de 0,20% del PBI para el 2025 y del 0,42% para 2026. En total acumulan un 0,7% del PBI.<\/p>\n<p>El proyecto aprobado adem\u00e1s incluye una oficializaci\u00f3n por ley de la actual f\u00f3rmula de movilidad jubilatoria que rige por Decreto de Necesidad y Urgencia desde abril del a\u00f1o pasado. Por otro lado, tambi\u00e9n estableces que los giros a las cajas jubilatorias provinciales -no transferidas- se realicen de forma autom\u00e1tica y se actualicen por inflaci\u00f3n, un reclamo de los gobernadores.<\/p>\n<div class=\"oasis-despues-del-contenido\" id=\"oasis-294082118\"><img loading=\"lazy\" decoding=\"async\" src=\"https:\/\/oasisfm935.com.ar\/site\/wp-content\/uploads\/2020\/08\/47806202-8741-49f2-a5c9-d2f930e5baa1.jpg\" alt=\"\"  srcset=\"https:\/\/oasisfm935.com.ar\/site\/wp-content\/uploads\/2020\/08\/47806202-8741-49f2-a5c9-d2f930e5baa1.jpg 1080w, https:\/\/oasisfm935.com.ar\/site\/wp-content\/uploads\/2020\/08\/47806202-8741-49f2-a5c9-d2f930e5baa1-300x300.jpg 300w, https:\/\/oasisfm935.com.ar\/site\/wp-content\/uploads\/2020\/08\/47806202-8741-49f2-a5c9-d2f930e5baa1-1024x1024.jpg 1024w, https:\/\/oasisfm935.com.ar\/site\/wp-content\/uploads\/2020\/08\/47806202-8741-49f2-a5c9-d2f930e5baa1-150x150.jpg 150w, https:\/\/oasisfm935.com.ar\/site\/wp-content\/uploads\/2020\/08\/47806202-8741-49f2-a5c9-d2f930e5baa1-768x768.jpg 768w\" sizes=\"(max-width: 1080px) 100vw, 1080px\" class=\"no-lazyload\" width=\"1080\" height=\"1080\"  style=\"display: inline-block;\" \/><\/div>","protected":false},"excerpt":{"rendered":"<p>&nbsp; Luego de ocho horas de debate, la c\u00e1mara baja sancion\u00f3 un proyecto consensuado entre Uni\u00f3n por la Patria y la oposici\u00f3n<\/p>\n","protected":false},"author":4,"featured_media":17704,"comment_status":"closed","ping_status":"open","sticky":false,"template":"","format":"standard","meta":{"colormag_page_layout":"default_layout","footnotes":""},"categories":[1],"tags":[],"class_list":["post-17703","post","type-post","status-publish","format-standard","has-post-thumbnail","hentry","category-sin-categoria"],"_links":{"self":[{"href":"https:\/\/oasisfm935.com.ar\/site\/wp-json\/wp\/v2\/posts\/17703","targetHints":{"allow":["GET"]}}],"collection":[{"href":"https:\/\/oasisfm935.com.ar\/site\/wp-json\/wp\/v2\/posts"}],"about":[{"href":"https:\/\/oasisfm935.com.ar\/site\/wp-json\/wp\/v2\/types\/post"}],"author":[{"embeddable":true,"href":"https:\/\/oasisfm935.com.ar\/site\/wp-json\/wp\/v2\/users\/4"}],"replies":[{"embeddable":true,"href":"https:\/\/oasisfm935.com.ar\/site\/wp-json\/wp\/v2\/comments?post=17703"}],"version-history":[{"count":1,"href":"https:\/\/oasisfm935.com.ar\/site\/wp-json\/wp\/v2\/posts\/17703\/revisions"}],"predecessor-version":[{"id":17705,"href":"https:\/\/oasisfm935.com.ar\/site\/wp-json\/wp\/v2\/posts\/17703\/revisions\/17705"}],"wp:featuredmedia":[{"embeddable":true,"href":"https:\/\/oasisfm935.com.ar\/site\/wp-json\/wp\/v2\/media\/17704"}],"wp:attachment":[{"href":"https:\/\/oasisfm935.com.ar\/site\/wp-json\/wp\/v2\/media?parent=17703"}],"wp:term":[{"taxonomy":"category","embeddable":true,"href":"https:\/\/oasisfm935.com.ar\/site\/wp-json\/wp\/v2\/categories?post=17703"},{"taxonomy":"post_tag","embeddable":true,"href":"https:\/\/oasisfm935.com.ar\/site\/wp-json\/wp\/v2\/tags?post=17703"}],"curies":[{"name":"wp","href":"https:\/\/api.w.org\/{rel}","templated":true}]}}