{"id":17706,"date":"2025-06-09T10:33:24","date_gmt":"2025-06-09T13:33:24","guid":{"rendered":"https:\/\/oasisfm935.com.ar\/site\/?p=17706"},"modified":"2025-06-09T10:33:24","modified_gmt":"2025-06-09T13:33:24","slug":"el-gobierno-avanza-con-el-cierre-del-programa-procrear-la-secretaria-de-obras-publicas-se-encargara-de-las-gestiones","status":"publish","type":"post","link":"https:\/\/oasisfm935.com.ar\/site\/el-gobierno-avanza-con-el-cierre-del-programa-procrear-la-secretaria-de-obras-publicas-se-encargara-de-las-gestiones\/","title":{"rendered":"El Gobierno Avanza con el Cierre del Programa ProCreAr: La Secretar\u00eda de Obras P\u00fablicas se Encargar\u00e1 de las Gestiones"},"content":{"rendered":"<p data-start=\"123\" data-end=\"458\">El Ministerio de Econom\u00eda ha encargado a la Secretar\u00eda de Obras P\u00fablicas llevar adelante todas las gestiones necesarias para concretar el cierre definitivo del Programa Cr\u00e9dito Argentino del Bicentenario para la Vivienda \u00danica Familiar (ProCreAr), un fondo fiduciario clave del pa\u00eds, cuya disoluci\u00f3n fue decretada en noviembre de 2024.<\/p>\n<p data-start=\"460\" data-end=\"725\">Este programa ten\u00eda como principal objetivo facilitar el acceso a la vivienda propia para las familias argentinas, a trav\u00e9s de un sistema de cr\u00e9ditos accesibles. Sin embargo, como parte de la pol\u00edtica de reestructuraci\u00f3n del Estado, se decidi\u00f3 su cierre definitivo.<\/p>\n<p data-start=\"727\" data-end=\"1082\">La medida fue oficializada hoy mediante la resoluci\u00f3n 764\/2025, publicada en el Bolet\u00edn Oficial. La misma establece la continuidad de la gesti\u00f3n de los cr\u00e9ditos ya otorgados, la administraci\u00f3n de los bienes del fondo fiduciario, la regularizaci\u00f3n dominial de los inmuebles y la firma de un acuerdo con el Banco Hipotecario para llevar a cabo estas tareas.<\/p>\n<p data-start=\"1084\" data-end=\"1510\">Este avance en el cierre del ProCreAr surge tras la disoluci\u00f3n del programa a trav\u00e9s del Decreto 1018, emitido en noviembre del a\u00f1o pasado. Siete meses despu\u00e9s, el gobierno reglament\u00f3 el proceso de liquidaci\u00f3n de los activos y el traspaso de los bienes del fondo, adem\u00e1s de asegurar la continuidad de los cr\u00e9ditos vigentes y la transferencia de unidades a provincias, municipios y la Ciudad de Buenos Aires, seg\u00fan corresponda.<\/p>\n<p data-start=\"1512\" data-end=\"1895\">La disoluci\u00f3n del ProCreAr se enmarca dentro de una pol\u00edtica oficial de simplificaci\u00f3n del Estado, orientada a reducir organismos y evitar duplicaciones. Adem\u00e1s, se enmarca en un giro en la pol\u00edtica de vivienda, con el objetivo de redirigir recursos a \u00e1reas donde el Estado pueda ser m\u00e1s eficiente y brindar una mejor gesti\u00f3n p\u00fablica, seg\u00fan los fundamentos de la Ley de Bases 27.742.<\/p>\n<p data-start=\"1897\" data-end=\"2097\" data-is-last-node=\"\" data-is-only-node=\"\">Este cambio de enfoque tiene como fin optimizar la administraci\u00f3n p\u00fablica y mejorar la eficiencia en el uso de los recursos, reorientando las pol\u00edticas de vivienda en Argentina hacia nuevos objetivos.<\/p>\n<div class=\"oasis-despues-del-contenido\" id=\"oasis-144357443\"><img loading=\"lazy\" decoding=\"async\" src=\"https:\/\/oasisfm935.com.ar\/site\/wp-content\/uploads\/2020\/08\/47806202-8741-49f2-a5c9-d2f930e5baa1.jpg\" alt=\"\"  srcset=\"https:\/\/oasisfm935.com.ar\/site\/wp-content\/uploads\/2020\/08\/47806202-8741-49f2-a5c9-d2f930e5baa1.jpg 1080w, https:\/\/oasisfm935.com.ar\/site\/wp-content\/uploads\/2020\/08\/47806202-8741-49f2-a5c9-d2f930e5baa1-300x300.jpg 300w, https:\/\/oasisfm935.com.ar\/site\/wp-content\/uploads\/2020\/08\/47806202-8741-49f2-a5c9-d2f930e5baa1-1024x1024.jpg 1024w, https:\/\/oasisfm935.com.ar\/site\/wp-content\/uploads\/2020\/08\/47806202-8741-49f2-a5c9-d2f930e5baa1-150x150.jpg 150w, https:\/\/oasisfm935.com.ar\/site\/wp-content\/uploads\/2020\/08\/47806202-8741-49f2-a5c9-d2f930e5baa1-768x768.jpg 768w\" sizes=\"(max-width: 1080px) 100vw, 1080px\" class=\"no-lazyload\" width=\"1080\" height=\"1080\"  style=\"display: inline-block;\" \/><\/div>","protected":false},"excerpt":{"rendered":"<p>El Ministerio de Econom\u00eda ha encargado a la Secretar\u00eda de Obras P\u00fablicas llevar adelante todas las gestiones necesarias para concretar el cierre<\/p>\n","protected":false},"author":4,"featured_media":0,"comment_status":"closed","ping_status":"open","sticky":false,"template":"","format":"standard","meta":{"colormag_page_layout":"default_layout","footnotes":""},"categories":[2],"tags":[],"class_list":["post-17706","post","type-post","status-publish","format-standard","hentry","category-noticias"],"_links":{"self":[{"href":"https:\/\/oasisfm935.com.ar\/site\/wp-json\/wp\/v2\/posts\/17706","targetHints":{"allow":["GET"]}}],"collection":[{"href":"https:\/\/oasisfm935.com.ar\/site\/wp-json\/wp\/v2\/posts"}],"about":[{"href":"https:\/\/oasisfm935.com.ar\/site\/wp-json\/wp\/v2\/types\/post"}],"author":[{"embeddable":true,"href":"https:\/\/oasisfm935.com.ar\/site\/wp-json\/wp\/v2\/users\/4"}],"replies":[{"embeddable":true,"href":"https:\/\/oasisfm935.com.ar\/site\/wp-json\/wp\/v2\/comments?post=17706"}],"version-history":[{"count":1,"href":"https:\/\/oasisfm935.com.ar\/site\/wp-json\/wp\/v2\/posts\/17706\/revisions"}],"predecessor-version":[{"id":17709,"href":"https:\/\/oasisfm935.com.ar\/site\/wp-json\/wp\/v2\/posts\/17706\/revisions\/17709"}],"wp:attachment":[{"href":"https:\/\/oasisfm935.com.ar\/site\/wp-json\/wp\/v2\/media?parent=17706"}],"wp:term":[{"taxonomy":"category","embeddable":true,"href":"https:\/\/oasisfm935.com.ar\/site\/wp-json\/wp\/v2\/categories?post=17706"},{"taxonomy":"post_tag","embeddable":true,"href":"https:\/\/oasisfm935.com.ar\/site\/wp-json\/wp\/v2\/tags?post=17706"}],"curies":[{"name":"wp","href":"https:\/\/api.w.org\/{rel}","templated":true}]}}