{"id":17710,"date":"2025-06-09T10:38:06","date_gmt":"2025-06-09T13:38:06","guid":{"rendered":"https:\/\/oasisfm935.com.ar\/site\/?p=17710"},"modified":"2025-06-09T10:38:06","modified_gmt":"2025-06-09T13:38:06","slug":"el-mercado-de-vehiculos-usados-en-argentina-registra-una-baja-leve-en-mayo-pero-mantiene-un-crecimiento-interanual-sostenido","status":"publish","type":"post","link":"https:\/\/oasisfm935.com.ar\/site\/el-mercado-de-vehiculos-usados-en-argentina-registra-una-baja-leve-en-mayo-pero-mantiene-un-crecimiento-interanual-sostenido\/","title":{"rendered":"El Mercado de Veh\u00edculos Usados en Argentina Registra una Baja Leve en Mayo, pero Mantiene un Crecimiento Interanual Sostenido"},"content":{"rendered":"<article class=\"text-token-text-primary w-full\" dir=\"auto\" data-testid=\"conversation-turn-8\" data-scroll-anchor=\"true\">\n<div class=\"text-base my-auto mx-auto py-5 [--thread-content-margin:--spacing(4)] @[37rem]:[--thread-content-margin:--spacing(6)] @[72rem]:[--thread-content-margin:--spacing(16)] px-(--thread-content-margin)\">\n<div class=\"[--thread-content-max-width:32rem] @[34rem]:[--thread-content-max-width:40rem] @[64rem]:[--thread-content-max-width:48rem] mx-auto flex max-w-(--thread-content-max-width) flex-1 text-base gap-4 md:gap-5 lg:gap-6 group\/turn-messages focus-visible:outline-hidden\">\n<div class=\"group\/conversation-turn relative flex w-full min-w-0 flex-col agent-turn\">\n<div class=\"relative flex-col gap-1 md:gap-3\">\n<div class=\"flex max-w-full flex-col grow\">\n<div class=\"min-h-8 text-message relative flex w-full flex-col items-end gap-2 text-start break-words whitespace-normal [.text-message+&amp;]:mt-5\" dir=\"auto\" data-message-author-role=\"assistant\" data-message-id=\"7081f29f-98ac-43ab-93b0-287c4478a0e7\" data-message-model-slug=\"gpt-4o\">\n<div class=\"flex w-full flex-col gap-1 empty:hidden first:pt-[3px]\">\n<div class=\"markdown prose dark:prose-invert w-full break-words light\">\n<p data-start=\"131\" data-end=\"590\">El mercado de veh\u00edculos usados en Argentina cerr\u00f3 el mes de mayo con una leve baja en comparaci\u00f3n con abril, pero mantuvo un ritmo de ventas elevado respecto al mismo mes del a\u00f1o pasado. Seg\u00fan datos de la C\u00e1mara del Comercio Automotor (CCA), durante mayo se transfirieron 154.830 unidades, lo que representa un incremento del 2,57% respecto a mayo de 2024, aunque fue un 2,60% menor que la cifra registrada en abril, cuando se alcanzaron las 158.960 unidades.<\/p>\n<p data-start=\"592\" data-end=\"801\">En el acumulado de los primeros cinco meses de 2025, el mercado mostr\u00f3 un crecimiento del 25,95%, con un total de 775.213 veh\u00edculos vendidos, frente a las 615.516 unidades vendidas en el mismo per\u00edodo de 2024.<\/p>\n<p data-start=\"803\" data-end=\"1081\">En cuanto al ranking interanual de ventas por provincias, La Pampa se encuentra en el puesto 15, con una suba del 29,58% respecto a mayo de 2024. Las provincias que lideraron el crecimiento fueron La Rioja, con un aumento del 61,62%, seguida por Jujuy (58,45%) y Chaco (57,94%).<\/p>\n<p data-start=\"1083\" data-end=\"1265\" data-is-last-node=\"\" data-is-only-node=\"\">El mercado de autos usados contin\u00faa mostrando un comportamiento positivo a pesar de la leve ca\u00edda en las ventas de mayo, consolid\u00e1ndose como un sector clave en la econom\u00eda argentina.<\/p>\n<\/div>\n<\/div>\n<\/div>\n<\/div>\n<div class=\"flex min-h-[46px] justify-start\">\n<div class=\"touch:-me-2 touch:-ms-3.5 -ms-2.5 -me-1 flex items-center p-1 select-none -mt-1 w-full duration-[1.5s] focus-within:transition-none hover:transition-none pointer-events-none [mask-image:linear-gradient(to_right,black_33%,transparent_66%)] [mask-size:300%_100%] [mask-position:100%_0%] motion-safe:transition-[mask-position] group-hover\/turn-messages:pointer-events-auto group-hover\/turn-messages:[mask-position:0_0] group-focus-within\/turn-messages:pointer-events-auto group-focus-within\/turn-messages:[mask-position:0_0] has-data-[state=open]:pointer-events-auto has-data-[state=open]:[mask-position:0_0]\"><\/div>\n<\/div>\n<\/div>\n<div class=\"absolute\">\n<div class=\"flex items-center justify-center\"><\/div>\n<\/div>\n<\/div>\n<\/div>\n<\/div>\n<\/article>\n<div class=\"pointer-events-none h-px w-px\" aria-hidden=\"true\" data-edge=\"true\"><\/div>\n<div class=\"oasis-despues-del-contenido\" id=\"oasis-235926601\"><img loading=\"lazy\" decoding=\"async\" src=\"https:\/\/oasisfm935.com.ar\/site\/wp-content\/uploads\/2020\/08\/47806202-8741-49f2-a5c9-d2f930e5baa1.jpg\" alt=\"\"  srcset=\"https:\/\/oasisfm935.com.ar\/site\/wp-content\/uploads\/2020\/08\/47806202-8741-49f2-a5c9-d2f930e5baa1.jpg 1080w, https:\/\/oasisfm935.com.ar\/site\/wp-content\/uploads\/2020\/08\/47806202-8741-49f2-a5c9-d2f930e5baa1-300x300.jpg 300w, https:\/\/oasisfm935.com.ar\/site\/wp-content\/uploads\/2020\/08\/47806202-8741-49f2-a5c9-d2f930e5baa1-1024x1024.jpg 1024w, https:\/\/oasisfm935.com.ar\/site\/wp-content\/uploads\/2020\/08\/47806202-8741-49f2-a5c9-d2f930e5baa1-150x150.jpg 150w, https:\/\/oasisfm935.com.ar\/site\/wp-content\/uploads\/2020\/08\/47806202-8741-49f2-a5c9-d2f930e5baa1-768x768.jpg 768w\" sizes=\"(max-width: 1080px) 100vw, 1080px\" class=\"no-lazyload\" width=\"1080\" height=\"1080\"  style=\"display: inline-block;\" \/><\/div>","protected":false},"excerpt":{"rendered":"<p>El mercado de veh\u00edculos usados en Argentina cerr\u00f3 el mes de mayo con una leve baja en comparaci\u00f3n con abril, pero mantuvo<\/p>\n","protected":false},"author":4,"featured_media":0,"comment_status":"closed","ping_status":"open","sticky":false,"template":"","format":"standard","meta":{"colormag_page_layout":"default_layout","footnotes":""},"categories":[2],"tags":[],"class_list":["post-17710","post","type-post","status-publish","format-standard","hentry","category-noticias"],"_links":{"self":[{"href":"https:\/\/oasisfm935.com.ar\/site\/wp-json\/wp\/v2\/posts\/17710","targetHints":{"allow":["GET"]}}],"collection":[{"href":"https:\/\/oasisfm935.com.ar\/site\/wp-json\/wp\/v2\/posts"}],"about":[{"href":"https:\/\/oasisfm935.com.ar\/site\/wp-json\/wp\/v2\/types\/post"}],"author":[{"embeddable":true,"href":"https:\/\/oasisfm935.com.ar\/site\/wp-json\/wp\/v2\/users\/4"}],"replies":[{"embeddable":true,"href":"https:\/\/oasisfm935.com.ar\/site\/wp-json\/wp\/v2\/comments?post=17710"}],"version-history":[{"count":1,"href":"https:\/\/oasisfm935.com.ar\/site\/wp-json\/wp\/v2\/posts\/17710\/revisions"}],"predecessor-version":[{"id":17711,"href":"https:\/\/oasisfm935.com.ar\/site\/wp-json\/wp\/v2\/posts\/17710\/revisions\/17711"}],"wp:attachment":[{"href":"https:\/\/oasisfm935.com.ar\/site\/wp-json\/wp\/v2\/media?parent=17710"}],"wp:term":[{"taxonomy":"category","embeddable":true,"href":"https:\/\/oasisfm935.com.ar\/site\/wp-json\/wp\/v2\/categories?post=17710"},{"taxonomy":"post_tag","embeddable":true,"href":"https:\/\/oasisfm935.com.ar\/site\/wp-json\/wp\/v2\/tags?post=17710"}],"curies":[{"name":"wp","href":"https:\/\/api.w.org\/{rel}","templated":true}]}}