{"id":17713,"date":"2025-06-10T14:01:57","date_gmt":"2025-06-10T17:01:57","guid":{"rendered":"https:\/\/oasisfm935.com.ar\/site\/?p=17713"},"modified":"2025-06-10T14:01:57","modified_gmt":"2025-06-10T17:01:57","slug":"malas-noticias-para-cooperativas-electricas-y-municipios-pampeanos-la-justicia-revoco-medida-cautelar-y-vuelve-a-regir-la-resolucion-nacional-que-prohibe-cobrar-tasas-en-las-facturas","status":"publish","type":"post","link":"https:\/\/oasisfm935.com.ar\/site\/malas-noticias-para-cooperativas-electricas-y-municipios-pampeanos-la-justicia-revoco-medida-cautelar-y-vuelve-a-regir-la-resolucion-nacional-que-prohibe-cobrar-tasas-en-las-facturas\/","title":{"rendered":"Malas noticias para cooperativas el\u00e9ctricas y municipios pampeanos: la Justicia revoc\u00f3 medida cautelar y vuelve a regir la resoluci\u00f3n nacional que proh\u00edbe cobrar tasas en las facturas"},"content":{"rendered":"<p>La C\u00e1mara Federal de Apelaciones de Bah\u00eda Blanca revoc\u00f3 la medida cautelar que hab\u00eda suspendido la Resoluci\u00f3n 267\/2024 de la Secretar\u00eda de Industria y Comercio del Ministerio de Econom\u00eda de la Naci\u00f3n, lo que implica un duro rev\u00e9s para las 32 cooperativas el\u00e9ctricas de La Pampa y para municipios como General Pico.<\/p>\n<p>La medida cautelar hab\u00eda sido otorgada en febrero por el juez federal de Santa Rosa, Juan Jos\u00e9 Baric, a pedido de la Federaci\u00f3n Pampeana de Cooperativas (Fepamco). Sin embargo, en las \u00faltimas horas, los camaristas Silvia Fari\u00f1a, Leandro Picado y Pablo Candisano Mera decidieron revocar esa resoluci\u00f3n, por lo que vuelve a entrar en vigencia la normativa nacional que proh\u00edbe el cobro de impuestos y tasas en las facturas de servicios p\u00fablicos y bienes.<\/p>\n<p>La resoluci\u00f3n 267\/24 establece que las facturas y comprobantes solo podr\u00e1n incluir la descripci\u00f3n y el precio correspondiente al bien o servicio contratado, quedando fuera cargos adicionales como tasas municipales o impuestos provinciales. Esta medida abarca tanto a empresas de servicios p\u00fablicos como a comercios de todo el pa\u00eds.<\/p>\n<p>Paralelamente, el tribunal federal recomend\u00f3 unificar la causa de Fepamco con la presentada por la Municipalidad de General Pico, que tambi\u00e9n inici\u00f3 acciones legales contra la resoluci\u00f3n nacional. Pese al fallo adverso, la cuesti\u00f3n de fondo todav\u00eda no ha sido resuelta, es decir, no se ha determinado a\u00fan si la resoluci\u00f3n es o no inconstitucional.<\/p>\n<p>Desde Fepamco, su presidente Jorge P\u00e1ez advirti\u00f3 que esta normativa afectar\u00e1 gravemente la recaudaci\u00f3n de las cooperativas pampeanas y, en consecuencia, pondr\u00e1 en riesgo la prestaci\u00f3n de servicios esenciales para miles de usuarios en toda la provincia.<\/p>\n<p>\u201cMediante una resoluci\u00f3n que aparenta tutelar a los consumidores, se transgrede toda la organizaci\u00f3n cooperativa y federal de nuestro pa\u00eds\u201d, manifest\u00f3 P\u00e1ez, y denunci\u00f3 un avasallamiento a las competencias propias de las provincias y los municipios, as\u00ed como a las leyes que regulan el funcionamiento de las cooperativas.<\/p>\n<ol>\n<li>Mientras tanto, la incertidumbre persiste entre los actores del sistema el\u00e9ctrico cooperativo pampeano, que ahora deber\u00e1n adecuarse, al menos temporalmente, a esta nueva normativa nacional mientras se define la legalidad de fondo de la resoluci\u00f3n.<\/li>\n<\/ol>\n<div class=\"oasis-despues-del-contenido\" id=\"oasis-3035580034\"><img loading=\"lazy\" decoding=\"async\" src=\"https:\/\/oasisfm935.com.ar\/site\/wp-content\/uploads\/2020\/08\/47806202-8741-49f2-a5c9-d2f930e5baa1.jpg\" alt=\"\"  srcset=\"https:\/\/oasisfm935.com.ar\/site\/wp-content\/uploads\/2020\/08\/47806202-8741-49f2-a5c9-d2f930e5baa1.jpg 1080w, https:\/\/oasisfm935.com.ar\/site\/wp-content\/uploads\/2020\/08\/47806202-8741-49f2-a5c9-d2f930e5baa1-300x300.jpg 300w, https:\/\/oasisfm935.com.ar\/site\/wp-content\/uploads\/2020\/08\/47806202-8741-49f2-a5c9-d2f930e5baa1-1024x1024.jpg 1024w, https:\/\/oasisfm935.com.ar\/site\/wp-content\/uploads\/2020\/08\/47806202-8741-49f2-a5c9-d2f930e5baa1-150x150.jpg 150w, https:\/\/oasisfm935.com.ar\/site\/wp-content\/uploads\/2020\/08\/47806202-8741-49f2-a5c9-d2f930e5baa1-768x768.jpg 768w\" sizes=\"(max-width: 1080px) 100vw, 1080px\" class=\"no-lazyload\" width=\"1080\" height=\"1080\"  style=\"display: inline-block;\" \/><\/div>","protected":false},"excerpt":{"rendered":"<p>La C\u00e1mara Federal de Apelaciones de Bah\u00eda Blanca revoc\u00f3 la medida cautelar que hab\u00eda suspendido la Resoluci\u00f3n 267\/2024 de la Secretar\u00eda de<\/p>\n","protected":false},"author":4,"featured_media":17714,"comment_status":"closed","ping_status":"open","sticky":false,"template":"","format":"standard","meta":{"colormag_page_layout":"default_layout","footnotes":""},"categories":[2],"tags":[],"class_list":["post-17713","post","type-post","status-publish","format-standard","has-post-thumbnail","hentry","category-noticias"],"_links":{"self":[{"href":"https:\/\/oasisfm935.com.ar\/site\/wp-json\/wp\/v2\/posts\/17713","targetHints":{"allow":["GET"]}}],"collection":[{"href":"https:\/\/oasisfm935.com.ar\/site\/wp-json\/wp\/v2\/posts"}],"about":[{"href":"https:\/\/oasisfm935.com.ar\/site\/wp-json\/wp\/v2\/types\/post"}],"author":[{"embeddable":true,"href":"https:\/\/oasisfm935.com.ar\/site\/wp-json\/wp\/v2\/users\/4"}],"replies":[{"embeddable":true,"href":"https:\/\/oasisfm935.com.ar\/site\/wp-json\/wp\/v2\/comments?post=17713"}],"version-history":[{"count":1,"href":"https:\/\/oasisfm935.com.ar\/site\/wp-json\/wp\/v2\/posts\/17713\/revisions"}],"predecessor-version":[{"id":17715,"href":"https:\/\/oasisfm935.com.ar\/site\/wp-json\/wp\/v2\/posts\/17713\/revisions\/17715"}],"wp:featuredmedia":[{"embeddable":true,"href":"https:\/\/oasisfm935.com.ar\/site\/wp-json\/wp\/v2\/media\/17714"}],"wp:attachment":[{"href":"https:\/\/oasisfm935.com.ar\/site\/wp-json\/wp\/v2\/media?parent=17713"}],"wp:term":[{"taxonomy":"category","embeddable":true,"href":"https:\/\/oasisfm935.com.ar\/site\/wp-json\/wp\/v2\/categories?post=17713"},{"taxonomy":"post_tag","embeddable":true,"href":"https:\/\/oasisfm935.com.ar\/site\/wp-json\/wp\/v2\/tags?post=17713"}],"curies":[{"name":"wp","href":"https:\/\/api.w.org\/{rel}","templated":true}]}}