{"id":17716,"date":"2025-06-10T19:36:30","date_gmt":"2025-06-10T22:36:30","guid":{"rendered":"https:\/\/oasisfm935.com.ar\/site\/?p=17716"},"modified":"2025-06-10T19:36:30","modified_gmt":"2025-06-10T22:36:30","slug":"la-corte-suprema-confirmo-la-condena-a-cristina-fernandez-de-kirchner-por-corrupcion-en-la-causa-vialidad","status":"publish","type":"post","link":"https:\/\/oasisfm935.com.ar\/site\/la-corte-suprema-confirmo-la-condena-a-cristina-fernandez-de-kirchner-por-corrupcion-en-la-causa-vialidad\/","title":{"rendered":"La Corte Suprema confirm\u00f3 la condena a Cristina Fern\u00e1ndez de Kirchner por corrupci\u00f3n en la Causa Vialidad"},"content":{"rendered":"<p>En un fallo de alto impacto institucional, la Corte Suprema de Justicia de la Naci\u00f3n dej\u00f3 firme la condena a seis a\u00f1os de prisi\u00f3n e inhabilitaci\u00f3n perpetua para ejercer cargos p\u00fablicos contra la expresidenta Cristina Fern\u00e1ndez de Kirchner, en el marco de la denominada Causa Vialidad. Tambi\u00e9n qued\u00f3 confirmado el decomiso de aproximadamente 84.000 millones de pesos.<\/p>\n<p>El m\u00e1ximo tribunal rechaz\u00f3 por unanimidad las apelaciones de la defensa de la exmandataria, de otros ocho condenados \u2014entre ellos L\u00e1zaro B\u00e1ez y Jos\u00e9 L\u00f3pez\u2014 y del fiscal Mario Villar. Lo hizo mediante la aplicaci\u00f3n del art\u00edculo 280 del C\u00f3digo Procesal Civil y Comercial, pero con fundamentos, dada la trascendencia institucional del caso.<\/p>\n<p>De esta manera, la Corte convalid\u00f3 el fallo del Tribunal Oral Federal N.\u00ba 2, que hall\u00f3 a Fern\u00e1ndez de Kirchner penalmente responsable del delito de administraci\u00f3n fraudulenta agravada en perjuicio de la administraci\u00f3n p\u00fablica.<\/p>\n<p>Ahora, ser\u00e1 el TOF 2 quien deba definir las condiciones de cumplimiento de la pena. En el caso de Cristina, por tener m\u00e1s de 70 a\u00f1os, se estima que podr\u00eda acceder al beneficio del arresto domiciliario. Adem\u00e1s, con esta sentencia queda formalmente excluida de las pr\u00f3ximas elecciones legislativas, donde planeaba competir por una banca provincial.<\/p>\n<p>En su fallo, los jueces Horacio Rosatti, Carlos Rosenkrantz y Ricardo Lorenzetti consideraron que el proceso respet\u00f3 todas las garant\u00edas constitucionales y que la condena se bas\u00f3 en pruebas suficientes, entre ellas la relaci\u00f3n comercial entre B\u00e1ez y la familia Kirchner, y los contratos vinculados a los hoteles de la expresidenta.<\/p>\n<p>Seg\u00fan el dictamen, la expresidenta actu\u00f3 con plena conciencia de su responsabilidad y del perjuicio econ\u00f3mico causado al Estado, priorizando beneficios particulares por sobre el inter\u00e9s p\u00fablico. La Corte remarc\u00f3 que la imposici\u00f3n de la pena no solo es legal, sino que protege el orden democr\u00e1tico y republicano.<\/p>\n<div class=\"oasis-despues-del-contenido\" id=\"oasis-4243684765\"><img loading=\"lazy\" decoding=\"async\" src=\"https:\/\/oasisfm935.com.ar\/site\/wp-content\/uploads\/2020\/08\/47806202-8741-49f2-a5c9-d2f930e5baa1.jpg\" alt=\"\"  srcset=\"https:\/\/oasisfm935.com.ar\/site\/wp-content\/uploads\/2020\/08\/47806202-8741-49f2-a5c9-d2f930e5baa1.jpg 1080w, https:\/\/oasisfm935.com.ar\/site\/wp-content\/uploads\/2020\/08\/47806202-8741-49f2-a5c9-d2f930e5baa1-300x300.jpg 300w, https:\/\/oasisfm935.com.ar\/site\/wp-content\/uploads\/2020\/08\/47806202-8741-49f2-a5c9-d2f930e5baa1-1024x1024.jpg 1024w, https:\/\/oasisfm935.com.ar\/site\/wp-content\/uploads\/2020\/08\/47806202-8741-49f2-a5c9-d2f930e5baa1-150x150.jpg 150w, https:\/\/oasisfm935.com.ar\/site\/wp-content\/uploads\/2020\/08\/47806202-8741-49f2-a5c9-d2f930e5baa1-768x768.jpg 768w\" sizes=\"(max-width: 1080px) 100vw, 1080px\" class=\"no-lazyload\" width=\"1080\" height=\"1080\"  style=\"display: inline-block;\" \/><\/div>","protected":false},"excerpt":{"rendered":"<p>En un fallo de alto impacto institucional, la Corte Suprema de Justicia de la Naci\u00f3n dej\u00f3 firme la condena a seis a\u00f1os<\/p>\n","protected":false},"author":4,"featured_media":17717,"comment_status":"closed","ping_status":"open","sticky":false,"template":"","format":"standard","meta":{"colormag_page_layout":"default_layout","footnotes":""},"categories":[2],"tags":[],"class_list":["post-17716","post","type-post","status-publish","format-standard","has-post-thumbnail","hentry","category-noticias"],"_links":{"self":[{"href":"https:\/\/oasisfm935.com.ar\/site\/wp-json\/wp\/v2\/posts\/17716","targetHints":{"allow":["GET"]}}],"collection":[{"href":"https:\/\/oasisfm935.com.ar\/site\/wp-json\/wp\/v2\/posts"}],"about":[{"href":"https:\/\/oasisfm935.com.ar\/site\/wp-json\/wp\/v2\/types\/post"}],"author":[{"embeddable":true,"href":"https:\/\/oasisfm935.com.ar\/site\/wp-json\/wp\/v2\/users\/4"}],"replies":[{"embeddable":true,"href":"https:\/\/oasisfm935.com.ar\/site\/wp-json\/wp\/v2\/comments?post=17716"}],"version-history":[{"count":1,"href":"https:\/\/oasisfm935.com.ar\/site\/wp-json\/wp\/v2\/posts\/17716\/revisions"}],"predecessor-version":[{"id":17718,"href":"https:\/\/oasisfm935.com.ar\/site\/wp-json\/wp\/v2\/posts\/17716\/revisions\/17718"}],"wp:featuredmedia":[{"embeddable":true,"href":"https:\/\/oasisfm935.com.ar\/site\/wp-json\/wp\/v2\/media\/17717"}],"wp:attachment":[{"href":"https:\/\/oasisfm935.com.ar\/site\/wp-json\/wp\/v2\/media?parent=17716"}],"wp:term":[{"taxonomy":"category","embeddable":true,"href":"https:\/\/oasisfm935.com.ar\/site\/wp-json\/wp\/v2\/categories?post=17716"},{"taxonomy":"post_tag","embeddable":true,"href":"https:\/\/oasisfm935.com.ar\/site\/wp-json\/wp\/v2\/tags?post=17716"}],"curies":[{"name":"wp","href":"https:\/\/api.w.org\/{rel}","templated":true}]}}