{"id":17719,"date":"2025-06-11T19:03:21","date_gmt":"2025-06-11T22:03:21","guid":{"rendered":"https:\/\/oasisfm935.com.ar\/site\/?p=17719"},"modified":"2025-06-11T19:03:21","modified_gmt":"2025-06-11T22:03:21","slug":"megaoperativo-interprovincial-detienen-a-un-riojano-por-el-robo-de-130-mil-kilos-de-soja-en-embajador-martini","status":"publish","type":"post","link":"https:\/\/oasisfm935.com.ar\/site\/megaoperativo-interprovincial-detienen-a-un-riojano-por-el-robo-de-130-mil-kilos-de-soja-en-embajador-martini\/","title":{"rendered":"Megaoperativo interprovincial: detienen a un riojano por el robo de 130 mil kilos de soja en Embajador Martini"},"content":{"rendered":"<blockquote><p>La Brigada de Investigaciones de la Unidad Regional II, en un complejo operativo que se extendi\u00f3 por varias provincias, logr\u00f3 la detenci\u00f3n de uno de los presuntos autores del robo de 130.000 kilos de soja de un campo en la localidad de Embajador Martini. Se secuestr\u00f3 un cami\u00f3n y un acoplado, y la investigaci\u00f3n contin\u00faa para dar con otros dos pr\u00f3fugos.<\/p>\n<p>En di\u00e1logo con \u00a0el jefe de la Brigada de Investigaciones de la UR-II, Comisario Mart\u00edn Gim\u00e9nez, brind\u00f3 detalles sobre un minucioso trabajo de inteligencia que permiti\u00f3 esclarecer un robo calificado ocurrido el pasado 9 de mayo.<\/p>\n<p>El hecho se denunci\u00f3 cuando el propietario de un campo ubicado sobre la vera de la Ruta 35, en cercan\u00edas de Embajador Martini, constat\u00f3 que de uno de sus bolsones le hab\u00edan sustra\u00eddo la imponente cantidad de 130 mil kilos de granos de soja.<\/p>\n<p>A ra\u00edz de la denuncia, se dio inmediata intervenci\u00f3n a la Brigada, que comenz\u00f3 a trabajar en conjunto con la subcomisar\u00eda de Embajador Martini y la comisar\u00eda departamental de Ingeniero Luiggi. \u201cSe realiz\u00f3 un relevamiento en el lugar y la zona. Ante la escasez de c\u00e1maras por ser un \u00e1rea rural, llevamos a cabo un profundo an\u00e1lisis de las comunicaciones y antenas\u201d, explic\u00f3 Gim\u00e9nez.<\/p>\n<p>Tras varias semanas de investigaci\u00f3n, las pericias tecnol\u00f3gicas dieron sus frutos. \u201cPudimos determinar la participaci\u00f3n en el hecho de tres camiones con acoplados que se utilizaron para la sustracci\u00f3n de la soja. Tanto los veh\u00edculos como los choferes eran oriundos de La Rioja\u201d, detall\u00f3 el comisario.<\/p>\n<p>Con esta informaci\u00f3n clave, la causa avanz\u00f3 a paso firme. En un trabajo coordinado con la DDI de San Luis capital, se procedi\u00f3 al secuestro de un cami\u00f3n Mercedes Benz que se encontraba en un taller de esa ciudad y a la detenci\u00f3n de su conductor, uno de los investigados. D\u00edas m\u00e1s tarde, el acoplado del mismo cami\u00f3n fue hallado y secuestrado en el play\u00f3n de una estaci\u00f3n de servicio en R\u00edo Cuarto, C\u00f3rdoba.<\/p>\n<p>El pasado lunes, una comisi\u00f3n policial viaj\u00f3 a la provincia de San Luis para efectuar el traslado del detenido a General Pico, donde qued\u00f3 a disposici\u00f3n de la justicia.<\/p>\n<p><strong>Una parte de la soja ya hab\u00eda sido secuestrada<\/strong><\/p>\n<p>Un dato llamativo que aport\u00f3 el Comisario Gim\u00e9nez es que, en el transcurso de la investigaci\u00f3n, se tom\u00f3 conocimiento de que parte de la soja robada hab\u00eda sido retenida en un operativo de Prefectura Naval Argentina cerca de Coronel Moldes, sobre la Ruta 35, el mismo d\u00eda del robo. \u201cEl cami\u00f3n que tenemos secuestrado transportaba la soja, la cual fue retenida por falta de la carta de porte en un control. Esa carga ya fue solicitada por la justicia por ser la sustra\u00edda del campo\u201d, confirm\u00f3.<\/p>\n<p>La causa, en la que intervienen los fiscales Dami\u00e1n Campos y Luciano Rebechi, a\u00fan no est\u00e1 cerrada. \u201cHay dos personas m\u00e1s involucradas, tambi\u00e9n oriundas de La Rioja, las cuales est\u00e1n bien identificadas y con pedido de detenci\u00f3n. Ahora estamos tratando de establecer d\u00f3nde se encuentran los otros dos camiones utilizados\u201d, concluy\u00f3 Gim\u00e9nez, destacando el \u201clargo trabajo de an\u00e1lisis que involucr\u00f3 a varias provincias y la excelente colaboraci\u00f3n con las polic\u00edas de San Luis y C\u00f3rdoba\u201d.<\/p><\/blockquote>\n<div class=\"oasis-despues-del-contenido\" id=\"oasis-2326806309\"><img loading=\"lazy\" decoding=\"async\" src=\"https:\/\/oasisfm935.com.ar\/site\/wp-content\/uploads\/2020\/08\/47806202-8741-49f2-a5c9-d2f930e5baa1.jpg\" alt=\"\"  srcset=\"https:\/\/oasisfm935.com.ar\/site\/wp-content\/uploads\/2020\/08\/47806202-8741-49f2-a5c9-d2f930e5baa1.jpg 1080w, https:\/\/oasisfm935.com.ar\/site\/wp-content\/uploads\/2020\/08\/47806202-8741-49f2-a5c9-d2f930e5baa1-300x300.jpg 300w, https:\/\/oasisfm935.com.ar\/site\/wp-content\/uploads\/2020\/08\/47806202-8741-49f2-a5c9-d2f930e5baa1-1024x1024.jpg 1024w, https:\/\/oasisfm935.com.ar\/site\/wp-content\/uploads\/2020\/08\/47806202-8741-49f2-a5c9-d2f930e5baa1-150x150.jpg 150w, https:\/\/oasisfm935.com.ar\/site\/wp-content\/uploads\/2020\/08\/47806202-8741-49f2-a5c9-d2f930e5baa1-768x768.jpg 768w\" sizes=\"(max-width: 1080px) 100vw, 1080px\" class=\"no-lazyload\" width=\"1080\" height=\"1080\"  style=\"display: inline-block;\" \/><\/div>","protected":false},"excerpt":{"rendered":"<p>La Brigada de Investigaciones de la Unidad Regional II, en un complejo operativo que se extendi\u00f3 por varias provincias, logr\u00f3 la detenci\u00f3n<\/p>\n","protected":false},"author":4,"featured_media":17720,"comment_status":"closed","ping_status":"open","sticky":false,"template":"","format":"standard","meta":{"colormag_page_layout":"default_layout","footnotes":""},"categories":[2],"tags":[],"class_list":["post-17719","post","type-post","status-publish","format-standard","has-post-thumbnail","hentry","category-noticias"],"_links":{"self":[{"href":"https:\/\/oasisfm935.com.ar\/site\/wp-json\/wp\/v2\/posts\/17719","targetHints":{"allow":["GET"]}}],"collection":[{"href":"https:\/\/oasisfm935.com.ar\/site\/wp-json\/wp\/v2\/posts"}],"about":[{"href":"https:\/\/oasisfm935.com.ar\/site\/wp-json\/wp\/v2\/types\/post"}],"author":[{"embeddable":true,"href":"https:\/\/oasisfm935.com.ar\/site\/wp-json\/wp\/v2\/users\/4"}],"replies":[{"embeddable":true,"href":"https:\/\/oasisfm935.com.ar\/site\/wp-json\/wp\/v2\/comments?post=17719"}],"version-history":[{"count":1,"href":"https:\/\/oasisfm935.com.ar\/site\/wp-json\/wp\/v2\/posts\/17719\/revisions"}],"predecessor-version":[{"id":17721,"href":"https:\/\/oasisfm935.com.ar\/site\/wp-json\/wp\/v2\/posts\/17719\/revisions\/17721"}],"wp:featuredmedia":[{"embeddable":true,"href":"https:\/\/oasisfm935.com.ar\/site\/wp-json\/wp\/v2\/media\/17720"}],"wp:attachment":[{"href":"https:\/\/oasisfm935.com.ar\/site\/wp-json\/wp\/v2\/media?parent=17719"}],"wp:term":[{"taxonomy":"category","embeddable":true,"href":"https:\/\/oasisfm935.com.ar\/site\/wp-json\/wp\/v2\/categories?post=17719"},{"taxonomy":"post_tag","embeddable":true,"href":"https:\/\/oasisfm935.com.ar\/site\/wp-json\/wp\/v2\/tags?post=17719"}],"curies":[{"name":"wp","href":"https:\/\/api.w.org\/{rel}","templated":true}]}}