{"id":17722,"date":"2025-06-13T09:25:21","date_gmt":"2025-06-13T12:25:21","guid":{"rendered":"https:\/\/oasisfm935.com.ar\/site\/?p=17722"},"modified":"2025-06-13T09:25:21","modified_gmt":"2025-06-13T12:25:21","slug":"se-presento-la-nueva-conduccion-de-la-unidad-basica-del-partido-justicialista-en-ingeniero-luiggi","status":"publish","type":"post","link":"https:\/\/oasisfm935.com.ar\/site\/se-presento-la-nueva-conduccion-de-la-unidad-basica-del-partido-justicialista-en-ingeniero-luiggi\/","title":{"rendered":"Se present\u00f3 la nueva conducci\u00f3n de la Unidad B\u00e1sica del Partido Justicialista en Ingeniero Luiggi"},"content":{"rendered":"<div>Este jueves por la noche se llev\u00f3 a cabo el acto de presentaci\u00f3n de las nuevas autoridades de la Unidad B\u00e1sica del Partido Justicialista de Ingeniero Luiggi, que conducir\u00e1n el espacio durante el per\u00edodo 2025\u20132029.<\/div>\n<div><\/div>\n<div>La presidencia estar\u00e1 a cargo de Rebeca Odetti, quien asume con el compromiso de consolidar un proyecto colectivo, abierto a la comunidad y con fuerte arraigo territorial. En sus palabras, destac\u00f3 la importancia de la militancia activa y el trabajo en unidad:<\/div>\n<div><\/div>\n<div>\u201cVamos a poner el cuerpo, el coraz\u00f3n y la militancia para construir un Luiggi m\u00e1s justo, m\u00e1s inclusivo y m\u00e1s solidario.\u201d<\/div>\n<div>\u201cEl acompa\u00f1amiento fortalece nuestro trabajo y nos alienta a seguir creciendo, unidos y organizados.\u201d<\/div>\n<div><\/div>\n<div>Odetti remarc\u00f3 adem\u00e1s que el nuevo equipo est\u00e1 formado por personas con diversidad de miradas, comprometidas con los valores hist\u00f3ricos del peronismo y con una fuerte vocaci\u00f3n de servicio:<\/div>\n<div><\/div>\n<div>\u201cQueremos un Luiggi con m\u00e1s justicia social, m\u00e1s oportunidades y m\u00e1s dignidad.\u201d<\/div>\n<div><\/div>\n<div>A continuaci\u00f3n, se detalla la lista completa de autoridades electas:<\/div>\n<div><\/div>\n<div>Presidenta: Rebeca Odetti<\/div>\n<div>Vicepresidente: Roberto Monge<\/div>\n<div><\/div>\n<div>Vocales Titulares:<\/div>\n<div>1.Miriam Susseret<\/div>\n<div>2.Hern\u00e1n Lorenzo<\/div>\n<div>3.Gladis Ghizzoni<\/div>\n<div>4.Oscar Bilbao<\/div>\n<div>5.Rosa Daje<\/div>\n<div>6.Joel Abratte<\/div>\n<div>7.Carla Calder\u00f3n<\/div>\n<div>8.Rub\u00e9n Vargas<\/div>\n<div>9.Carmen Hidalgo<\/div>\n<div>10.Juli\u00e1n Siero<\/div>\n<div>11.Marcela Lastre<\/div>\n<div><\/div>\n<div>Vocales Suplentes:<\/div>\n<div>1.Exequiel Palavecino<\/div>\n<div>2.Marta Doglioli<\/div>\n<div>3.Mauricio Mamani<\/div>\n<div>4.Rosa Rodr\u00edguez<\/div>\n<div>5.Claudio Acosta<\/div>\n<div>6.Mariana Arambarry<\/div>\n<div>7.Kevin Sosa<\/div>\n<div><\/div>\n<div>Congresales Titulares:<\/div>\n<div>1.Miguel Malmoris<\/div>\n<div>2.Constanza Mu\u00f1oz<\/div>\n<div>3.Rogelio Schanton<\/div>\n<div>4.Betina Doglioli<\/div>\n<div><\/div>\n<div>Congresales Suplentes:<\/div>\n<div>1.Lucas Gaggioli<\/div>\n<div>2.Silvana Morero<\/div>\n<div><\/div>\n<div>La jornada cerr\u00f3 con un fuerte llamado a la militancia, al trabajo en territorio y a la construcci\u00f3n colectiva de un proyecto que priorice los derechos, la inclusi\u00f3n y el bienestar de la comunidad luiggense.<\/div>\n<div><\/div>\n<div>Como dijo Evita: \u201cDonde hay una necesidad, nace un derecho.\u201d<\/div>\n<div class=\"oasis-despues-del-contenido\" id=\"oasis-845813571\"><img loading=\"lazy\" decoding=\"async\" src=\"https:\/\/oasisfm935.com.ar\/site\/wp-content\/uploads\/2020\/08\/47806202-8741-49f2-a5c9-d2f930e5baa1.jpg\" alt=\"\"  srcset=\"https:\/\/oasisfm935.com.ar\/site\/wp-content\/uploads\/2020\/08\/47806202-8741-49f2-a5c9-d2f930e5baa1.jpg 1080w, https:\/\/oasisfm935.com.ar\/site\/wp-content\/uploads\/2020\/08\/47806202-8741-49f2-a5c9-d2f930e5baa1-300x300.jpg 300w, https:\/\/oasisfm935.com.ar\/site\/wp-content\/uploads\/2020\/08\/47806202-8741-49f2-a5c9-d2f930e5baa1-1024x1024.jpg 1024w, https:\/\/oasisfm935.com.ar\/site\/wp-content\/uploads\/2020\/08\/47806202-8741-49f2-a5c9-d2f930e5baa1-150x150.jpg 150w, https:\/\/oasisfm935.com.ar\/site\/wp-content\/uploads\/2020\/08\/47806202-8741-49f2-a5c9-d2f930e5baa1-768x768.jpg 768w\" sizes=\"(max-width: 1080px) 100vw, 1080px\" class=\"no-lazyload\" width=\"1080\" height=\"1080\"  style=\"display: inline-block;\" \/><\/div>","protected":false},"excerpt":{"rendered":"<p>Este jueves por la noche se llev\u00f3 a cabo el acto de presentaci\u00f3n de las nuevas autoridades de la Unidad B\u00e1sica del<\/p>\n","protected":false},"author":4,"featured_media":17723,"comment_status":"closed","ping_status":"open","sticky":false,"template":"","format":"standard","meta":{"colormag_page_layout":"default_layout","footnotes":""},"categories":[2],"tags":[],"class_list":["post-17722","post","type-post","status-publish","format-standard","has-post-thumbnail","hentry","category-noticias"],"_links":{"self":[{"href":"https:\/\/oasisfm935.com.ar\/site\/wp-json\/wp\/v2\/posts\/17722","targetHints":{"allow":["GET"]}}],"collection":[{"href":"https:\/\/oasisfm935.com.ar\/site\/wp-json\/wp\/v2\/posts"}],"about":[{"href":"https:\/\/oasisfm935.com.ar\/site\/wp-json\/wp\/v2\/types\/post"}],"author":[{"embeddable":true,"href":"https:\/\/oasisfm935.com.ar\/site\/wp-json\/wp\/v2\/users\/4"}],"replies":[{"embeddable":true,"href":"https:\/\/oasisfm935.com.ar\/site\/wp-json\/wp\/v2\/comments?post=17722"}],"version-history":[{"count":1,"href":"https:\/\/oasisfm935.com.ar\/site\/wp-json\/wp\/v2\/posts\/17722\/revisions"}],"predecessor-version":[{"id":17724,"href":"https:\/\/oasisfm935.com.ar\/site\/wp-json\/wp\/v2\/posts\/17722\/revisions\/17724"}],"wp:featuredmedia":[{"embeddable":true,"href":"https:\/\/oasisfm935.com.ar\/site\/wp-json\/wp\/v2\/media\/17723"}],"wp:attachment":[{"href":"https:\/\/oasisfm935.com.ar\/site\/wp-json\/wp\/v2\/media?parent=17722"}],"wp:term":[{"taxonomy":"category","embeddable":true,"href":"https:\/\/oasisfm935.com.ar\/site\/wp-json\/wp\/v2\/categories?post=17722"},{"taxonomy":"post_tag","embeddable":true,"href":"https:\/\/oasisfm935.com.ar\/site\/wp-json\/wp\/v2\/tags?post=17722"}],"curies":[{"name":"wp","href":"https:\/\/api.w.org\/{rel}","templated":true}]}}