{"id":1778,"date":"2019-05-13T15:03:18","date_gmt":"2019-05-13T18:03:18","guid":{"rendered":"http:\/\/oasisfm935.com\/site\/?p=1778"},"modified":"2019-05-13T15:03:18","modified_gmt":"2019-05-13T18:03:18","slug":"nacion-anuncia-que-transfiere-fondos-para-cuatro-jardines","status":"publish","type":"post","link":"https:\/\/oasisfm935.com.ar\/site\/nacion-anuncia-que-transfiere-fondos-para-cuatro-jardines\/","title":{"rendered":"Naci\u00f3n anuncia que transfiere fondos para cuatro jardines"},"content":{"rendered":"<p>Garello y Finocchiaro firmaron el convenio en Casa Rosada. Son las obras que anunci\u00f3 Macri en Luiggi y que hab\u00edan quedado inconclusas.<\/p>\n<p>La ministra de Educaci\u00f3n de la provincia, Mar\u00eda Cristina Garello, firm\u00f3 un convenio con su para de Naci\u00f3n, Alejandro Finocchiaro, para la construcci\u00f3n de cuatro jardines de infantes en La Pampa.<\/p>\n<p>El anunci\u00f3 fue realizado por el Ministerio de Educaci\u00f3n de la Naci\u00f3n. Se trata de una promesa del presidente Mauricio Macri en su visita a Ingeniero Luiggi en 2016 que gener\u00f3 varios cruces y rispideces entre Provincia y Naci\u00f3n: los fondos iniciales se demoraron, las obras quedaron por la mitad y finalmente el gobernador Verna dijo que La Pampa se har\u00eda cargo.<\/p>\n<p>Ahora, la cartera nacional anuncia que los fondos que traspasar\u00e1 a la provincia suman $53.769.409,67. Adem\u00e1s, detallaron que estas obras generar\u00e1n 600 nuevas vacantes.<\/p>\n<p>Finocchiaro y Garello firmaron el acta de la transferencia en Casa Rosada. \u201cLa Naci\u00f3n, adem\u00e1s del financiamiento, se compromete a brindar el asesoramiento t\u00e9cnico para las obras y la provincia a gestionar las contrataciones necesarias para su finalizaci\u00f3n\u201d, anunciaron.<\/p>\n<p>\u201cLo importante es que tenemos la firme convicci\u00f3n de culminar las obras que empezamos, por eso la Naci\u00f3n garantiza la totalidad del financiamiento para la culminaci\u00f3n de estos cuatro jardines en La Pampa\u201d, declar\u00f3 el ministro Finocchiaro. \u201cEstamos traspasando las obras para utilizar el mismo procedimiento que con el resto de las obras educativas en la provincia, que cuentan con financiamiento nacional pero la ejecuci\u00f3n es provincial\u201d, agreg\u00f3.<\/p>\n<p><a href=\"http:\/\/oasisfm935.com\/site\/wp-content\/uploads\/2019\/01\/jardin-luiggi.jpg\"><img loading=\"lazy\" decoding=\"async\" class=\"alignnone size-full wp-image-352\" src=\"http:\/\/oasisfm935.com\/site\/wp-content\/uploads\/2019\/01\/jardin-luiggi.jpg\" alt=\"\" width=\"960\" height=\"720\" srcset=\"https:\/\/oasisfm935.com.ar\/site\/wp-content\/uploads\/2019\/01\/jardin-luiggi.jpg 960w, https:\/\/oasisfm935.com.ar\/site\/wp-content\/uploads\/2019\/01\/jardin-luiggi-300x225.jpg 300w, https:\/\/oasisfm935.com.ar\/site\/wp-content\/uploads\/2019\/01\/jardin-luiggi-768x576.jpg 768w, https:\/\/oasisfm935.com.ar\/site\/wp-content\/uploads\/2019\/01\/jardin-luiggi-678x509.jpg 678w, https:\/\/oasisfm935.com.ar\/site\/wp-content\/uploads\/2019\/01\/jardin-luiggi-326x245.jpg 326w, https:\/\/oasisfm935.com.ar\/site\/wp-content\/uploads\/2019\/01\/jardin-luiggi-80x60.jpg 80w\" sizes=\"auto, (max-width: 960px) 100vw, 960px\" \/><\/a><\/p>\n<p>Las obras ser\u00e1n ejecutadas por la Provincia y son: el jard\u00edn a crear ubicado en Santa Rosa; el jard\u00edn en la Escuela 104 de la localidad de Winifreda; el jard\u00edn a crear General Pico; y el jard\u00edn nucleado a la Escuela 76 de Ingeniero Luiggi.<\/p>\n<p>En el mismo informe, el Ministerio de Eduaci\u00f3n se\u00f1al\u00f3 que \u201cactualmente la Naci\u00f3n est\u00e1 invirtiendo $366.834.700 en 25 obras en la provincia de La Pampa\u201d. Esos n\u00fameros han sido discutidos por las autoridades provinciales.<\/p>\n<p>Desde Naci\u00f3n indicaron que \u201cestos cuatro jardines se suman a las 12 obras ya finalizadas y a las 9 que se encuentran en plena ejecuci\u00f3n\u201d y que se prev\u00e9 una matr\u00edcula para 3.808 estudiantes.<\/p>\n<div class=\"oasis-despues-del-contenido\" id=\"oasis-2205044928\"><img loading=\"lazy\" decoding=\"async\" src=\"https:\/\/oasisfm935.com.ar\/site\/wp-content\/uploads\/2020\/08\/47806202-8741-49f2-a5c9-d2f930e5baa1.jpg\" alt=\"\"  srcset=\"https:\/\/oasisfm935.com.ar\/site\/wp-content\/uploads\/2020\/08\/47806202-8741-49f2-a5c9-d2f930e5baa1.jpg 1080w, https:\/\/oasisfm935.com.ar\/site\/wp-content\/uploads\/2020\/08\/47806202-8741-49f2-a5c9-d2f930e5baa1-300x300.jpg 300w, https:\/\/oasisfm935.com.ar\/site\/wp-content\/uploads\/2020\/08\/47806202-8741-49f2-a5c9-d2f930e5baa1-1024x1024.jpg 1024w, https:\/\/oasisfm935.com.ar\/site\/wp-content\/uploads\/2020\/08\/47806202-8741-49f2-a5c9-d2f930e5baa1-150x150.jpg 150w, https:\/\/oasisfm935.com.ar\/site\/wp-content\/uploads\/2020\/08\/47806202-8741-49f2-a5c9-d2f930e5baa1-768x768.jpg 768w\" sizes=\"(max-width: 1080px) 100vw, 1080px\" class=\"no-lazyload\" width=\"1080\" height=\"1080\"  style=\"display: inline-block;\" \/><\/div>","protected":false},"excerpt":{"rendered":"<p>Garello y Finocchiaro firmaron el convenio en Casa Rosada. Son las obras que anunci\u00f3 Macri en Luiggi y que hab\u00edan quedado inconclusas.<\/p>\n","protected":false},"author":4,"featured_media":1779,"comment_status":"closed","ping_status":"open","sticky":false,"template":"","format":"standard","meta":{"colormag_page_layout":"default_layout","footnotes":""},"categories":[2],"tags":[],"class_list":["post-1778","post","type-post","status-publish","format-standard","has-post-thumbnail","hentry","category-noticias"],"_links":{"self":[{"href":"https:\/\/oasisfm935.com.ar\/site\/wp-json\/wp\/v2\/posts\/1778","targetHints":{"allow":["GET"]}}],"collection":[{"href":"https:\/\/oasisfm935.com.ar\/site\/wp-json\/wp\/v2\/posts"}],"about":[{"href":"https:\/\/oasisfm935.com.ar\/site\/wp-json\/wp\/v2\/types\/post"}],"author":[{"embeddable":true,"href":"https:\/\/oasisfm935.com.ar\/site\/wp-json\/wp\/v2\/users\/4"}],"replies":[{"embeddable":true,"href":"https:\/\/oasisfm935.com.ar\/site\/wp-json\/wp\/v2\/comments?post=1778"}],"version-history":[{"count":1,"href":"https:\/\/oasisfm935.com.ar\/site\/wp-json\/wp\/v2\/posts\/1778\/revisions"}],"predecessor-version":[{"id":1780,"href":"https:\/\/oasisfm935.com.ar\/site\/wp-json\/wp\/v2\/posts\/1778\/revisions\/1780"}],"wp:featuredmedia":[{"embeddable":true,"href":"https:\/\/oasisfm935.com.ar\/site\/wp-json\/wp\/v2\/media\/1779"}],"wp:attachment":[{"href":"https:\/\/oasisfm935.com.ar\/site\/wp-json\/wp\/v2\/media?parent=1778"}],"wp:term":[{"taxonomy":"category","embeddable":true,"href":"https:\/\/oasisfm935.com.ar\/site\/wp-json\/wp\/v2\/categories?post=1778"},{"taxonomy":"post_tag","embeddable":true,"href":"https:\/\/oasisfm935.com.ar\/site\/wp-json\/wp\/v2\/tags?post=1778"}],"curies":[{"name":"wp","href":"https:\/\/api.w.org\/{rel}","templated":true}]}}