{"id":17946,"date":"2026-04-30T19:05:07","date_gmt":"2026-04-30T22:05:07","guid":{"rendered":"https:\/\/oasisfm935.com.ar\/site\/?p=17946"},"modified":"2026-04-30T19:05:07","modified_gmt":"2026-04-30T22:05:07","slug":"la-cooperativa-el-progreso-lanza-un-nuevo-servicio-de-limpieza-y-mantenimiento-en-ingeniero-luiggi","status":"publish","type":"post","link":"https:\/\/oasisfm935.com.ar\/site\/la-cooperativa-el-progreso-lanza-un-nuevo-servicio-de-limpieza-y-mantenimiento-en-ingeniero-luiggi\/","title":{"rendered":"La Cooperativa El Progreso lanza un nuevo servicio de limpieza y mantenimiento en Ingeniero Luiggi"},"content":{"rendered":"<p>&nbsp;<\/p>\n<p>La Cooperativa de Trabajo El Progreso present\u00f3 oficialmente un nuevo servicio destinado a la comunidad, ampliando as\u00ed sus actividades m\u00e1s all\u00e1 del reciclado. Se trata de una propuesta integral de limpieza, mantenimiento y desinfecci\u00f3n, orientada tanto a instituciones como a particulares.<\/p>\n<p>El anuncio se realiz\u00f3 en FM Oasis, donde integrantes de la cooperativa explicaron que esta nueva iniciativa cuenta con la autorizaci\u00f3n de la Subsecretar\u00eda de Cooperativas y el INAES, y surge como parte de un proceso de crecimiento y diversificaci\u00f3n.<\/p>\n<p>El servicio incluye limpieza de locales comerciales, oficinas, instituciones, terrenos y predios, adem\u00e1s de tareas como corte de pasto, mantenimiento general y desinfecci\u00f3n. Los trabajos podr\u00e1n contratarse de manera puntual o peri\u00f3dica, ya sea semanal, mensual o seg\u00fan la necesidad de cada cliente.<\/p>\n<p>Desde la cooperativa destacaron que el personal est\u00e1 capacitado, cuenta con seguro y trabaja bajo un esquema formal que incluye presupuesto previo, ejecuci\u00f3n del servicio y facturaci\u00f3n correspondiente. Adem\u00e1s, se\u00f1alaron que ya disponen de las herramientas necesarias para comenzar a trabajar de inmediato.<\/p>\n<p>Quienes est\u00e9n interesados pueden comunicarse para solicitar informaci\u00f3n o presupuestos personalizados. El contacto se realiza al tel\u00e9fono 2335-4780-65 o al correo electr\u00f3nico cooperativadetrabajoreciclados@gmail.com.<\/p>\n<p>En cuanto al futuro, adelantaron que, si la demanda crece, se evaluar\u00e1 la incorporaci\u00f3n de nuevos trabajadores, generando as\u00ed m\u00e1s oportunidades laborales en la localidad.<\/p>\n<p>Con esta propuesta, la Cooperativa El Progreso busca seguir fortaleciendo su v\u00ednculo con la comunidad y brindar soluciones concretas, apostando al trabajo organizado y al desarrollo local.<\/p>\n<p>&nbsp;<\/p>\n<div class=\"oasis-despues-del-contenido\" id=\"oasis-1748900181\"><img loading=\"lazy\" decoding=\"async\" src=\"https:\/\/oasisfm935.com.ar\/site\/wp-content\/uploads\/2020\/08\/47806202-8741-49f2-a5c9-d2f930e5baa1.jpg\" alt=\"\"  srcset=\"https:\/\/oasisfm935.com.ar\/site\/wp-content\/uploads\/2020\/08\/47806202-8741-49f2-a5c9-d2f930e5baa1.jpg 1080w, https:\/\/oasisfm935.com.ar\/site\/wp-content\/uploads\/2020\/08\/47806202-8741-49f2-a5c9-d2f930e5baa1-300x300.jpg 300w, https:\/\/oasisfm935.com.ar\/site\/wp-content\/uploads\/2020\/08\/47806202-8741-49f2-a5c9-d2f930e5baa1-1024x1024.jpg 1024w, https:\/\/oasisfm935.com.ar\/site\/wp-content\/uploads\/2020\/08\/47806202-8741-49f2-a5c9-d2f930e5baa1-150x150.jpg 150w, https:\/\/oasisfm935.com.ar\/site\/wp-content\/uploads\/2020\/08\/47806202-8741-49f2-a5c9-d2f930e5baa1-768x768.jpg 768w\" sizes=\"(max-width: 1080px) 100vw, 1080px\" class=\"no-lazyload\" width=\"1080\" height=\"1080\"  style=\"display: inline-block;\" \/><\/div>","protected":false},"excerpt":{"rendered":"<p>&nbsp; La Cooperativa de Trabajo El Progreso present\u00f3 oficialmente un nuevo servicio destinado a la comunidad, ampliando as\u00ed sus actividades m\u00e1s all\u00e1<\/p>\n","protected":false},"author":4,"featured_media":17947,"comment_status":"closed","ping_status":"open","sticky":false,"template":"","format":"standard","meta":{"colormag_page_layout":"default_layout","footnotes":""},"categories":[2],"tags":[],"class_list":["post-17946","post","type-post","status-publish","format-standard","has-post-thumbnail","hentry","category-noticias"],"_links":{"self":[{"href":"https:\/\/oasisfm935.com.ar\/site\/wp-json\/wp\/v2\/posts\/17946","targetHints":{"allow":["GET"]}}],"collection":[{"href":"https:\/\/oasisfm935.com.ar\/site\/wp-json\/wp\/v2\/posts"}],"about":[{"href":"https:\/\/oasisfm935.com.ar\/site\/wp-json\/wp\/v2\/types\/post"}],"author":[{"embeddable":true,"href":"https:\/\/oasisfm935.com.ar\/site\/wp-json\/wp\/v2\/users\/4"}],"replies":[{"embeddable":true,"href":"https:\/\/oasisfm935.com.ar\/site\/wp-json\/wp\/v2\/comments?post=17946"}],"version-history":[{"count":1,"href":"https:\/\/oasisfm935.com.ar\/site\/wp-json\/wp\/v2\/posts\/17946\/revisions"}],"predecessor-version":[{"id":17948,"href":"https:\/\/oasisfm935.com.ar\/site\/wp-json\/wp\/v2\/posts\/17946\/revisions\/17948"}],"wp:featuredmedia":[{"embeddable":true,"href":"https:\/\/oasisfm935.com.ar\/site\/wp-json\/wp\/v2\/media\/17947"}],"wp:attachment":[{"href":"https:\/\/oasisfm935.com.ar\/site\/wp-json\/wp\/v2\/media?parent=17946"}],"wp:term":[{"taxonomy":"category","embeddable":true,"href":"https:\/\/oasisfm935.com.ar\/site\/wp-json\/wp\/v2\/categories?post=17946"},{"taxonomy":"post_tag","embeddable":true,"href":"https:\/\/oasisfm935.com.ar\/site\/wp-json\/wp\/v2\/tags?post=17946"}],"curies":[{"name":"wp","href":"https:\/\/api.w.org\/{rel}","templated":true}]}}